{"id":1001,"date":"2025-02-22T08:28:19","date_gmt":"2025-02-22T08:28:19","guid":{"rendered":"https:\/\/www.ljusnaren.se\/?p=1001"},"modified":"2025-04-27T18:45:26","modified_gmt":"2025-04-27T18:45:26","slug":"1837-05-04","status":"publish","type":"post","link":"https:\/\/www.ljusnaren.se\/index.php\/2025\/02\/22\/1837-05-04\/","title":{"rendered":"1837-05-04"},"content":{"rendered":"\n<h3 class=\"wp-block-heading\">Protokoll h\u00e5llet vid allm\u00e4n sockenst\u00e4mma med Ljusnarsbergs f\u00f6rsamling den 4:e maj 1837<\/h3>\n\n\n\n<p><em>\u00a71. Valdes till revisorer av kyrkans, de fattigas, skolfondens, bokkassans \u00e5 lasarettets r\u00e4kenskaper: Herr brukspatron J.F Lundbom vid L\u00f6fn\u00e4s, herr inspektor A. Magnusson vid Stj\u00e4rnfors och n\u00e4mndemannen Erik Persson vid Wiken.<\/em><\/p>\n\n\n\n<p><em>\u00a72. Beviljades f\u00f6rsamlingen \u00e5t Olof Olsson vid Lilla Abborrtj\u00e4rn 1\/4 tunna r\u00e5g \u00e5 1\/2 tunna korn samt \u00e5t Anders Berggren vid Finnhytta 1\/8 tunna r\u00e5g och 1\/2 tunna korn till hj\u00e4lp under deras sjukliga och fattiga tillst\u00e5nd, av fattigkassan.<\/em><\/p>\n\n\n\n<p><em>\u00a73. Besl\u00f6ts att nu of\u00e4rdiga Lisa Lacke skulle av byggnadskassan av Johan Adler f\u00f6r billigaste pris inackorderas hos n\u00e5gon till dess hon \u00e5tervunnit sin h\u00e4lsa, betalas av byggnadskassan.<\/em><\/p>\n\n\n\n<p><em>\u00a74. Uppl\u00e4stes och underskrevs 1836 \u00e5rs avkortningsl\u00e4ngder.<\/em><\/p>\n\n\n\n<p><em>Uppl\u00e4st och justerat intyga \u00e5 f\u00f6rsamlingens v\u00e4gar<br>Gust. Godenius<br>Pastor, Ordf\u00f6rande<\/em><\/p>\n\n\n\n<p><em>Eric Jansson vid Dunderbo<br>(..) Bengtsson, Skarpt\u00e4kt<\/em><\/p>\n\n\n\n<p><\/p>\n","protected":false},"excerpt":{"rendered":"<p>Of\u00e4rdiga Lisa Lacke beh\u00f6ver inackorderas till billigaste pris tills hon \u00e5tervunnit h\u00e4lsan och byggnadskass\u00f6ren Johan Adler uppdras ombes\u00f6rja fr\u00e5gan..<\/p>\n","protected":false},"author":1,"featured_media":851,"comment_status":"closed","ping_status":"closed","sticky":false,"template":"","format":"standard","meta":{"footnotes":""},"categories":[267,21],"tags":[270,271],"class_list":["post-1001","post","type-post","status-publish","format-standard","has-post-thumbnail","hentry","category-267","category-sockenstammoprotokoll","tag-inackordering","tag-lilla-abborrtjarn"],"_links":{"self":[{"href":"https:\/\/www.ljusnaren.se\/index.php\/wp-json\/wp\/v2\/posts\/1001","targetHints":{"allow":["GET"]}}],"collection":[{"href":"https:\/\/www.ljusnaren.se\/index.php\/wp-json\/wp\/v2\/posts"}],"about":[{"href":"https:\/\/www.ljusnaren.se\/index.php\/wp-json\/wp\/v2\/types\/post"}],"author":[{"embeddable":true,"href":"https:\/\/www.ljusnaren.se\/index.php\/wp-json\/wp\/v2\/users\/1"}],"replies":[{"embeddable":true,"href":"https:\/\/www.ljusnaren.se\/index.php\/wp-json\/wp\/v2\/comments?post=1001"}],"version-history":[{"count":3,"href":"https:\/\/www.ljusnaren.se\/index.php\/wp-json\/wp\/v2\/posts\/1001\/revisions"}],"predecessor-version":[{"id":1004,"href":"https:\/\/www.ljusnaren.se\/index.php\/wp-json\/wp\/v2\/posts\/1001\/revisions\/1004"}],"wp:featuredmedia":[{"embeddable":true,"href":"https:\/\/www.ljusnaren.se\/index.php\/wp-json\/wp\/v2\/media\/851"}],"wp:attachment":[{"href":"https:\/\/www.ljusnaren.se\/index.php\/wp-json\/wp\/v2\/media?parent=1001"}],"wp:term":[{"taxonomy":"category","embeddable":true,"href":"https:\/\/www.ljusnaren.se\/index.php\/wp-json\/wp\/v2\/categories?post=1001"},{"taxonomy":"post_tag","embeddable":true,"href":"https:\/\/www.ljusnaren.se\/index.php\/wp-json\/wp\/v2\/tags?post=1001"}],"curies":[{"name":"wp","href":"https:\/\/api.w.org\/{rel}","templated":true}]}}