{"id":1015,"date":"2025-02-22T09:55:24","date_gmt":"2025-02-22T09:55:24","guid":{"rendered":"https:\/\/www.ljusnaren.se\/?p=1015"},"modified":"2025-04-27T18:45:26","modified_gmt":"2025-04-27T18:45:26","slug":"1837-07-30","status":"publish","type":"post","link":"https:\/\/www.ljusnaren.se\/index.php\/2025\/02\/22\/1837-07-30\/","title":{"rendered":"1837-07-30"},"content":{"rendered":"\n<h3 class=\"wp-block-heading\">Protokoll h\u00e5llet \u00e5 allm\u00e4n sockenst\u00e4mma med Ljusnarsbergs f\u00f6rsamling den 30 juli 1837<\/h3>\n\n\n\n<p><em>\u00a71. Beviljades att betala av fattigkassan en halv tunna r\u00e5g och \u00e5lderstigna och fattiga Jan Anderssons \u00e4nka vid Silverhyttan och skulle s\u00e4ngliggandes Olof Olsson vid Lilla Abborrtj\u00e4rn f\u00e5 en \u00e5ttondels tunna r\u00e5g var tredje vecka s\u00e5 l\u00e4nge hans sjukliga tillst\u00e5nd fortfor.<\/em><\/p>\n\n\n\n<p><em>S\u00e5lunda \u00f6verenskommet och beslutat intyga p\u00e5 f\u00f6rsamlingens v\u00e4gnar<\/em><\/p>\n\n\n\n<p><em>Gust. Godenius<br>Past. Ordf\u00f6r:<br>(\u2026)<\/em><\/p>\n\n\n\n<p><\/p>\n","protected":false},"excerpt":{"rendered":"<p>Denna g\u00e5ng Jan Anderssons \u00e4nka i Silverhyttan och Olof Olsson i Lilla Abborrtj\u00e4rn i behov av underst\u00f6d<\/p>\n","protected":false},"author":1,"featured_media":834,"comment_status":"closed","ping_status":"closed","sticky":false,"template":"","format":"standard","meta":{"footnotes":""},"categories":[21],"tags":[],"class_list":["post-1015","post","type-post","status-publish","format-standard","has-post-thumbnail","hentry","category-sockenstammoprotokoll"],"_links":{"self":[{"href":"https:\/\/www.ljusnaren.se\/index.php\/wp-json\/wp\/v2\/posts\/1015","targetHints":{"allow":["GET"]}}],"collection":[{"href":"https:\/\/www.ljusnaren.se\/index.php\/wp-json\/wp\/v2\/posts"}],"about":[{"href":"https:\/\/www.ljusnaren.se\/index.php\/wp-json\/wp\/v2\/types\/post"}],"author":[{"embeddable":true,"href":"https:\/\/www.ljusnaren.se\/index.php\/wp-json\/wp\/v2\/users\/1"}],"replies":[{"embeddable":true,"href":"https:\/\/www.ljusnaren.se\/index.php\/wp-json\/wp\/v2\/comments?post=1015"}],"version-history":[{"count":2,"href":"https:\/\/www.ljusnaren.se\/index.php\/wp-json\/wp\/v2\/posts\/1015\/revisions"}],"predecessor-version":[{"id":1017,"href":"https:\/\/www.ljusnaren.se\/index.php\/wp-json\/wp\/v2\/posts\/1015\/revisions\/1017"}],"wp:featuredmedia":[{"embeddable":true,"href":"https:\/\/www.ljusnaren.se\/index.php\/wp-json\/wp\/v2\/media\/834"}],"wp:attachment":[{"href":"https:\/\/www.ljusnaren.se\/index.php\/wp-json\/wp\/v2\/media?parent=1015"}],"wp:term":[{"taxonomy":"category","embeddable":true,"href":"https:\/\/www.ljusnaren.se\/index.php\/wp-json\/wp\/v2\/categories?post=1015"},{"taxonomy":"post_tag","embeddable":true,"href":"https:\/\/www.ljusnaren.se\/index.php\/wp-json\/wp\/v2\/tags?post=1015"}],"curies":[{"name":"wp","href":"https:\/\/api.w.org\/{rel}","templated":true}]}}