{"id":1049,"date":"2025-02-23T12:18:12","date_gmt":"2025-02-23T12:18:12","guid":{"rendered":"https:\/\/www.ljusnaren.se\/?p=1049"},"modified":"2025-04-27T18:45:12","modified_gmt":"2025-04-27T18:45:12","slug":"1838-08-05","status":"publish","type":"post","link":"https:\/\/www.ljusnaren.se\/index.php\/2025\/02\/23\/1838-08-05\/","title":{"rendered":"1838-08-05"},"content":{"rendered":"\n<h3 class=\"wp-block-heading\">Protokoll h\u00e5llet vid allm\u00e4n sockenst\u00e4mma vid Ljusnarsbergs f\u00f6rsamling den 5 augusti 1838<\/h3>\n\n\n\n<p><em>\u00a71. I anledning av ankommen skrivelse ifr\u00e5n herr kronofogden E. G Hasselstr\u00f6m vore f\u00f6rsamlingens ledam\u00f6ter inkallade f\u00f6r att avl\u00e4mna en best\u00e4md underr\u00e4ttelse om detta \u00e5rets sk\u00f6rd, s\u00e4rskilt f\u00f6r s\u00e4des- potatis- och foderv\u00e4xterna och f\u00f6rklarades enh\u00e4lligt att n\u00e5got best\u00e4mt h\u00e4rom icke kunde f\u00f6r n\u00e4rvarande yttras, d\u00e5 h\u00f6b\u00e4rgningen nyss b\u00f6rjat, r\u00e5gen \u00e4nnu icke \u00e4r mogen samt kort och havre endast f\u00f6r 14 dagar sedan g\u00e5tt i ax. Men efter allt avseende lova s\u00e5 v\u00e4l s\u00e4desv\u00e4xterna som potatis en god sk\u00f6rd, om den utan frost och annars oskadd f\u00e5 inb\u00e4rgas. H\u00f6f\u00e5ngsten \u00e4r dock i allm\u00e4nhet b\u00e4ttre \u00e4n f\u00f6rra \u00e5ret.<\/em><\/p>\n\n\n\n<p><em>Uppl\u00e4st och justerat betygas p\u00e5 f\u00f6rsamlingens v\u00e4gnar<\/em><\/p>\n\n\n\n<p><em>Gust. Godenius<br>Ordf: Pastor<\/em><\/p>\n\n\n\n<p><\/p>\n","protected":false},"excerpt":{"rendered":"<p>Kronofogden hoppas p\u00e5 st\u00e4mmans yttrande om huruvida sk\u00f6rden kommer falla ut detta \u00e5r&#8230;.<\/p>\n","protected":false},"author":1,"featured_media":1051,"comment_status":"closed","ping_status":"closed","sticky":false,"template":"","format":"standard","meta":{"footnotes":""},"categories":[278,21],"tags":[283,284,78,282],"class_list":["post-1049","post","type-post","status-publish","format-standard","has-post-thumbnail","hentry","category-278","category-sockenstammoprotokoll","tag-kronofogden","tag-potatis","tag-rag","tag-skord"],"_links":{"self":[{"href":"https:\/\/www.ljusnaren.se\/index.php\/wp-json\/wp\/v2\/posts\/1049","targetHints":{"allow":["GET"]}}],"collection":[{"href":"https:\/\/www.ljusnaren.se\/index.php\/wp-json\/wp\/v2\/posts"}],"about":[{"href":"https:\/\/www.ljusnaren.se\/index.php\/wp-json\/wp\/v2\/types\/post"}],"author":[{"embeddable":true,"href":"https:\/\/www.ljusnaren.se\/index.php\/wp-json\/wp\/v2\/users\/1"}],"replies":[{"embeddable":true,"href":"https:\/\/www.ljusnaren.se\/index.php\/wp-json\/wp\/v2\/comments?post=1049"}],"version-history":[{"count":2,"href":"https:\/\/www.ljusnaren.se\/index.php\/wp-json\/wp\/v2\/posts\/1049\/revisions"}],"predecessor-version":[{"id":1052,"href":"https:\/\/www.ljusnaren.se\/index.php\/wp-json\/wp\/v2\/posts\/1049\/revisions\/1052"}],"wp:featuredmedia":[{"embeddable":true,"href":"https:\/\/www.ljusnaren.se\/index.php\/wp-json\/wp\/v2\/media\/1051"}],"wp:attachment":[{"href":"https:\/\/www.ljusnaren.se\/index.php\/wp-json\/wp\/v2\/media?parent=1049"}],"wp:term":[{"taxonomy":"category","embeddable":true,"href":"https:\/\/www.ljusnaren.se\/index.php\/wp-json\/wp\/v2\/categories?post=1049"},{"taxonomy":"post_tag","embeddable":true,"href":"https:\/\/www.ljusnaren.se\/index.php\/wp-json\/wp\/v2\/tags?post=1049"}],"curies":[{"name":"wp","href":"https:\/\/api.w.org\/{rel}","templated":true}]}}