{"id":1066,"date":"2025-02-23T14:43:51","date_gmt":"2025-02-23T14:43:51","guid":{"rendered":"https:\/\/www.ljusnaren.se\/?p=1066"},"modified":"2025-04-27T18:45:12","modified_gmt":"2025-04-27T18:45:12","slug":"1839-01-06","status":"publish","type":"post","link":"https:\/\/www.ljusnaren.se\/index.php\/2025\/02\/23\/1839-01-06\/","title":{"rendered":"1839-01-06"},"content":{"rendered":"\n<h3 class=\"wp-block-heading\">\u00c5r 1839 den 6 januari h\u00f6lls allm\u00e4n sockenst\u00e4mma med Ljusnarsbergs f\u00f6rsamling efter f\u00f6rut skedd laglig p\u00e5lysning med tillk\u00e4nnagivande av \u00e4mnena f\u00f6r \u00f6verl\u00e4ggningarna.<\/h3>\n\n\n\n<p><em>\u00a71. Undertecknad tillk\u00e4nnagav att herr kronol\u00e4nsmannen N. Floding enligt kronofogden, (\u2026) l\u00e5tit idag till allm\u00e4nn sockenst\u00e4mma kalla sockenm\u00e4nnen uti denna f\u00f6rsamlingen f\u00f6r att ge dess uti besv\u00e4ren \u00f6ver den beslutna skolhusbyggnaden, icke deltagande ledam\u00f6ter av de klagandes besv\u00e4rsskrift, f\u00f6r att svarom\u00e5l d\u00e4rp\u00e5 uppge. Sedan s\u00e5v\u00e4l denna skrit som pastor herr kyrkoherden G. Godenius svarom\u00e5l d\u00e4rp\u00e5, blivit uppl\u00e4sta, uts\u00e5gs f\u00f6ljande att hos H\u00f6ga landsh\u00f6vdinge\u00e4mbetet i \u00d6rebro p\u00e5 de \u00f6vrigas v\u00e4gnar avge f\u00f6rklaring \u00f6ver n\u00e4mnda besv\u00e4rsskrift neml: Herr patron N.G Lundbom p\u00e5 L\u00f6fn\u00e4s, herr inspektor J.G Lundqvist vis Stj\u00e4rnfors samt h\u00e4radsdomaren och sexmannen Johan Adler p\u00e5 Kyrkbacken. Besv\u00e4rshandlingarna blev d\u00e4refter till herr patron Lundbom avl\u00e4mnade.<\/em><\/p>\n\n\n\n<p><em>Efter uppl\u00e4sandet av pastors svar p\u00e5 besv\u00e4rsskriften gjorde herr inspektor Magnusson vid Stj\u00e4rnfors f\u00f6ljande erinran vilken han ock beg\u00e4rde m\u00e4tte ha i protokollet intagen neml; det att hans principal herr brukspatron Cederborgh ingalunda var emot pluraliteten av f\u00f6rsamlingens (\u2026) att rum f\u00f6r skolan kunde beredas i n\u00e5gon av de f\u00f6rut h\u00e4rst\u00e4des befintliga allm\u00e4nna byggnader och s\u00e5ledes kostnaden av ett nytt skolhus undvikas.<\/em><\/p>\n\n\n\n<p><em>\u00a72. Tillspordes f\u00f6rsamlingens ledam\u00f6ter om de ville till l\u00e4nslasarettet ins\u00e4nda och d\u00e4r underh\u00e5lla Per Svenssons fr\u00e5n \u00d6rtj\u00e4rn vansinniga son Jan. H\u00e4r\u00e5 gavs det svar att som Per Svensson (..) hemmans\u00e4garen och inbrukare i H\u00f6rks hytta borde han sj\u00e4lv \u00e4ga medel att underh\u00e5lla sin son p\u00e5 lasarettet, varf\u00f6r f\u00f6rsamlingen f\u00f6r denna g\u00e5ng bestred allt deltagande d\u00e4ruti. Men skulle hans olyckliga son icke d\u00e4r efter f\u00f6rsta kuren bli botad, ville sockenm\u00e4nnen icke undandra sig att sedermera till hans underh\u00e5ll \u00e5 lasaretttet eller hospital, efter behov bidra.<\/em><\/p>\n\n\n\n<p><em>S\u00e5lunda \u00f6verenskommet och, beslutat samt uppl\u00e4st och justerat intyga p\u00e5 f\u00f6rsamlingens v\u00e4gnar<\/em><\/p>\n\n\n\n<p><em>J.P Strandell.<br>Komminster och ordf\u00f6rande under pastors fr\u00e5nvaro<\/em><\/p>\n\n\n\n<p><\/p>\n","protected":false},"excerpt":{"rendered":"<p>Striden om skolhusets vara g\u00e5r vidare och Godenius st\u00e5r i mitten mellan bergsm\u00e4nnen och hemmans\u00e4garen&#8230;<\/p>\n","protected":false},"author":1,"featured_media":834,"comment_status":"closed","ping_status":"closed","sticky":false,"template":"","format":"standard","meta":{"footnotes":""},"categories":[279,24,59,21],"tags":[91,61,268,57],"class_list":["post-1066","post","type-post","status-publish","format-standard","has-post-thumbnail","hentry","category-279","category-sjukdom","category-skola","category-sockenstammoprotokoll","tag-orebro-lasarett","tag-skola","tag-skolhus","tag-vansinne"],"_links":{"self":[{"href":"https:\/\/www.ljusnaren.se\/index.php\/wp-json\/wp\/v2\/posts\/1066","targetHints":{"allow":["GET"]}}],"collection":[{"href":"https:\/\/www.ljusnaren.se\/index.php\/wp-json\/wp\/v2\/posts"}],"about":[{"href":"https:\/\/www.ljusnaren.se\/index.php\/wp-json\/wp\/v2\/types\/post"}],"author":[{"embeddable":true,"href":"https:\/\/www.ljusnaren.se\/index.php\/wp-json\/wp\/v2\/users\/1"}],"replies":[{"embeddable":true,"href":"https:\/\/www.ljusnaren.se\/index.php\/wp-json\/wp\/v2\/comments?post=1066"}],"version-history":[{"count":2,"href":"https:\/\/www.ljusnaren.se\/index.php\/wp-json\/wp\/v2\/posts\/1066\/revisions"}],"predecessor-version":[{"id":1073,"href":"https:\/\/www.ljusnaren.se\/index.php\/wp-json\/wp\/v2\/posts\/1066\/revisions\/1073"}],"wp:featuredmedia":[{"embeddable":true,"href":"https:\/\/www.ljusnaren.se\/index.php\/wp-json\/wp\/v2\/media\/834"}],"wp:attachment":[{"href":"https:\/\/www.ljusnaren.se\/index.php\/wp-json\/wp\/v2\/media?parent=1066"}],"wp:term":[{"taxonomy":"category","embeddable":true,"href":"https:\/\/www.ljusnaren.se\/index.php\/wp-json\/wp\/v2\/categories?post=1066"},{"taxonomy":"post_tag","embeddable":true,"href":"https:\/\/www.ljusnaren.se\/index.php\/wp-json\/wp\/v2\/tags?post=1066"}],"curies":[{"name":"wp","href":"https:\/\/api.w.org\/{rel}","templated":true}]}}