{"id":1085,"date":"2025-02-23T16:38:46","date_gmt":"2025-02-23T16:38:46","guid":{"rendered":"https:\/\/www.ljusnaren.se\/?p=1085"},"modified":"2025-04-27T18:45:11","modified_gmt":"2025-04-27T18:45:11","slug":"1839-05-05","status":"publish","type":"post","link":"https:\/\/www.ljusnaren.se\/index.php\/2025\/02\/23\/1839-05-05\/","title":{"rendered":"1839-05-05"},"content":{"rendered":"\n<h3 class=\"wp-block-heading\">Protokoll h\u00e5llet \u00e5 allm\u00e4n sockenst\u00e4mma med Ljusnarsbergs f\u00f6rsamling den5:e maj 1839<\/h3>\n\n\n\n<p><em>\u00a71. F\u00f6redrogs ett f\u00f6rslag av fattigv\u00e5rdsledam\u00f6terna att rotevis f\u00f6rs\u00f6rja de fattiga inom denna f\u00f6rsamling, vilka icke f\u00f6r detta \u00e5r erh\u00e5lligt fattiganslag. F\u00f6rsamlingen som befarade att en rubbning av den antagna fattigv\u00e5rden kunde genom n\u00e5gra fattigas indelning p\u00e5 rotar uppkomma, ans\u00e5g detta f\u00f6rslag b\u00f6r f\u00f6r n\u00e4rvarande f\u00f6rfalla.<\/em><\/p>\n\n\n\n<p><em>\u00a72. Skoll\u00e4raren A.G Andersson hade denna dag uppsagt sina tvenne vid denna f\u00f6rsamlinge innehavda befattningar, s\u00e5som landcasterl\u00e4rare och f\u00f6rest\u00e5ndare f\u00f6r sockenapoteket. Undertecknad (.. , \u2026) dels den nya kyrkoherden (\u2026) ankomma och herr Andersson vidtalas att till dess beh\u00e5lla sina befattningar vartill och f\u00f6rsamlingen l\u00e4mnade sitt bifall.<\/em><\/p>\n\n\n\n<p><em>\u00a73. Vestbergs \u00e4nka fr\u00e5n Stora Ufberg hade genom blivit s\u00e5 illa f\u00f6rlamad att hon n\u00e4stan som ett of\u00f6rm\u00f6get barn m\u00e5ste sk\u00f6tas och uppassas. F\u00f6rsamlingen besl\u00f6t att hon genom fattigf\u00f6rest\u00e5ndarens f\u00f6rsorg, skulle hos n\u00e5gon, helst hos sin syster i H\u00e4llefors, inackorderas mot ett arvode av 5 Rd Rgs kontant och 1\/4 tunna r\u00e5g i m\u00e5naden.<\/em><\/p>\n\n\n\n<p><em>\u00a74. \u00c5t nedan skrivna personer beviljades h\u00e4r nedan (\u2026) underst\u00f6d:<\/em><\/p>\n\n\n\n<p><em>Gruvdr\u00e4ngen Anders Ersson fr\u00e5n Penningberg 1\/4 tunna r\u00e5g<br>Jan Erssons \u00e4nka Maria Ersdr fr\u00e5n Kattn\u00e4ste 1\/8 tunna r\u00e5g<br>Jan Andersson i Finnfall f\u00f6r sin flicka 1 \u00e5r gamla dotter, likv\u00e4l med f\u00f6rbeh\u00e5ll att beg\u00e4ran om underst\u00f6d f\u00f6r denne ej f\u00f6rnyas 1\/8 tunna r\u00e5g<br>Land(..) Anders Janssons \u00e4nka fr\u00e5n Lomberget 1\/8 tunna r\u00e5g<\/em><\/p>\n\n\n\n<p><em>\u00a75. Till sockenfullm\u00e4ktige som skulle \u00e5tf\u00f6lja detta \u00e5rets bev\u00e4ringsynglingarna till m\u00f6nstring i Linde valdes Anders Andersson i Bj\u00f6rk\u00e4ng.<\/em><\/p>\n\n\n\n<p><em>\u00a76. Lb Anders Janssons fr\u00e5n Gustafsdahl vansinniga dotter Maja Cajsa skulle avf\u00f6ras till \u00d6rebro lasarett f\u00f6r att underg\u00e5 d\u00e5rkur.<\/em><\/p>\n\n\n\n<p><em>S\u00e5lunda \u00f6verenskommet och beslutat intyga p\u00e5 f\u00f6rsamlingens v\u00e4gnar<br>J.P Strandell<br>Komminister och v. pastor<br>A. Magnusson<br>Eric Persson<\/em><\/p>\n","protected":false},"excerpt":{"rendered":"<p>Landcasterl\u00e4raren A.G Andersson s\u00e4ger upp sig fr\u00e5n sina tv\u00e5 tj\u00e4nster och ny beh\u00f6ver rekryteras. <\/p>\n","protected":false},"author":1,"featured_media":350,"comment_status":"closed","ping_status":"closed","sticky":false,"template":"","format":"standard","meta":{"footnotes":""},"categories":[279,59,21],"tags":[290,220],"class_list":["post-1085","post","type-post","status-publish","format-standard","has-post-thumbnail","hentry","category-279","category-skola","category-sockenstammoprotokoll","tag-monstring","tag-skollarare"],"_links":{"self":[{"href":"https:\/\/www.ljusnaren.se\/index.php\/wp-json\/wp\/v2\/posts\/1085","targetHints":{"allow":["GET"]}}],"collection":[{"href":"https:\/\/www.ljusnaren.se\/index.php\/wp-json\/wp\/v2\/posts"}],"about":[{"href":"https:\/\/www.ljusnaren.se\/index.php\/wp-json\/wp\/v2\/types\/post"}],"author":[{"embeddable":true,"href":"https:\/\/www.ljusnaren.se\/index.php\/wp-json\/wp\/v2\/users\/1"}],"replies":[{"embeddable":true,"href":"https:\/\/www.ljusnaren.se\/index.php\/wp-json\/wp\/v2\/comments?post=1085"}],"version-history":[{"count":1,"href":"https:\/\/www.ljusnaren.se\/index.php\/wp-json\/wp\/v2\/posts\/1085\/revisions"}],"predecessor-version":[{"id":1086,"href":"https:\/\/www.ljusnaren.se\/index.php\/wp-json\/wp\/v2\/posts\/1085\/revisions\/1086"}],"wp:featuredmedia":[{"embeddable":true,"href":"https:\/\/www.ljusnaren.se\/index.php\/wp-json\/wp\/v2\/media\/350"}],"wp:attachment":[{"href":"https:\/\/www.ljusnaren.se\/index.php\/wp-json\/wp\/v2\/media?parent=1085"}],"wp:term":[{"taxonomy":"category","embeddable":true,"href":"https:\/\/www.ljusnaren.se\/index.php\/wp-json\/wp\/v2\/categories?post=1085"},{"taxonomy":"post_tag","embeddable":true,"href":"https:\/\/www.ljusnaren.se\/index.php\/wp-json\/wp\/v2\/tags?post=1085"}],"curies":[{"name":"wp","href":"https:\/\/api.w.org\/{rel}","templated":true}]}}