{"id":1087,"date":"2025-02-23T16:45:50","date_gmt":"2025-02-23T16:45:50","guid":{"rendered":"https:\/\/www.ljusnaren.se\/?p=1087"},"modified":"2025-04-27T18:45:11","modified_gmt":"2025-04-27T18:45:11","slug":"1839-06-23","status":"publish","type":"post","link":"https:\/\/www.ljusnaren.se\/index.php\/2025\/02\/23\/1839-06-23\/","title":{"rendered":"1839-06-23"},"content":{"rendered":"\n<h2 class=\"wp-block-heading\">Protokoll h\u00e5llet \u00e5 allm\u00e4n sockenst\u00e4mma med Ljusnarsbergs f\u00f6rsamling den 23 juni 1839<\/h2>\n\n\n\n<p><em>\u00a71. Till goda m\u00e4n inom denna f\u00f6rsamling f\u00f6refallande lantm\u00e4terief\u00f6r\u00e4ttningar valdes i de med d\u00f6den avg\u00e5ngna h\u00e4radsdomaren Anders Jansson i S\u00f6rby och n\u00e4mndeman Per Jansson i Br\u00e4nnbyn st\u00e4lle. N\u00e4mndemannen Eric Persson i Wiken och E. Kronberg p\u00e5 Lill\u00e4ng.<\/em><\/p>\n\n\n\n<p><em>S\u00e5lunda valt intyga p\u00e5 f\u00f6rsamlingens v\u00e4gnar<br>J.P Strandell<br>Komminister och v. pastor<\/em><\/p>\n\n\n\n<p><em>Anders (..)<br>Jan Eric Jansson<\/em><\/p>\n\n\n\n<p><\/p>\n","protected":false},"excerpt":{"rendered":"<p>Kort m\u00f6te med en punkt p\u00e5 dagordningen &#8211; val av f\u00f6rr\u00e4ttare vid lantm\u00e4teriet<\/p>\n","protected":false},"author":1,"featured_media":834,"comment_status":"closed","ping_status":"closed","sticky":false,"template":"","format":"standard","meta":{"footnotes":""},"categories":[279,21],"tags":[291,207],"class_list":["post-1087","post","type-post","status-publish","format-standard","has-post-thumbnail","hentry","category-279","category-sockenstammoprotokoll","tag-lantmateriet","tag-val"],"_links":{"self":[{"href":"https:\/\/www.ljusnaren.se\/index.php\/wp-json\/wp\/v2\/posts\/1087","targetHints":{"allow":["GET"]}}],"collection":[{"href":"https:\/\/www.ljusnaren.se\/index.php\/wp-json\/wp\/v2\/posts"}],"about":[{"href":"https:\/\/www.ljusnaren.se\/index.php\/wp-json\/wp\/v2\/types\/post"}],"author":[{"embeddable":true,"href":"https:\/\/www.ljusnaren.se\/index.php\/wp-json\/wp\/v2\/users\/1"}],"replies":[{"embeddable":true,"href":"https:\/\/www.ljusnaren.se\/index.php\/wp-json\/wp\/v2\/comments?post=1087"}],"version-history":[{"count":2,"href":"https:\/\/www.ljusnaren.se\/index.php\/wp-json\/wp\/v2\/posts\/1087\/revisions"}],"predecessor-version":[{"id":1089,"href":"https:\/\/www.ljusnaren.se\/index.php\/wp-json\/wp\/v2\/posts\/1087\/revisions\/1089"}],"wp:featuredmedia":[{"embeddable":true,"href":"https:\/\/www.ljusnaren.se\/index.php\/wp-json\/wp\/v2\/media\/834"}],"wp:attachment":[{"href":"https:\/\/www.ljusnaren.se\/index.php\/wp-json\/wp\/v2\/media?parent=1087"}],"wp:term":[{"taxonomy":"category","embeddable":true,"href":"https:\/\/www.ljusnaren.se\/index.php\/wp-json\/wp\/v2\/categories?post=1087"},{"taxonomy":"post_tag","embeddable":true,"href":"https:\/\/www.ljusnaren.se\/index.php\/wp-json\/wp\/v2\/tags?post=1087"}],"curies":[{"name":"wp","href":"https:\/\/api.w.org\/{rel}","templated":true}]}}