{"id":1092,"date":"2025-02-23T17:06:03","date_gmt":"2025-02-23T17:06:03","guid":{"rendered":"https:\/\/www.ljusnaren.se\/?p=1092"},"modified":"2025-04-27T18:45:11","modified_gmt":"2025-04-27T18:45:11","slug":"1839-08-25","status":"publish","type":"post","link":"https:\/\/www.ljusnaren.se\/index.php\/2025\/02\/23\/1839-08-25\/","title":{"rendered":"1839-08-25"},"content":{"rendered":"\n<h3 class=\"wp-block-heading\">Protokoll h\u00e5llet \u00e5 allm\u00e4n sockenst\u00e4mma med Ljusnarsbergs f\u00f6rsamling den 25:e aug 1839<\/h3>\n\n\n\n<p><em>\u00a71. Till fullm\u00e4ktige vilka borde \u00e5 f\u00f6rsamlingens v\u00e4gnar \u00f6vervara den ekonomiska besiktning, som den 11:e september d.\u00e5 kommer att h\u00e5llas \u00e5 kyrkoherdes och Capellansbost\u00e4llena av herr kontraktsprosten och kronofogden i orten, valdes herr inspekt\u00f6r Magnusson p\u00e5 Stj\u00e4rnfors och n\u00e4mndeman Eric Persson i Wiken.<\/em><\/p>\n\n\n\n<p>\u00a72. F\u00f6rdelsmannen Jan Jansson fr\u00e5n Aspviken uti Ramsbergs socken hade hos pastors\u00e4mbetet anm\u00e4lt att tillika med hustru och en son f\u00e5 inflytta p\u00e5 Stora Bergsg\u00e5rdens \u00e4gor uti denna f\u00f6rsamling. P\u00e5 tillfr\u00e5gan om f\u00f6rsamlingen till\u00e4t n\u00e4mnda personer att bos\u00e4tta sig inom denna socken svarades enh\u00e4lligt at, som b\u00e5de Jan Jansson och hans hustru hade f\u00f6rdel vi Aspviken och dessutom tillhandlat sig n\u00e5gon jord p\u00e5 Bergsg\u00e5rdens \u00e4gor, hade f\u00f6rsamlingen emot deras inflyttning intet att inv\u00e4nda.<\/p>\n\n\n\n<p><em>\u00a73. Anm\u00e4lde ordf\u00f6randen att \u00e4nkan Maja Lisa Larsdotter fr\u00e5n \u00d6rtj\u00e4rn genom en sv\u00e5r sjukdom vore alldeles of\u00f6rm\u00f6gen att sj\u00e4lv sig v\u00e5rda. F\u00f6rsamlingen besl\u00f6t att n\u00e4mda \u00e4nka skulle av fattigv\u00e5rdsf\u00f6rest\u00e5ndaren, h\u00e4radsdomaren Adler i samr\u00e5d med kyrkoherden p\u00e5 n\u00e5got st\u00e4lle till (\u2026) d\u00e5 \u00e5rliga regleringen med de fattiga (\u2026) inackorderas f\u00f6r det lindrigaste pris som kunde erh\u00e5llas.<\/em><\/p>\n\n\n\n<p><em>\u00a74. \u00c5t inhyseshjonet Maja Lisa Bredenberg fr\u00e5n Ris\u00e5n, som nu l\u00e5g sjuk i koppor, skulle av fattigf\u00f6rest\u00e5ndaren tilldelas 1\/4 tunna r\u00e5g.<\/em><\/p>\n\n\n\n<p><em>S\u00e5lunda \u00f6verenskommet och beslutat samt uppl\u00e4st och justerat intyga \u00e5 f\u00f6rsamlingens v\u00e4gnar<br>J.D Westholm<br>Ordf\u00f6rande pastor<br>Jan Olsson vid St\u00e4llbergst\u00e4kt<br>E. (\u2026)<br>J. \u00c5kergren<\/em><\/p>\n\n\n\n<p><\/p>\n","protected":false},"excerpt":{"rendered":"<p>Kontraktsprosten, kronofogde och representanter ska besiktiga Capellang\u00e5rden samt kyrkoherdebost\u00e4llet&#8230;<\/p>\n","protected":false},"author":1,"featured_media":323,"comment_status":"closed","ping_status":"closed","sticky":false,"template":"","format":"standard","meta":{"footnotes":""},"categories":[279,37,21],"tags":[230,292,293],"class_list":["post-1092","post","type-post","status-publish","format-standard","has-post-thumbnail","hentry","category-279","category-ekonomi-2","category-sockenstammoprotokoll","tag-besiktning","tag-kontraktsprosten","tag-ortjarn"],"_links":{"self":[{"href":"https:\/\/www.ljusnaren.se\/index.php\/wp-json\/wp\/v2\/posts\/1092","targetHints":{"allow":["GET"]}}],"collection":[{"href":"https:\/\/www.ljusnaren.se\/index.php\/wp-json\/wp\/v2\/posts"}],"about":[{"href":"https:\/\/www.ljusnaren.se\/index.php\/wp-json\/wp\/v2\/types\/post"}],"author":[{"embeddable":true,"href":"https:\/\/www.ljusnaren.se\/index.php\/wp-json\/wp\/v2\/users\/1"}],"replies":[{"embeddable":true,"href":"https:\/\/www.ljusnaren.se\/index.php\/wp-json\/wp\/v2\/comments?post=1092"}],"version-history":[{"count":1,"href":"https:\/\/www.ljusnaren.se\/index.php\/wp-json\/wp\/v2\/posts\/1092\/revisions"}],"predecessor-version":[{"id":1093,"href":"https:\/\/www.ljusnaren.se\/index.php\/wp-json\/wp\/v2\/posts\/1092\/revisions\/1093"}],"wp:featuredmedia":[{"embeddable":true,"href":"https:\/\/www.ljusnaren.se\/index.php\/wp-json\/wp\/v2\/media\/323"}],"wp:attachment":[{"href":"https:\/\/www.ljusnaren.se\/index.php\/wp-json\/wp\/v2\/media?parent=1092"}],"wp:term":[{"taxonomy":"category","embeddable":true,"href":"https:\/\/www.ljusnaren.se\/index.php\/wp-json\/wp\/v2\/categories?post=1092"},{"taxonomy":"post_tag","embeddable":true,"href":"https:\/\/www.ljusnaren.se\/index.php\/wp-json\/wp\/v2\/tags?post=1092"}],"curies":[{"name":"wp","href":"https:\/\/api.w.org\/{rel}","templated":true}]}}