{"id":1094,"date":"2025-02-23T17:17:15","date_gmt":"2025-02-23T17:17:15","guid":{"rendered":"https:\/\/www.ljusnaren.se\/?p=1094"},"modified":"2025-04-27T18:45:11","modified_gmt":"2025-04-27T18:45:11","slug":"1839-09-08","status":"publish","type":"post","link":"https:\/\/www.ljusnaren.se\/index.php\/2025\/02\/23\/1839-09-08\/","title":{"rendered":"1839-09-08"},"content":{"rendered":"\n<h3 class=\"wp-block-heading\">Protokoll h\u00e5llet \u00e5 allm\u00e4n sockenst\u00e4mma med Ljusnarsbergs f\u00f6rsamling den 8:e september 1839<\/h3>\n\n\n\n<p><em>\u00a71. Herr apotekaren Arrenander i Linde hade hos ordf\u00f6randen givit sig tillk\u00e4nna sin \u00f6nskan att i denna socken inr\u00e4tta ett filial-apotek och f\u00f6r dess sk\u00f6tande h\u00e4rst\u00e4des underh\u00e5lla en examinerad farmaceutsom vid mindre sjukdomsfall kunde sockens tinnev\u00e5nare tillhandag\u00e5 med r\u00e5d, med f\u00f6rbeh\u00e5ll att f\u00f6rsamlinen \u00e5tminstone till en b\u00f6rjan underst\u00f6dde honom med 100 Rd Banco \u00e5rligen samt fria husrum. F\u00f6rsamlingens n\u00e4rvarande ledam\u00f6ter, som v\u00e4l ins\u00e5g nyttan av s\u00e5dan inr\u00e4ttning, fruktade likv\u00e4l att kostnaden d\u00e4rf\u00f6r skulle f\u00f6r socken bli f\u00f6r mycket betungande, varf\u00f6r de f\u00f6rklarade sig p\u00e5 Tt Arrendanders f\u00f6rslag icke kunna ing\u00e5.<\/em><\/p>\n\n\n\n<p><em>\u00a72. Ordf\u00f6randen anm\u00e4lde att avlidne gruvdr\u00e4ngen Anders Erssons p\u00e5 Penningberg 4 sm\u00e5 barn, det \u00e4ldsta p\u00e5 12:e och det yngsta p\u00e5 5:e \u00e5ret gamla, vore s\u00e5som b\u00e5de fader och moderl\u00f6sa i h\u00f6gsta behov av v\u00e5rd och uppfostran. F\u00f6rsamlingen besl\u00f6t att de hos n\u00e5got beskedligt folk skulle inackorderas; och \u00e5tog sig barnens farbror Eric Ersson i Penningberg att dem till den 1:a n\u00e4stkomande maj f\u00f6rs\u00f6rja mot ers\u00e4ttning av 30 Rd Banco for allesammans.<\/em><\/p>\n\n\n\n<p><em>\u00a73. Till fullm\u00e4ktige, vilka tillika med kronofogden ska stadga det pris, som f\u00f6r h\u00e4radet i priskuranten f\u00f6r n\u00e4stkommande \u00e5r ska intas, valdes h\u00e4radsdomaren J. Adler p\u00e5 Kyrkbacken och bergskass\u00f6ren T\u00f6rneblom p\u00e5 Heden.<\/em><\/p>\n\n\n\n<p><em>S\u00e5lunda \u00f6verenskommet och beslutat samt uppl\u00e4st och erk\u00e4nt betyga \u00e5 f\u00f6rsamlingens v\u00e4gnar<br>J.D Westholm<br>Ordf\u00f6rande pastor<br>Erik (\u2026) vid Stenn\u00e4s<br>Anders (\u2026) p\u00e5 R\u00e4llen<br>(\u2026\u2026)<\/em><\/p>\n","protected":false},"excerpt":{"rendered":"<p>Apotekaren Arrenander \u00e4r beredd att \u00f6ppna filial och bemanna denna med farmaceut om socken betalar l\u00f6n och boende&#8230;<\/p>\n","protected":false},"author":1,"featured_media":834,"comment_status":"closed","ping_status":"closed","sticky":false,"template":"","format":"standard","meta":{"footnotes":""},"categories":[279,21],"tags":[226,77],"class_list":["post-1094","post","type-post","status-publish","format-standard","has-post-thumbnail","hentry","category-279","category-sockenstammoprotokoll","tag-apotek","tag-fattigunderhall"],"_links":{"self":[{"href":"https:\/\/www.ljusnaren.se\/index.php\/wp-json\/wp\/v2\/posts\/1094","targetHints":{"allow":["GET"]}}],"collection":[{"href":"https:\/\/www.ljusnaren.se\/index.php\/wp-json\/wp\/v2\/posts"}],"about":[{"href":"https:\/\/www.ljusnaren.se\/index.php\/wp-json\/wp\/v2\/types\/post"}],"author":[{"embeddable":true,"href":"https:\/\/www.ljusnaren.se\/index.php\/wp-json\/wp\/v2\/users\/1"}],"replies":[{"embeddable":true,"href":"https:\/\/www.ljusnaren.se\/index.php\/wp-json\/wp\/v2\/comments?post=1094"}],"version-history":[{"count":2,"href":"https:\/\/www.ljusnaren.se\/index.php\/wp-json\/wp\/v2\/posts\/1094\/revisions"}],"predecessor-version":[{"id":1096,"href":"https:\/\/www.ljusnaren.se\/index.php\/wp-json\/wp\/v2\/posts\/1094\/revisions\/1096"}],"wp:featuredmedia":[{"embeddable":true,"href":"https:\/\/www.ljusnaren.se\/index.php\/wp-json\/wp\/v2\/media\/834"}],"wp:attachment":[{"href":"https:\/\/www.ljusnaren.se\/index.php\/wp-json\/wp\/v2\/media?parent=1094"}],"wp:term":[{"taxonomy":"category","embeddable":true,"href":"https:\/\/www.ljusnaren.se\/index.php\/wp-json\/wp\/v2\/categories?post=1094"},{"taxonomy":"post_tag","embeddable":true,"href":"https:\/\/www.ljusnaren.se\/index.php\/wp-json\/wp\/v2\/tags?post=1094"}],"curies":[{"name":"wp","href":"https:\/\/api.w.org\/{rel}","templated":true}]}}