{"id":1101,"date":"2025-02-23T19:24:31","date_gmt":"2025-02-23T19:24:31","guid":{"rendered":"https:\/\/www.ljusnaren.se\/?p=1101"},"modified":"2025-04-27T18:45:11","modified_gmt":"2025-04-27T18:45:11","slug":"1839-11-10","status":"publish","type":"post","link":"https:\/\/www.ljusnaren.se\/index.php\/2025\/02\/23\/1839-11-10\/","title":{"rendered":"1839-11-10"},"content":{"rendered":"\n<h3 class=\"wp-block-heading\">\u00c5r 1839 den 10 november h\u00f6lls allm\u00e4n sockenst\u00e4mma med Ljusnarsbergs f\u00f6rsamling sedan p\u00e5lysning d\u00e4rom i laga ordning skett fr\u00e5n predikstolen och alla \u00e4mnena f\u00f6r \u00f6verl\u00e4ggningarna blivit tillk\u00e4nnagivna.<\/h3>\n\n\n\n<p><\/p>\n\n\n\n<p><em>\u00a71. Uts\u00e5gs f\u00f6ljande elektorer, vilka p\u00e5 kallelse av ortens h\u00e4radsh\u00f6vding skola den 18:3 uti innevarande m\u00e5nad f\u00f6rsamlas uti Nora f\u00f6r att v\u00e4lja en riksdagsman f\u00f6r detta h\u00e4rad till den lagtima riksdag, som kommer att h\u00e5llas i Stockholm den 14:e n\u00e4stkommande januari 1840, neml:<\/em><\/p>\n\n\n\n<p><em>N\u00e4mndemannen Erik Kronberg vid Lill\u00e4ng<br>Sex och n\u00e4mndemannen Bengt Fr. T\u00f6rneblom p\u00e5 Heden<br>N\u00e4mndemannen Sv Eric Hellsten p\u00e5 Bj\u00f6rkbro<br>N\u00e4mndemannen Eric Segelstr\u00f6m vid V\u00e4stra L\u00f6vfall, samt:<br>N\u00e4mndemannen Anders Andersson vid K\u00f6rartorp<\/em><\/p>\n\n\n\n<p><em>\u00a72. Tillf\u00f6lje av ortens domhavande till pastor ankomna skrivelse f\u00f6rr\u00e4ttades val till \u00e5terbes\u00e4ttande av lediga n\u00e4mndemanstj\u00e4nsterna uti 1:a, 6:e, 10:e och 12: e distrikten av Nya Kopparbergs h\u00e4rad, varvid f\u00f6ljande bofasta f\u00f6r \u00e4ra, redihet och v\u00e4lf\u00f6rh\u00e5llande allm\u00e4nt k\u00e4nda m\u00e4n d\u00e4rtill uts\u00e5gs:<br>Uti 1:a distriktet: Anders Andersson vid K\u00f6rartorp<br>Uti 6:e distriktet: Peter Persson i Br\u00e4nnbyn<br>Uti 10:e distriktet Per Ersson i Dahltorp, samt:<br>Uti 12:e distriktet: Anders Andersson i Gr\u00f6nhult<\/em><\/p>\n\n\n\n<p><em>\u00a73. Fattigv\u00e5rdens protokoll h\u00e5llet vid dess senaste sammantr\u00e4de f\u00f6r reglerande av fattigavgifterna f\u00f6r n\u00e4stkommande \u00e5r, uppl\u00e4stes, och gillades av f\u00f6rsamlingen, med undantag av f\u00f6ljande:<\/em><\/p>\n\n\n\n<ul class=\"wp-block-list\">\n<li><em>Sedan sexman Jan Jansson i S\u00f6dra Bredsj\u00f6 hos pastor f\u00f6rklarat sig icke \u00e5tn\u00f6jas med de av fattigv\u00e5rden anslagna medel f\u00f6r Er. Persson vansinniga dotters v\u00e5rd, \u00e5tog sig Jacob Larsson i L\u00f6f\u00e5storp att henne f\u00f6r n\u00e4sta \u00e5r emotta och v\u00e5rda mot det av fattigv\u00e5rden gjorda anslag.<\/em><\/li>\n\n\n\n<li><em>Stamma Hans Janssons \u00e4nka fr\u00e5n Finnfall, vars \u00e5rliga underh\u00e5ll av fattigv\u00e5rden blivit f\u00f6rh\u00f6jt, ans\u00e5g f\u00f6rsamlingens ledam\u00f6ter ej vara i behov av mer \u00e4n det hon f\u00f6rlidet \u00e5r \u00e5tnjutit, eller 15 Rd.<\/em><\/li>\n\n\n\n<li><em>Stina Persdotter fr\u00e5n (\u2026\u2026) nu vistande hos Anders Str\u00e5th vid Silverhyttan, skulle nu till ny\u00e5ret erh\u00e5lla 5 Rd Banco. Dess d\u00e4refter blivande \u00e5rliga underh\u00e5ll, ans\u00e5g f\u00f6rsamlingen i anseende till hennes utblottade tillst\u00e5nd, b\u00f6r f\u00f6rh\u00f6jas fr\u00e5n det av fattigv\u00e5rden f\u00f6reslagna ett 10 Rd Rgs till 45 Rd samma mynt.<\/em><\/li>\n\n\n\n<li><em>Sjuka, s\u00e4ngliggande \u00e4nklingen Anders Andersons fr\u00e5n Norra H\u00f6rken underh\u00e5ll skulle \u00e4ven f\u00f6rh\u00f6jas til l2 Rd 32 S banco i m\u00e5naden<\/em><\/li>\n<\/ul>\n\n\n\n<p><em>\u00a74. Sjuka pigan Maja Stamberg vid Lund skall p\u00e5 f\u00f6rsamlingens bekostnad avf\u00f6ras till l\u00e4nslasarettet.<\/em><\/p>\n\n\n\n<p><em>\u00a75. Anders Anderssons \u00e4nka Gretha M\u00f6ller erh\u00e5ller till jul 1\/8 tunna r\u00e5g.<\/em><\/p>\n\n\n\n<p><em>\u00a76. Ordf\u00f6randen tillk\u00e4nnagav att fler inom f\u00f6rsamlingen \u00f6nskat f\u00e5 det sockenst\u00e4mmobeslut upph\u00e4vt som stadgar att o\u00e4kta barn, som blivit moderl\u00f6sa, ska av det skriftlag om vilket modern bott underh\u00e5llas och v\u00e5rdas, varf\u00f6r nu till f\u00f6rsamlingens ompr\u00f6vande och utl\u00e5tande hemst\u00e4lldes och n\u00e4mnda beslut skulle (\u2026) tj\u00e4na till efterr\u00e4ttse eller ej. F\u00f6rsamlingens n\u00e4rvarande ledam\u00f6ter, som ans\u00e5g detta beslut mindre l\u00e4mpligt, f\u00f6rklarade enh\u00e4lligt att det borde upph\u00e4vas. I sammanhang h\u00e4rmed skulle n\u00e4sta s\u00f6ndag sockenst\u00e4mma utlysas f\u00f6r att \u00f6verl\u00e4gga och besluta p\u00e5 vad s\u00e4tt avlidna Maja Lisa Bredenbergs tvenne barn \u00e4vensom flera andra moderl\u00f6sa o\u00e4kta barn skola uppfostras och v\u00e5rdas. F\u00f6r det 14 dagar som f\u00f6reg\u00e5 innan beslut kan fattas, \u00e5tog sig Elof Bergqvist vid Krokfors att Maja Lisa Bredenbergs barn emotta till f\u00f6rs\u00f6rjning mot en summa av 4 Rd Rgs.<\/em><\/p>\n\n\n\n<p><em>S\u00e5lunda valt, \u00f6verenskommet och beslutat intyga \u00e5 f\u00f6rsamlingens v\u00e4gnar<br>J.D Westholm ordf. pastor<\/em><\/p>\n\n\n\n<p><em>A. Magnusson<br>(\u2026\u2026.)<br>Fredric Adler<\/em><\/p>\n\n\n\n<p><\/p>\n","protected":false},"excerpt":{"rendered":"<p>Elektorer valdes f\u00f6r resa till Nora innevarande m\u00e5nad f\u00f6r att d\u00e4r v\u00e4lja riksdagsman&#8230;<\/p>\n","protected":false},"author":1,"featured_media":862,"comment_status":"closed","ping_status":"closed","sticky":false,"template":"","format":"standard","meta":{"footnotes":""},"categories":[279,21],"tags":[],"class_list":["post-1101","post","type-post","status-publish","format-standard","has-post-thumbnail","hentry","category-279","category-sockenstammoprotokoll"],"_links":{"self":[{"href":"https:\/\/www.ljusnaren.se\/index.php\/wp-json\/wp\/v2\/posts\/1101","targetHints":{"allow":["GET"]}}],"collection":[{"href":"https:\/\/www.ljusnaren.se\/index.php\/wp-json\/wp\/v2\/posts"}],"about":[{"href":"https:\/\/www.ljusnaren.se\/index.php\/wp-json\/wp\/v2\/types\/post"}],"author":[{"embeddable":true,"href":"https:\/\/www.ljusnaren.se\/index.php\/wp-json\/wp\/v2\/users\/1"}],"replies":[{"embeddable":true,"href":"https:\/\/www.ljusnaren.se\/index.php\/wp-json\/wp\/v2\/comments?post=1101"}],"version-history":[{"count":1,"href":"https:\/\/www.ljusnaren.se\/index.php\/wp-json\/wp\/v2\/posts\/1101\/revisions"}],"predecessor-version":[{"id":1102,"href":"https:\/\/www.ljusnaren.se\/index.php\/wp-json\/wp\/v2\/posts\/1101\/revisions\/1102"}],"wp:featuredmedia":[{"embeddable":true,"href":"https:\/\/www.ljusnaren.se\/index.php\/wp-json\/wp\/v2\/media\/862"}],"wp:attachment":[{"href":"https:\/\/www.ljusnaren.se\/index.php\/wp-json\/wp\/v2\/media?parent=1101"}],"wp:term":[{"taxonomy":"category","embeddable":true,"href":"https:\/\/www.ljusnaren.se\/index.php\/wp-json\/wp\/v2\/categories?post=1101"},{"taxonomy":"post_tag","embeddable":true,"href":"https:\/\/www.ljusnaren.se\/index.php\/wp-json\/wp\/v2\/tags?post=1101"}],"curies":[{"name":"wp","href":"https:\/\/api.w.org\/{rel}","templated":true}]}}