{"id":1111,"date":"2025-02-24T15:45:38","date_gmt":"2025-02-24T15:45:38","guid":{"rendered":"https:\/\/www.ljusnaren.se\/?p=1111"},"modified":"2025-04-27T18:45:11","modified_gmt":"2025-04-27T18:45:11","slug":"gustaf-godenius","status":"publish","type":"post","link":"https:\/\/www.ljusnaren.se\/index.php\/2025\/02\/24\/gustaf-godenius\/","title":{"rendered":"Gustaf Godenius (1830-1839)"},"content":{"rendered":"\n<p>Gustaf f\u00f6ddes 1788-05-12 i Leksand, Kopparbergs l\u00e4n och var utbildad vid <em>&#8221;Medico Cirurg Institutet&#8221;<\/em> i Stockholm 1815 och var s\u00e5v\u00e4l skoll\u00e4rare, klockarpr\u00e4st och ett st\u00f6d till provinsiall\u00e4karen i Mora dit han \u00e5terv\u00e4nt. Gustaf anl\u00e4nde till Ljusnarsberg under 1830-talet och var redan omtalad som <em>&#8221;en praktisk man med f\u00f6rm\u00e5ga att reda och ordna&#8221;<\/em> (Hult 1922,s.201). Tillsammans med hans medicinska kompetens, s\u00e5 verkade han som doktor i Ljusnarsbergs socken.<\/p>\n\n\n\n<p>Han blev en central figur i striden om skolhuset i Ljusnarsberg d\u00e4r ena sidan bergsm\u00e4nnen stod emot hemmans\u00e4garna. Den senare gruppen ville inte delta i finansieringen av skolhuset och avsade sig all s\u00e5dan delaktighet. Gustaf stred f\u00f6r skolhusets f\u00f6rverkligande under de \u00e5r han var socknens kyrkoherde och sp\u00e5ren efter hans kamp finns i sockenst\u00e4mmoprotokollen;<\/p>\n\n\n\n<p>&#8221;<em>Ordf\u00f6randen ans\u00e5g likv\u00e4l f\u00f6r sin del, att alla hemmans\u00e4gare s\u00e5som medlemmar av samma f\u00f6rsamling vore skyldiga att delta i omkostnaden f\u00f6r ett skolhus som vore tillg\u00e4ngligt f\u00f6r alla.<\/em>&#8221; (Sockenst\u00e4mmoprotokoll <a href=\"tel:18370318\">1837-03-18<\/a>)<\/p>\n\n\n\n<p>Under 1837 var stridigheterna uppenbara och dessa landade sedermera i slutet av 30-talet i klagom\u00e5l till landsh\u00f6vdinge\u00e4mbetet och en r\u00e4ttslig process som f\u00f6ljde: Bergsm\u00e4n och hemmans\u00e4gare blev aldrig sams i fr\u00e5gan. Resultatet var att Gustaf som tagit st\u00e4llning valde att s\u00f6ka ny tj\u00e4nst och l\u00e4mna Ljusnarsberg (Hult 1922, s.201) Familjen som bestod av Ulrica Eleonora Godenius (f:1786, Gagnef) och deras nio barn \u00e5terv\u00e4nde till Dalarna i slutet av 1839 och en ny kyrkoherde rekryterades till Ljusnarsberg.<\/p>\n\n\n\n<p>Gustaf Godenius gick ur tiden 1865-05-05 i Falun av <em>br\u00f6stsjukdom och ros<\/em> (Gustafs, d\u00f6dbok) d\u00e5 han var kyrkoherde i Gustafs, Dalarna.<\/p>\n\n\n\n<p><\/p>\n\n\n\n<h4 class=\"wp-block-heading\">K\u00e4llor:<\/h4>\n\n\n\n<p>Sockenst\u00e4mmoprotokoll (ovan)<br>Hult, K.1922. Ljusnarsbergs kr\u00f6nika. 2:a upplagan. S\u00e4ter<br>Ljusnarsberg (T) AI:16a (1830-1841) Bild 13 \/ sid 2<br>Gustafs (W) F:5 (1862-1876) Bild 31<\/p>\n\n\n\n<p><\/p>\n\n\n\n<p><\/p>\n","protected":false},"excerpt":{"rendered":"<p>Medicinskt utbildad. Stred f\u00f6r skolhusets uppbyggande.<\/p>\n","protected":false},"author":1,"featured_media":1157,"comment_status":"closed","ping_status":"closed","sticky":false,"template":"","format":"standard","meta":{"footnotes":""},"categories":[260,297],"tags":[296],"class_list":["post-1111","post","type-post","status-publish","format-standard","has-post-thumbnail","hentry","category-centrala-personer","category-kyrkoherde","tag-kyrkoherde"],"_links":{"self":[{"href":"https:\/\/www.ljusnaren.se\/index.php\/wp-json\/wp\/v2\/posts\/1111","targetHints":{"allow":["GET"]}}],"collection":[{"href":"https:\/\/www.ljusnaren.se\/index.php\/wp-json\/wp\/v2\/posts"}],"about":[{"href":"https:\/\/www.ljusnaren.se\/index.php\/wp-json\/wp\/v2\/types\/post"}],"author":[{"embeddable":true,"href":"https:\/\/www.ljusnaren.se\/index.php\/wp-json\/wp\/v2\/users\/1"}],"replies":[{"embeddable":true,"href":"https:\/\/www.ljusnaren.se\/index.php\/wp-json\/wp\/v2\/comments?post=1111"}],"version-history":[{"count":12,"href":"https:\/\/www.ljusnaren.se\/index.php\/wp-json\/wp\/v2\/posts\/1111\/revisions"}],"predecessor-version":[{"id":1270,"href":"https:\/\/www.ljusnaren.se\/index.php\/wp-json\/wp\/v2\/posts\/1111\/revisions\/1270"}],"wp:featuredmedia":[{"embeddable":true,"href":"https:\/\/www.ljusnaren.se\/index.php\/wp-json\/wp\/v2\/media\/1157"}],"wp:attachment":[{"href":"https:\/\/www.ljusnaren.se\/index.php\/wp-json\/wp\/v2\/media?parent=1111"}],"wp:term":[{"taxonomy":"category","embeddable":true,"href":"https:\/\/www.ljusnaren.se\/index.php\/wp-json\/wp\/v2\/categories?post=1111"},{"taxonomy":"post_tag","embeddable":true,"href":"https:\/\/www.ljusnaren.se\/index.php\/wp-json\/wp\/v2\/tags?post=1111"}],"curies":[{"name":"wp","href":"https:\/\/api.w.org\/{rel}","templated":true}]}}