{"id":1140,"date":"2025-02-24T17:32:04","date_gmt":"2025-02-24T17:32:04","guid":{"rendered":"https:\/\/www.ljusnaren.se\/?p=1140"},"modified":"2025-04-27T18:45:11","modified_gmt":"2025-04-27T18:45:11","slug":"johan-adler-1776-1857","status":"publish","type":"post","link":"https:\/\/www.ljusnaren.se\/index.php\/2025\/02\/24\/johan-adler-1776-1857\/","title":{"rendered":"Johan Adler (1776-1857)"},"content":{"rendered":"\n<p>Johan Adlers karri\u00e4r och centrala roll i Ljusnarsbergs 1800-tal \u00e4r odiskutabel. Som 25-\u00e5ring var han n\u00e4mndeman, som 39-\u00e5ring blev han ledamot i bergsr\u00e4tten, som 52-\u00e5ring, i \u00e4godelsr\u00e4tten och som 61-\u00e5ring h\u00e4radsdomare. Parallellt med ovan s\u00e5 var han byggnadskassans kass\u00f6r, fattigf\u00f6rest\u00e5ndare och bergslagsfullm\u00e4ktige (Hult. s.350).<\/p>\n\n\n\n<p>Johan f\u00f6ddes p\u00e5 Myrbo, Ljusnarsberg 1776-11-07 av v\u00e4lbest\u00e4llda f\u00f6r\u00e4ldrarna Fredric Adler och Johanna Olsdotter. Johan var s\u00e5ledes v\u00e4lbest\u00e4lld och \u00e4gde Kyrkbacken no 2, Myrbo, Gunnarstorp, Grufriset, Kaveltorp, m. flera.<\/p>\n\n\n\n<p>Johan gifte sig tre g\u00e5nger. F\u00f6rsta hustrun Anna Ericsson fr\u00e5n Gr\u00e4ngshyttan, \u00e4ktades 1800 och nummer tv\u00e5 som hette Sara Margareta H\u00e4ger, 1817. Hans tredje fru (bilden) hette Anna Lisa Jansdotter (1800-1859) och var fr\u00e5n Hjulsj\u00f6. De gifte sig 1830.  Av sju barn f\u00f6rdelat p\u00e5 de tre \u00e4ktenskapen, s\u00e5 n\u00e5dde endast tv\u00e5 s\u00f6ner och en dotter vuxen \u00e5lder.<\/p>\n\n\n\n<p><\/p>\n\n\n\n<p>Johan Adler gick ur tiden som 81-\u00e5ring (1857-07-10) av slag&#8230;<\/p>\n\n\n\n<h4 class=\"wp-block-heading\">K\u00e4llor<\/h4>\n\n\n\n<p>Sockenst\u00e4mmoprotokoll (ovan)<br>Hult, K.1922. Ljusnarsbergs kr\u00f6nika. 2:a upplagan. S\u00e4ter<br>Ljusnarsberg (T) AI:18c (1852-1861) Bild 25 \/ sid 590<br>Ljusnarsberg (T) F:8 (1857-1862) Bild 14<\/p>\n\n\n\n<p><\/p>\n","protected":false},"excerpt":{"rendered":"<p>Johan Adler och Anna Lisa Jansdotter. Johan var n\u00e4mndeman (1801), ledamot bergsr\u00e4tten (1815), h\u00e4radsdomare (1837) och fattigf\u00f6rest\u00e5ndare, byggnadskass\u00f6r och bergslagsfullm\u00e4ktige.<\/p>\n","protected":false},"author":1,"featured_media":1156,"comment_status":"closed","ping_status":"closed","sticky":false,"template":"","format":"standard","meta":{"footnotes":""},"categories":[260,304,298],"tags":[],"class_list":["post-1140","post","type-post","status-publish","format-standard","has-post-thumbnail","hentry","category-centrala-personer","category-haradsdomare","category-namndeman"],"_links":{"self":[{"href":"https:\/\/www.ljusnaren.se\/index.php\/wp-json\/wp\/v2\/posts\/1140","targetHints":{"allow":["GET"]}}],"collection":[{"href":"https:\/\/www.ljusnaren.se\/index.php\/wp-json\/wp\/v2\/posts"}],"about":[{"href":"https:\/\/www.ljusnaren.se\/index.php\/wp-json\/wp\/v2\/types\/post"}],"author":[{"embeddable":true,"href":"https:\/\/www.ljusnaren.se\/index.php\/wp-json\/wp\/v2\/users\/1"}],"replies":[{"embeddable":true,"href":"https:\/\/www.ljusnaren.se\/index.php\/wp-json\/wp\/v2\/comments?post=1140"}],"version-history":[{"count":7,"href":"https:\/\/www.ljusnaren.se\/index.php\/wp-json\/wp\/v2\/posts\/1140\/revisions"}],"predecessor-version":[{"id":1191,"href":"https:\/\/www.ljusnaren.se\/index.php\/wp-json\/wp\/v2\/posts\/1140\/revisions\/1191"}],"wp:featuredmedia":[{"embeddable":true,"href":"https:\/\/www.ljusnaren.se\/index.php\/wp-json\/wp\/v2\/media\/1156"}],"wp:attachment":[{"href":"https:\/\/www.ljusnaren.se\/index.php\/wp-json\/wp\/v2\/media?parent=1140"}],"wp:term":[{"taxonomy":"category","embeddable":true,"href":"https:\/\/www.ljusnaren.se\/index.php\/wp-json\/wp\/v2\/categories?post=1140"},{"taxonomy":"post_tag","embeddable":true,"href":"https:\/\/www.ljusnaren.se\/index.php\/wp-json\/wp\/v2\/tags?post=1140"}],"curies":[{"name":"wp","href":"https:\/\/api.w.org\/{rel}","templated":true}]}}