{"id":1273,"date":"2025-02-28T13:53:48","date_gmt":"2025-02-28T13:53:48","guid":{"rendered":"https:\/\/www.ljusnaren.se\/?p=1273"},"modified":"2025-04-27T18:44:53","modified_gmt":"2025-04-27T18:44:53","slug":"claes-isak-carlberg-1798-1877","status":"publish","type":"post","link":"https:\/\/www.ljusnaren.se\/index.php\/2025\/02\/28\/claes-isak-carlberg-1798-1877\/","title":{"rendered":"Claes Isak Carlberg (1798-1877)"},"content":{"rendered":"\n<p>Clas var son till Medelplanas pastor Per Carlberg och som mottagare av god utbildning blev han tidigt bokh\u00e5llare. Till Ljusnarsberg kom han 1820 via Hjulsj\u00f6 och arbetade p\u00e5 Stjernfors som 22-\u00e5ring. Efter en bortavaro till Varn\u00e4s under senare halvan av 1830-talet var han \u00e5ter i socken via Grythyttan. Han flyttade in p\u00e5 Konstdammen efter ett rej\u00e4lt om- och tillbygge. Som brukspatron och \u00e4gare av hyttor och gruvandels\u00e4gare, samt flera g\u00e5rdar som Uddn\u00e4s, Riggards och Konstbacken var en inflytelserik person i de ledande skikten.<\/p>\n\n\n\n<p>Claes var gift med brukspatronen Johan Nicklas Ericssons p\u00e5 Laxbro dotter; Charlotta Ericsson som var f\u00f6dd 1805 i Ljusnarsberg. Claes och Charlotta fick 12 barn tillsammans d\u00e4r endast 7 \u00f6verlevde sin mor som gick bort i lunginflammation vid en \u00e5lder om 44 \u00e5r (den 17 april, 1847).<\/p>\n\n\n\n<p>Han s\u00e4ljer Konstdammen till H\u00f6gfors Bolag 1859 och flyttar till V\u00e4sterg\u00f6tland igen; Kopparfj\u00e4ll, Hova d\u00e4r han lever sina sista \u00e5r fram till 1877 d\u00e5 han g\u00e5r ur tiden.<\/p>\n\n\n\n<p><\/p>\n\n\n\n<figure class=\"wp-block-image size-full is-resized\"><img loading=\"lazy\" decoding=\"async\" width=\"820\" height=\"331\" src=\"https:\/\/www.ljusnaren.se\/wp-content\/uploads\/2025\/02\/Sign-Claes-Carlberg.jpg\" alt=\"\" class=\"wp-image-1309\" style=\"width:377px;height:auto\" srcset=\"https:\/\/www.ljusnaren.se\/wp-content\/uploads\/2025\/02\/Sign-Claes-Carlberg.jpg 820w, https:\/\/www.ljusnaren.se\/wp-content\/uploads\/2025\/02\/Sign-Claes-Carlberg-300x121.jpg 300w, https:\/\/www.ljusnaren.se\/wp-content\/uploads\/2025\/02\/Sign-Claes-Carlberg-768x310.jpg 768w\" sizes=\"auto, (max-width: 820px) 100vw, 820px\" \/><\/figure>\n\n\n\n<p><\/p>\n","protected":false},"excerpt":{"rendered":"<p>V\u00e4stg\u00f6te som blev brukspatron i Ljusnarsberg under mitten av 1800-talet. Bodde p\u00e5 Konstdammen. \u00c4ldre bror till Per August Carlberg<\/p>\n","protected":false},"author":1,"featured_media":1285,"comment_status":"closed","ping_status":"closed","sticky":false,"template":"","format":"standard","meta":{"footnotes":""},"categories":[299],"tags":[],"class_list":["post-1273","post","type-post","status-publish","format-standard","has-post-thumbnail","hentry","category-brukspatroner"],"_links":{"self":[{"href":"https:\/\/www.ljusnaren.se\/index.php\/wp-json\/wp\/v2\/posts\/1273","targetHints":{"allow":["GET"]}}],"collection":[{"href":"https:\/\/www.ljusnaren.se\/index.php\/wp-json\/wp\/v2\/posts"}],"about":[{"href":"https:\/\/www.ljusnaren.se\/index.php\/wp-json\/wp\/v2\/types\/post"}],"author":[{"embeddable":true,"href":"https:\/\/www.ljusnaren.se\/index.php\/wp-json\/wp\/v2\/users\/1"}],"replies":[{"embeddable":true,"href":"https:\/\/www.ljusnaren.se\/index.php\/wp-json\/wp\/v2\/comments?post=1273"}],"version-history":[{"count":8,"href":"https:\/\/www.ljusnaren.se\/index.php\/wp-json\/wp\/v2\/posts\/1273\/revisions"}],"predecessor-version":[{"id":1310,"href":"https:\/\/www.ljusnaren.se\/index.php\/wp-json\/wp\/v2\/posts\/1273\/revisions\/1310"}],"wp:featuredmedia":[{"embeddable":true,"href":"https:\/\/www.ljusnaren.se\/index.php\/wp-json\/wp\/v2\/media\/1285"}],"wp:attachment":[{"href":"https:\/\/www.ljusnaren.se\/index.php\/wp-json\/wp\/v2\/media?parent=1273"}],"wp:term":[{"taxonomy":"category","embeddable":true,"href":"https:\/\/www.ljusnaren.se\/index.php\/wp-json\/wp\/v2\/categories?post=1273"},{"taxonomy":"post_tag","embeddable":true,"href":"https:\/\/www.ljusnaren.se\/index.php\/wp-json\/wp\/v2\/tags?post=1273"}],"curies":[{"name":"wp","href":"https:\/\/api.w.org\/{rel}","templated":true}]}}