{"id":1324,"date":"2025-03-02T14:20:17","date_gmt":"2025-03-02T14:20:17","guid":{"rendered":"https:\/\/www.ljusnaren.se\/?p=1324"},"modified":"2025-04-27T18:44:53","modified_gmt":"2025-04-27T18:44:53","slug":"1845-02-23","status":"publish","type":"post","link":"https:\/\/www.ljusnaren.se\/index.php\/2025\/03\/02\/1845-02-23\/","title":{"rendered":"1845-02-23"},"content":{"rendered":"\n<h3 class=\"wp-block-heading\">\u00c5r 1845 den 23 februari h\u00f6lls, efter fjorton dagar f\u00f6rut d\u00e4rom skedd p\u00e5lysning, allm\u00e4n sockenst\u00e4mma med Ljusnarsbergs f\u00f6rsamling.<\/h3>\n\n\n\n<p><em>\u00a71 Upp\u00e5 av herr brukspatron P. I Lundbom p\u00e5 L\u00f6fn\u00e4s till pastor gjord framst\u00e4llning om ett l\u00e4mpligare s\u00e4tt \u00e4n det nu varande att avl\u00f6na herr doktor Roth f\u00f6r det l\u00e4karbitr\u00e4de han l\u00e4mnar denna f\u00f6rsamlings innev\u00e5nare, hemst\u00e4llde ordf\u00f6randen till f\u00f6rsamlingens ombepr\u00f6vande om icke, en\u00e4r beh\u00f6vligheten och nyttan av l\u00e4karbes\u00f6k varje m\u00e5nad inom f\u00f6rsamlingen nu mera vora av pluraliteten bland socknens medlemmar insedd och erk\u00e4nd, det vore l\u00e4mpligast att till herr doktorns avl\u00f6ning f\u00f6rsamlingens ledam\u00f6ter allm\u00e4nt och i f\u00f6rh\u00e5llande till vars och nu st\u00f6rre eller mindre tillg\u00e5ngar antog, vilket kunde ske p\u00e5 det s\u00e4ttet att de gemensamt \u00e5tog sig d\u00e4rtill en personalavgift av 3 eller 4 skilling banco att \u00e5rligen utg\u00e5 av varje skattskriven person och att de mera bemedlade dessutom betalade honom ett s\u00e4rskilt arvode s\u00e5 att herr doktorn f\u00f6r tv\u00e4nne bes\u00f6k i varje m\u00e5nad vore tillf\u00f6rs\u00e4krad en l\u00f6neinkomst av omkring trehundra Rgs Banco f\u00f6r \u00e5ret. Detta projekt fann v\u00e4l nu icke n\u00e5gra egentliga motst\u00e5ndare, men de n\u00e4rvarande f\u00f6rklarade att f\u00f6r f\u00e5 ledam\u00f6ter nu var tillst\u00e4des f\u00f6r att kunna besluta om en, hela socken drabbande beskattning vadan de yrkade att denna fr\u00e5gas avg\u00f6rande uppsk\u00f6ts till den blivande valborgsm\u00e4sso sockenst\u00e4mma, vilket ock d\u00e4refter f\u00f6rklarades nu vara f\u00f6rsamlingens beslut.<\/em><\/p>\n\n\n\n<p><em>\u00a72 F\u00f6rsamlingens organist, klockare och skoll\u00e4rare herr G. Nederdahl f\u00f6retr\u00e4dde och yrkade att han, som hittills efter dess f\u00f6rmenande uppburit endast organist och skoll\u00e4rarl\u00f6nen, m\u00e5tte i godo och utan anst\u00e4lande r\u00e4tteg\u00e5ng utbekomma den genom Kongl. F\u00f6rordningar best\u00e4mda klockarl\u00f6nen en kappe r\u00e5g, en kappe korn, en kappe havre av varje bonde eller matlag som jord innehar, och sedan n\u00e4r vigning sker, tu \u00f6re och efter ett lik tu \u00f6re, allt silvermynt. S\u00e5som st\u00f6d f\u00f6r sitt yrkande f\u00f6retedde herr Nederdahl et utdrag av fil teologie doktorn m.m. Sv Wilskmans ecklesiastikverk, f\u00f6rra delen, p.318. Till denna framst\u00e4llning f\u00f6rklarade f\u00f6rsamlingens ledam\u00f6ter att de trodde, att s\u00e5som klockar- och organisttj\u00e4nsterna h\u00e4r var f\u00f6renade, s\u00e5 utgick och l\u00f6nen gemensamt f\u00f6r b\u00e5da tj\u00e4nsterna. Dock om den f\u00f6renade organist- och klockarl\u00f6nen skulle befinnas vara alltf\u00f6r knapp till en n\u00f6dtorftig b\u00e4rgning ville f\u00f6rsamlingens ledam\u00f6ter framdeles och vid den blivande valborgsm\u00e4sso sockenst\u00e4mma ta herr direkt\u00f6r Nederdahls yrkande av l\u00f6nef\u00f6rb\u00e4ttring i n\u00e4rmare \u00f6verv\u00e4gande.<\/em><\/p>\n\n\n\n<p><br><em>\u00a73. Handlanden Sven Modin bosatt vid Lilla Walltorp, anm\u00e4lde att han emottagit till v\u00e5rd och f\u00f6rsorg v\u00e4rnl\u00f6sa flickan Anna Stina Andersdotter Ryss (tillf\u00f6rene inackorderad vid Forstorp) vilken flicka var i saknad av n\u00f6diga kl\u00e4der, hemst\u00e4llande Modin om icke f\u00f6rsamlingen ville ansl\u00e5 n\u00e5gon liten summa till anskaffande av n\u00f6diga kl\u00e4despersedlar \u00e5t henne, d\u00e5 han Modin, icke ville betunga f\u00f6rsamlingen med n\u00e5gon avgift f\u00f6r flickans f\u00f6da och v\u00e5rd. F\u00f6rsamlingen beviljade att till kl\u00e4der \u00e5t bem\u00e4rkta flicka, Modin skulle av f\u00f6rsamlingens fattigv\u00e5rdskassa bekomma sex Rgs Banco med f\u00f6rbindelse att icke sedan l\u00e4mna flickan ifr\u00e5n sig uti samma utblottae tillst\u00e5nd, som hon av honom blivit emottagen.<\/em><\/p>\n\n\n\n<p><em>\u00a74. Pastor f\u00f6retr\u00e4dde en r\u00e4kning fr\u00e5n apotekaren C.G Hamnstr\u00f6m, Linde \u00f6ver medikamenter utl\u00e4mnade till \u00e5tskilliga fattiga inom socknen. R\u00e4kningen var daterad Lindesberg den 31 december 1844 och utgjorde en summa sju Rd 46 skilling 5 rst banco. F\u00f6rsamlingen erk\u00e4nde r\u00e4kningen till betalning av f\u00f6rsamlingens fattigkassa.<\/em><\/p>\n\n\n\n<p><em>\u00a75. Pastor hemst\u00e4llde till f\u00f6rsamlingens behj\u00e4rtande om icke av socken skol- eller fattigkassa n\u00e5got underst\u00f6d kunde ansl\u00e5s \u00e5t de m\u00e5nga fattiga barn inom Lilla Smedsberg skriftlag under deras nu b\u00f6rjade skolg\u00e5ng, vilken eljest m\u00e5ste i f\u00f6rtid upph\u00f6ra. Innan n\u00e4rmare vore uppgivet och utr\u00f6nt behovet av ett s\u00e5dant underst\u00f6d, ville icke f\u00f6rsamlingen bevilja n\u00e5got f\u00f6r detta \u00e4ndam\u00e5l &#8211; men medgav att pastor m\u00e5 av skolkassan betala l\u00e4raren dess arvode f\u00f6r fattiga barns undervisning s\u00e5 v\u00e4l inom Lilla Smedbergs som andra skriftlag.<\/em><\/p>\n\n\n\n<p><em>\u00a76. Slutligen anm\u00e4lde Lars Bengtsson fr\u00e5n Skarpt\u00e4kt, att gruvarbetaren Carl Jansson Messing fr\u00e5n Nya V\u00e4gen blivit genom olycksh\u00e4ndelse uti Svartviks gruva slagit sig f\u00f6rd\u00e4rvad, s\u00e5 att han \u00e5tminstone f\u00f6r en l\u00e4ngre tid m\u00e5ste h\u00e5llas vid s\u00e4ngen och s\u00e5ledes vore urst\u00e5ndsatt att f\u00f6r n\u00e4rvarande f\u00f6rs\u00f6rja hustru med tre sm\u00e5 barn, anh\u00e5llandes Lars Bengtsson \u00e5 deras v\u00e4gnar om n\u00e5got underst\u00f6d under Messings sjukdom. Postm\u00e4staren C Carlberg lovade att l\u00e4mna Messing n\u00e5gon hj\u00e4lp av gruvkassan varmed n\u00f6den kunde i f\u00f6rsta hand utan sockenkassans anlitande, bliva av (\u2026), vadan s\u00e5ledes nu icke av socknen n\u00e5got beviljades till bem\u00e4lte Messings underh\u00e5ll.<\/em><\/p>\n\n\n\n<p><em>S\u00e5lunda \u00f6verenskommet, beslutat, uppl\u00e4st och erk\u00e4nt betygas \u00e5 f\u00f6rsamlingens v\u00e4gnar:<\/em><\/p>\n\n\n\n<p><em>J.D Westholm<br>Pastor och ordf\u00f6rande<br>Eric Persson i Wiken<br>Hindric Jansson vid Trumslagartorp.<\/em><\/p>\n\n\n\n<p><em>F\u00f6reg\u00e5ende protokoll fr\u00e5n Ljusnarsbergs kyrkas predikstol uppl\u00e4st den 6 april 1845 betygar J.D Westholm.<\/em><\/p>\n\n\n\n<h3 class=\"wp-block-heading\">Kommentar<\/h3>\n\n\n\n<p>Carl Jansson f\u00f6rolyckades i gruvan vid Svartvik d\u00e4r han slog sig f\u00f6rd\u00e4rvad under vinterm\u00e5naderna och blev s\u00e4ngliggande. Carl dog som utfattig den 1:a april 1845. D\u00f6dboken noterar: <\/p>\n\n\n\n<p><em>&#8221;Slagen f\u00f6rd\u00e4rvad i Svartviks gruva och till f\u00f6ljd av deraf d\u00f6d&#8221;<\/em><\/p>\n\n\n\n<p>Men hur gick det f\u00f6r \u00e4nkan och de tre barnen?<\/p>\n\n\n\n<p>Maria Larsdotter bodde kvar p\u00e5 Skarpt\u00e4kt och gifte aldrig om sig. Hon noterades som <em>&#8221;sjuklig&#8221;<\/em> genom hela livet och flyttade sedermera till R\u00e4lls\u00f6n n\u00e4r hon var 67 och tillbringade \u00e5terstoden av livet som fattighjon tills hon gick ur tiden som 81-\u00e5ring, den 4:e mars 1892.<\/p>\n\n\n\n<p><\/p>\n\n\n\n<p><\/p>\n","protected":false},"excerpt":{"rendered":"<p>Gruvdr\u00e4ngen Carl Jansson Messing slog sig f\u00f6rd\u00e4rvad i Svartviksgruvan och \u00e4r s\u00e4ngliggande&#8230;<\/p>\n","protected":false},"author":1,"featured_media":1326,"comment_status":"closed","ping_status":"closed","sticky":false,"template":"","format":"standard","meta":{"footnotes":""},"categories":[310,21],"tags":[311,16,220],"class_list":["post-1324","post","type-post","status-publish","format-standard","has-post-thumbnail","hentry","category-310","category-sockenstammoprotokoll","tag-gruvolycka","tag-nya-vagen","tag-skollarare"],"_links":{"self":[{"href":"https:\/\/www.ljusnaren.se\/index.php\/wp-json\/wp\/v2\/posts\/1324","targetHints":{"allow":["GET"]}}],"collection":[{"href":"https:\/\/www.ljusnaren.se\/index.php\/wp-json\/wp\/v2\/posts"}],"about":[{"href":"https:\/\/www.ljusnaren.se\/index.php\/wp-json\/wp\/v2\/types\/post"}],"author":[{"embeddable":true,"href":"https:\/\/www.ljusnaren.se\/index.php\/wp-json\/wp\/v2\/users\/1"}],"replies":[{"embeddable":true,"href":"https:\/\/www.ljusnaren.se\/index.php\/wp-json\/wp\/v2\/comments?post=1324"}],"version-history":[{"count":5,"href":"https:\/\/www.ljusnaren.se\/index.php\/wp-json\/wp\/v2\/posts\/1324\/revisions"}],"predecessor-version":[{"id":1339,"href":"https:\/\/www.ljusnaren.se\/index.php\/wp-json\/wp\/v2\/posts\/1324\/revisions\/1339"}],"wp:featuredmedia":[{"embeddable":true,"href":"https:\/\/www.ljusnaren.se\/index.php\/wp-json\/wp\/v2\/media\/1326"}],"wp:attachment":[{"href":"https:\/\/www.ljusnaren.se\/index.php\/wp-json\/wp\/v2\/media?parent=1324"}],"wp:term":[{"taxonomy":"category","embeddable":true,"href":"https:\/\/www.ljusnaren.se\/index.php\/wp-json\/wp\/v2\/categories?post=1324"},{"taxonomy":"post_tag","embeddable":true,"href":"https:\/\/www.ljusnaren.se\/index.php\/wp-json\/wp\/v2\/tags?post=1324"}],"curies":[{"name":"wp","href":"https:\/\/api.w.org\/{rel}","templated":true}]}}