{"id":1333,"date":"2025-03-02T15:09:14","date_gmt":"2025-03-02T15:09:14","guid":{"rendered":"https:\/\/www.ljusnaren.se\/?p=1333"},"modified":"2025-04-27T18:44:53","modified_gmt":"2025-04-27T18:44:53","slug":"1845-04-09","status":"publish","type":"post","link":"https:\/\/www.ljusnaren.se\/index.php\/2025\/03\/02\/1845-04-09\/","title":{"rendered":"1845-03-09"},"content":{"rendered":"\n<h3 class=\"wp-block-heading\">Den 9 mars 1845 h\u00f6lls, efter \u00e5tta dagar f\u00f6rut skedd p\u00e5lysning, allm\u00e4n sockenst\u00e4mma med Ljusnarsbergs f\u00f6rsamling.<\/h3>\n\n\n\n<p><em>\u00a71. Mantals och skatteskrivningsl\u00e4ngden \u00f6ver Ljusnarsbergs f\u00f6rsamling \u00e5r 1845 f\u00f6reteddes med f\u00f6rfr\u00e5gan om f\u00f6rsamlingen \u00e4skade att den uppl\u00e4stes; men d\u00e5 f\u00f6rsamlingen f\u00f6rklarade att upl\u00e4sningen d\u00e4rav vore obeh\u00f6vlig och dessutom skulle erfordra mycken tid blev of\u00f6rm\u00e4lda l\u00e4ngd utan n\u00e5gon anm\u00e4rkning underskriven, varj\u00e4mte pastor tillk\u00e4nnagav att en var som \u00f6nskade att ta n\u00e4rmare k\u00e4nnedom om mantalsl\u00e4ngdens inneh\u00e5ll, \u00e4gde d\u00e4rtill tillf\u00e4lle uti kyrkoherdeg\u00e5rden s\u00e5 l\u00e4nge pastor hade densamma i sin v\u00e5rd.<\/em><\/p>\n\n\n\n<p><em>\u00a72. Upp\u00e5 d\u00e4rom gjord framst\u00e5llning beviljades tillf\u00e4lligt underst\u00f6d \u00e5t h\u00e4r nedan uppr\u00e4knade personer:<\/em><\/p>\n\n\n\n<ol class=\"wp-block-list\">\n<li><em>\u00c5t Jan Hinderssons vid Storstensh\u00f6jd av sjukdom missbildade och vanf\u00f6re dotter Sara, p\u00e5 18:e \u00e5ret gammal, beviljades till underh\u00e5ll under dess vistande uti nattvardsskolan sex Rgs Banco av fattigkassan.<\/em><\/li>\n\n\n\n<li><em>P\u00e5 anm\u00e4lan av barnal\u00e4raren Peter Andersson att ynglingen Per Eric L\u00f6fdahl fr\u00e5n Rundberget, vilken p\u00e5 19:e \u00e5ret gammal, ej kunde l\u00e4sa f\u00f6rsvarligt innantill \u00e4n mindre de vanliga kristendomsstyckena utantill, hade av egen drift hos Peter Andersson sig infunnit och beg\u00e4rt av honom bli undervisad uti l\u00e4sning, men att han, L\u00f6fdahl, icke \u00e4gde n\u00e5got till uppeh\u00e4lle under skoltiden, besl\u00f6t f\u00f6rsamlingen att av fattigv\u00e5rdskassan betala kosth\u00e5llning f\u00f6r bem\u00e4lte L\u00f6fdahl under den tid han bevistade skolan &#8211; och uppdrogs \u00e5t Peter Andersson att uppg\u00f6ra accord med den som vore hugad att under besagda tid l\u00e4mna L\u00f6fdahl n\u00f6dig f\u00f6da.<\/em><\/li>\n\n\n\n<li><em>Efter att flera trov\u00e4rdiga personer intygade, att backstugesittaren Anders Jansson vid Djupdahlsh\u00f6jden, varit sjuk sedan b\u00f6rjan av sistlidna december och i anseende d\u00e4rtill of\u00f6rm\u00f6gen att f\u00f6rs\u00f6rja sig, sin hustru och fyra sm\u00e5 barn, av vilka det yngsta vore blott n\u00e5gra veckor gammalt, beviljades f\u00f6r tillf\u00e4llet och med avseende p\u00e5 den f\u00f6r (\u2026) varande n\u00f6den 1\/4 tunna r\u00e5g och 1\/4 tunna havre av fattigv\u00e5rdskassan.<\/em><\/li>\n<\/ol>\n\n\n\n<p><em>S\u00e5lunda \u00f6verenskommet och beslutat, uppl\u00e4st och erk\u00e4nt betygas \u00e5 f\u00f6rsamlingens v\u00e4gnar:<br>J.D Westholm<br>Ordf. Pastor<br>Eric Persson i Wiken<br>Per Andersson St Kumlan<br>Ovanst\u00e5ende protokoll \u00e4r fr\u00e5n Ljusnarsbergs kyrkas predikstol uppl\u00e4st den 6 april 1845 betygar J.D Westholm.<\/em><\/p>\n","protected":false},"excerpt":{"rendered":"<p>Mantals-skrivningsl\u00e4ngden f\u00f6redrogs samt beviljanden av tillf\u00e4lliga underst\u00f6d i tre \u00e4renden.<\/p>\n","protected":false},"author":1,"featured_media":834,"comment_status":"closed","ping_status":"closed","sticky":false,"template":"","format":"standard","meta":{"footnotes":""},"categories":[310,21],"tags":[313,184,312],"class_list":["post-1333","post","type-post","status-publish","format-standard","has-post-thumbnail","hentry","category-310","category-sockenstammoprotokoll","tag-djupdalshojden","tag-rundberg","tag-storstenshojd"],"_links":{"self":[{"href":"https:\/\/www.ljusnaren.se\/index.php\/wp-json\/wp\/v2\/posts\/1333","targetHints":{"allow":["GET"]}}],"collection":[{"href":"https:\/\/www.ljusnaren.se\/index.php\/wp-json\/wp\/v2\/posts"}],"about":[{"href":"https:\/\/www.ljusnaren.se\/index.php\/wp-json\/wp\/v2\/types\/post"}],"author":[{"embeddable":true,"href":"https:\/\/www.ljusnaren.se\/index.php\/wp-json\/wp\/v2\/users\/1"}],"replies":[{"embeddable":true,"href":"https:\/\/www.ljusnaren.se\/index.php\/wp-json\/wp\/v2\/comments?post=1333"}],"version-history":[{"count":3,"href":"https:\/\/www.ljusnaren.se\/index.php\/wp-json\/wp\/v2\/posts\/1333\/revisions"}],"predecessor-version":[{"id":1336,"href":"https:\/\/www.ljusnaren.se\/index.php\/wp-json\/wp\/v2\/posts\/1333\/revisions\/1336"}],"wp:featuredmedia":[{"embeddable":true,"href":"https:\/\/www.ljusnaren.se\/index.php\/wp-json\/wp\/v2\/media\/834"}],"wp:attachment":[{"href":"https:\/\/www.ljusnaren.se\/index.php\/wp-json\/wp\/v2\/media?parent=1333"}],"wp:term":[{"taxonomy":"category","embeddable":true,"href":"https:\/\/www.ljusnaren.se\/index.php\/wp-json\/wp\/v2\/categories?post=1333"},{"taxonomy":"post_tag","embeddable":true,"href":"https:\/\/www.ljusnaren.se\/index.php\/wp-json\/wp\/v2\/tags?post=1333"}],"curies":[{"name":"wp","href":"https:\/\/api.w.org\/{rel}","templated":true}]}}