{"id":1346,"date":"2025-03-03T14:06:45","date_gmt":"2025-03-03T14:06:45","guid":{"rendered":"https:\/\/www.ljusnaren.se\/?p=1346"},"modified":"2025-04-27T18:44:53","modified_gmt":"2025-04-27T18:44:53","slug":"1845-06-29","status":"publish","type":"post","link":"https:\/\/www.ljusnaren.se\/index.php\/2025\/03\/03\/1845-06-29\/","title":{"rendered":"1845-06-29"},"content":{"rendered":"\n<h3 class=\"wp-block-heading\">\u00c5r 1845 den 29 juni, h\u00f6lls efter d\u00e4rom tvenne helgdagar f\u00f6rut skedd p\u00e5lysning med tillk\u00e4nnagivande av \u00f6verl\u00e4ggnings\u00e4mnena, allm\u00e4n sockenst\u00e4mma med Ljusnarsbergs f\u00f6rsamling.<br><\/h3>\n\n\n\n<p><em>\u00a71. Pastor tillk\u00e4nnagav att f.d pigan Sara Gretha Andersdotter fr\u00e5n Sandbacken haden den 19:e dennes blivit d\u00f6d vid Sm\u00e4ltarbacken och efterl\u00e4mnat tv\u00e4nne o\u00e4kta d\u00f6ttrar, av vilka var den \u00e4ldsta vore s\u00e5 gammal att hon borde kunna f\u00f6rs\u00f6rja sig men d\u00e4remot den yngsta dottern Maja Stina endast vore n\u00e5gra dagar gammal och s\u00e5ledes tarvade den sorgf\u00e4lligaste omv\u00e5rdnad. F\u00f6rsamlingen besl\u00f6t d\u00e4rf\u00f6r att vad detta sp\u00e4da flickebarn betr\u00e4ffade, ackordera in detsamma hos n\u00e5got beskedligt folk emot viss \u00e5rlig betalning. Sedan flera v\u00e4lk\u00e4nda personer hade erbjudit sig att emotta och v\u00e5rda barnet, men ingen av dem ville motta och v\u00e5rda det f\u00f6r mindre \u00e4n en Rd Rgs i veckan s\u00e5 tr\u00e4ffades med Carl Anderssons fr\u00e5n J\u00e4mtbo hustru det ackord att hon skulle emotta, kristligen v\u00e5rda och f\u00f6rs\u00f6rja detta barn till den 1 januari 1847 efter en betalning av en riksdaler riksg\u00e4lds f\u00f6r varje vecka. \u00c5t Eric Anderssons hustru fr\u00e5n Sm\u00e4ltarbacken beviljades f\u00f6r den v\u00e5rd hon haft dels om detta barn dels ock om barnets avlidna moder under hennes sista sjukdom beviljades uti ett f\u00f6r allt tre Rd Rgs. Allt detta skulle utg\u00e5 av fattigv\u00e5rdskassan.<\/em><\/p>\n\n\n\n<p><br><em>\u00a72. Uppsyningsmannen inom F\u00e4bobackens skriftlag, Niclas Ersson vid Nedre F\u00e4bobacken hade skriftligen anm\u00e4lt att Per Jonssons \u00e4nka i F\u00e4bobacken vore i anseende till i r\u00e5kad sjuklighet of\u00f6rm\u00f6gen att f\u00f6rs\u00f6rja sig varf\u00f6r hon vore i behov av underst\u00f6d. Med anledning av denna uppgift beviljades bem\u00e4lda \u00e4nka en tillf\u00e4llig hj\u00e4lp av en \u00e5tting r\u00e5g; men som uppgiften icke av sockenn\u00e4mndsledamoten Peter Persson i Br\u00e4nnbyn, bestyrkt, ville ej f\u00f6rsamlingen f\u00f6r denna g\u00e5ng bevilja henne n\u00e5got st\u00f6rre underst\u00f6d.<\/em><\/p>\n\n\n\n<p><br><em>\u00a73. Eric Hansson fr\u00e5n Elgfalls \u00e4gor anh\u00f6ll b\u00e5de skriftligen och muntligen om n\u00e5got underst\u00f6d f\u00f6r att kunna s\u00e4nda sin starrblinda gosse och en svagsynt dotter till Stockholm f\u00f6r att \u00e5 d\u00e4rvarande Serafimerlasarettet underg\u00e5 operation \u00e5 \u00f6gonen. Under behj\u00e4rtande av Eric Hanssons fattigdom och hans omn\u00e4mnda tvenne barns olyckliga bel\u00e4genhet beviljades, att hans hustru, vilken borde vara barnen f\u00f6ljaktig till Stockholm, skulle s\u00e5som respenningar bekomma av fattigkassan tio Rd banco.<\/em><\/p>\n\n\n\n<p><br><em>\u00a74. Pastor gav tillk\u00e4nna att Eric Person fr\u00e5n Vintermoss (\u2026) hade hos honom anm\u00e4lt sig beh\u00f6va n\u00e5got st\u00f6rre underst\u00f6d \u00e4n det honom f\u00f6rut beviljade. F\u00f6rsamlingen f\u00f6rklarade att en\u00e4r det f\u00f6regivna behovet icke vore av uppsyningsman eller distriktets sockenn\u00e4mndsledamot bestyrkt kunde ej f\u00f6r denna g\u00e5ng f\u00e4sta n\u00e5got avseende \u00e5 Eric Perssons beg\u00e4ran.<\/em><\/p>\n\n\n\n<p><em>\u00a75. Vid nu \u00e5nyo v\u00e4ckt fr\u00e5ga om anskaffande av n\u00e5got tj\u00e4nligt rum f\u00f6r sockens fasta skola framl\u00e4mnade herr brukspatron P.I Lundbom ett av honom och f.d postm\u00e4staren C.J Carlberg till f\u00f6lje av 5\u00a7 i f\u00f6reg\u00e5ende protokoll, uppr\u00e4ttat kostnadsf\u00f6rslag \u00f6ver den projekterade inredningen av gruvstugebyggningen till tingsrum varigenom \u00f6vre v\u00e5ningen uti sockenstugan kunde inredas till skolrum. Kostnadsf\u00f6rslaget \u00e4ven inredningen uti gruvstugebyggningen av trenne rum upptog en summa av 337 Rd Rgs utom murning, rappning av v\u00e4ggar, upps\u00e4ttandet av kakelugnar och m\u00e5lning. Innan likv\u00e4l den nu f\u00f6reslagna inredningen f\u00f6retogs ans\u00e5gs n\u00f6digt, att bergslaget s\u00e5som ensamt \u00e4gande gruvstugubyggningen, uti allm\u00e4n bergsr\u00e4tt h\u00f6rdes \u00f6ver och l\u00e4mnade sitt bifall till f\u00f6rslaget. I anledning h\u00e4rav, besl\u00f6ts att pastor skulle hos bergm\u00e4star\u00e4mbetet beg\u00e4ra bergslagets sammankallande till bergsr\u00e4tt och att herr bergm\u00e4staren t\u00e4ckes d\u00e4rvid inh\u00e4mta bergslagets tankar om ifr\u00e5gavarande projekt samt ett utl\u00e5tande i saken avge. Varefter f\u00f6rsamlingen ville p\u00e5 en blivande sockenst\u00e4mma fatta ett avg\u00f6rande beslut om anskaffandet av l\u00e4mpligt skolrum, vilket borde vara fullkomligen iordningst\u00e4lld f\u00f6re slutet av sommaren 1846.<\/em><\/p>\n\n\n\n<p><br><em>\u00a76. Direkt\u00f6r Nederdahl hade anm\u00e4lt att en ny kakelugn beh\u00f6vdes uti dess kammare vad pastor hemst\u00e4llde om icke f\u00f6rsamlingen ville l\u00e5ta uti hans rum uppf\u00f6ra en s\u00e5dan. F\u00f6rsamlingen genm\u00e4lde att det icke var m\u00e5nga \u00e5r sedan en ny kakelugn blivit uti klockarens rum uppsatt: men ville dock unders\u00f6ka om den nu vore f\u00f6rbr\u00e4nd d\u00e5 de j vore emot att uppf\u00f6ra en ny.<\/em><\/p>\n\n\n\n<p><em>Uppl\u00e4st och erk\u00e4nt betyga \u00e5 f\u00f6rsamlingens v\u00e4gnar:<br>J.D Westholm<br>Ordf. Pastor<br>E. Bergman<\/em><\/p>\n\n\n\n<h3 class=\"wp-block-heading\">Kommentar<\/h3>\n\n\n\n<p><br>Den dagar gamla flickan Maja Stina p\u00e5 Sandbacken som blev utackorderad till Carl Anderssons hustru i J\u00e4mtbo, var f\u00f6dd 19:e juni 1845 och gick bort 10:e augusti samma \u00e5r orsakat av &#8221;torsk&#8221; (sjukdom i munh\u00e5lan som innebar bl\u00e5sor, s\u00e5r och bel\u00e4ggning).<\/p>\n\n\n\n<p><br>Den \u00e4ldre systern Josephina, som st\u00e4mman bed\u00f6mde vara tillr\u00e4ckligt gammal f\u00f6r att f\u00f6rs\u00f6rja sig sj\u00e4lv, var 15 \u00e5r gammal, f\u00f6dd 1830-03-13. Hon flyttade fr\u00e5n Sandbacken till Sotbo som piga med namnet Josephina Isaksdotter. \u00c5ret efter flyttar hon till Utan\u00e4ng och tar namnet Lundblad. Hon flyttar 1848 till Finnhyttan f\u00f6r n\u00e5got \u00e5r och sedan vidare till Nya v\u00e4gen f\u00f6r att 1852 flytta till Norra Bergsg\u00e5rden som piga under handlanden Johan \u00c5kergren.<\/p>\n\n\n\n<p><br>1857 finns hon p\u00e5 Krokfors Bolag med en son Carl Johan, f\u00f6dd 1859-09-04. Maken Jan Persson f: 1831-12-23 \u00e4r gjutare p\u00e5 Krokfors.<br>Familjen flyttar till Arboga 1859-09-04 d\u00e4r familjen f\u00e5r ytterligare tre barn. Josefina g\u00e5r ur tiden 1906-12-20 i Arboga Stadsf\u00f6rsamling<\/p>\n\n\n\n<p>Ljusnarsberg (T) AI:17c (1841-1851) Bild 422 \/ sid 988<br>Ljusnarsberg (T) AI:17c (1841-1851) Bild 169 \/ sid 735<br>Ljusnarsberg (T) AI:17a (1841-1851) Bild 77 \/ sid 67<br>Ljusnarsberg (T) AI:18d (1852-1861) Bild 198 \/ sid 1050<br>Ljusnarsberg (T) C:14 (1849-1861) Bild 183<br>Arboga stadsf\u00f6rsamling (U) AIa:13c (1872-1876) Bild 323 \/ sid 42<\/p>\n","protected":false},"excerpt":{"rendered":"<p>Den o\u00e4kta moderl\u00f6sa flickan Josefina var 15 och fick klara sig sj\u00e4lv. Hon gifte sig och hamnade i Arboga.<\/p>\n","protected":false},"author":1,"featured_media":911,"comment_status":"closed","ping_status":"closed","sticky":false,"template":"","format":"standard","meta":{"footnotes":""},"categories":[310,21],"tags":[],"class_list":["post-1346","post","type-post","status-publish","format-standard","has-post-thumbnail","hentry","category-310","category-sockenstammoprotokoll"],"_links":{"self":[{"href":"https:\/\/www.ljusnaren.se\/index.php\/wp-json\/wp\/v2\/posts\/1346","targetHints":{"allow":["GET"]}}],"collection":[{"href":"https:\/\/www.ljusnaren.se\/index.php\/wp-json\/wp\/v2\/posts"}],"about":[{"href":"https:\/\/www.ljusnaren.se\/index.php\/wp-json\/wp\/v2\/types\/post"}],"author":[{"embeddable":true,"href":"https:\/\/www.ljusnaren.se\/index.php\/wp-json\/wp\/v2\/users\/1"}],"replies":[{"embeddable":true,"href":"https:\/\/www.ljusnaren.se\/index.php\/wp-json\/wp\/v2\/comments?post=1346"}],"version-history":[{"count":6,"href":"https:\/\/www.ljusnaren.se\/index.php\/wp-json\/wp\/v2\/posts\/1346\/revisions"}],"predecessor-version":[{"id":1360,"href":"https:\/\/www.ljusnaren.se\/index.php\/wp-json\/wp\/v2\/posts\/1346\/revisions\/1360"}],"wp:featuredmedia":[{"embeddable":true,"href":"https:\/\/www.ljusnaren.se\/index.php\/wp-json\/wp\/v2\/media\/911"}],"wp:attachment":[{"href":"https:\/\/www.ljusnaren.se\/index.php\/wp-json\/wp\/v2\/media?parent=1346"}],"wp:term":[{"taxonomy":"category","embeddable":true,"href":"https:\/\/www.ljusnaren.se\/index.php\/wp-json\/wp\/v2\/categories?post=1346"},{"taxonomy":"post_tag","embeddable":true,"href":"https:\/\/www.ljusnaren.se\/index.php\/wp-json\/wp\/v2\/tags?post=1346"}],"curies":[{"name":"wp","href":"https:\/\/api.w.org\/{rel}","templated":true}]}}