{"id":1361,"date":"2025-03-03T14:44:57","date_gmt":"2025-03-03T14:44:57","guid":{"rendered":"https:\/\/www.ljusnaren.se\/?p=1361"},"modified":"2025-04-27T18:44:52","modified_gmt":"2025-04-27T18:44:52","slug":"1845-08-31","status":"publish","type":"post","link":"https:\/\/www.ljusnaren.se\/index.php\/2025\/03\/03\/1845-08-31\/","title":{"rendered":"1845-08-31"},"content":{"rendered":"\n<h3 class=\"wp-block-heading\">\u00c5r 1845 den 31 augusti, h\u00f6lls allm\u00e4n sockenst\u00e4mma med Ljusnarsbergs f\u00f6rsamling efter d\u00e4rom samma dag fr\u00e5n predikstolen skedd kung\u00f6relse<\/h3>\n\n\n\n<p><em>\u00a71. Pastor tillk\u00e4nnagav att hos honom blivit av trov\u00e4rdiga personer anm\u00e4lt, att pigan Carolina Olsdotter hos n\u00e4mndeman Peter Persson i Br\u00e4nnbyn blivit, efter att n\u00e5gon tid uppf\u00f6rt sig n\u00e5got besynnerlig till den grad vansinnig och v\u00e5ldsam, att hon, f\u00f6r att inte tillfoga sig sj\u00e4lv eller andra n\u00e5gon skada, m\u00e5st f\u00e4ngslas med fotkedja. Den olyckliga flickan s\u00e5 v\u00e4l husbonde, Peter Persson i Br\u00e4nnby, som ock b\u00e4gge hennes br\u00f6der fr\u00e5n Rundberget voro nu tillst\u00e4des och intygade det f\u00f6rh\u00e5llandet med omf\u00f6rm\u00e4lda Carolina Olsdotter beklagligen vore s\u00e5dant, som hos pastor blivit uppgivet. Med anledning h\u00e4rav gjorde pastor f\u00f6rest\u00e4llning om n\u00f6dv\u00e4ndigheten att s\u00e5 skyndsamt som m\u00f6jligt f\u00e5 henne intagen p\u00e5 lasarettet f\u00f6r underg\u00e5ende av provkur. F\u00f6rsamlingens ledam\u00f6ter inseende detta: besl\u00f6t att den sinnesjuka flickan skulle i denna vecka ins\u00e4ndas till \u00d6rebro lasarett, och all den stund hon sj\u00e4lv vore medell\u00f6s, \u00e5tog f\u00f6rsamlingen sig att bekosta hennes f\u00f6rs\u00e4ndande till och underh\u00e5ll \u00e5 l\u00e4nets lasarett, samt \u00e4ven i h\u00e4ndelse hon skulle befinnas obotlig, g\u00f6ra ans\u00f6kning om hennes inl\u00f6sen \u00e5 kronohospitalet i Vadstena och betala den d\u00e4rf\u00f6r vanliga avgiften. I anseende d\u00e4rtill att tv\u00e4nne karlar ans\u00e5gs n\u00f6diga till hennes v\u00e5rd under resan beviljades tolv \/12\/ riksdaler banco \u00e5t den som skjutsade henne fr\u00e5n Rundberget till \u00d6rebro; vilken betalning skulle utg\u00e5 fr\u00e5n sockenkassan.<br>Sedan s\u00e5lunda blivit av f\u00f6rsamlingen \u00f6verenskommet och beslutat framst\u00e4lldes punkt f\u00f6r punkt till besvarande de fr\u00e5gor, vilka uti landsh\u00f6vdinge\u00e4mbetets kung\u00f6relse Nr 59 av den 24 mars 1836 inneh\u00e5llas och antecknades svaren f\u00f6r att bifogas ans\u00f6kningen om den sinnessjuka flickans emottagande \u00e5 lasarettet.<br>\u00a72. \u00c5t vansinniga Fredric Persson vid \u00d6rk\u00e4rn beviljades en fj\u00e4rdedel (1\/4 tunna) r\u00e5g av fattigv\u00e5rdskassan till underh\u00e5ll intill dess rum bliva \u00e5 lasarettet ledigt f\u00f6r hans emottagande till underg\u00e5ende av provkur.<\/em><\/p>\n\n\n\n<p><em>S\u00e5lunda \u00f6verenskommet och beslutat, uppl\u00e4st och erk\u00e4nt betyga \u00e5 f\u00f6rsamlingens v\u00e4gnar:<br>J.D Westholm<br>Pastor<\/em><\/p>\n\n\n\n<h3 class=\"wp-block-heading\">Kommentar<\/h3>\n\n\n\n<p><br>Carolina togs in p\u00e5 \u00d6rebro lasarett och p\u00e5 <em>&#8221;d\u00e5rkur&#8221;<\/em> i Vadstena men \u00e5terv\u00e4nde till Ljusnarsberg. Gifter sig s\u00e5 sm\u00e5ningom med Fredrik L\u00f6berg (f:1822).<br><\/p>\n\n\n\n<p>Ljusnarsberg (T) AI:19c (1862-1871) Bild 72 \/ sid 570<br>Ljusnarsberg (T) AI:19c (1862-1871) Bild 182 \/ sid 680<br>Ljusnarsberg (T) AI:19d (1862-1871) Bild 87 \/ sid 808<\/p>\n","protected":false},"excerpt":{"rendered":"<p>Pigan Carolina har blivit s\u00e5 vansinnig att hon satts i j\u00e4rn och kr\u00e4ver tv\u00e5 medf\u00f6ljande karlar i skjutsen till \u00d6rebro lasarett&#8230;.<\/p>\n","protected":false},"author":1,"featured_media":1371,"comment_status":"closed","ping_status":"closed","sticky":false,"template":"","format":"standard","meta":{"footnotes":""},"categories":[310,24,21],"tags":[314,66,57],"class_list":["post-1361","post","type-post","status-publish","format-standard","has-post-thumbnail","hentry","category-310","category-sjukdom","category-sockenstammoprotokoll","tag-runnberg","tag-sinnessjukdom","tag-vansinne"],"_links":{"self":[{"href":"https:\/\/www.ljusnaren.se\/index.php\/wp-json\/wp\/v2\/posts\/1361","targetHints":{"allow":["GET"]}}],"collection":[{"href":"https:\/\/www.ljusnaren.se\/index.php\/wp-json\/wp\/v2\/posts"}],"about":[{"href":"https:\/\/www.ljusnaren.se\/index.php\/wp-json\/wp\/v2\/types\/post"}],"author":[{"embeddable":true,"href":"https:\/\/www.ljusnaren.se\/index.php\/wp-json\/wp\/v2\/users\/1"}],"replies":[{"embeddable":true,"href":"https:\/\/www.ljusnaren.se\/index.php\/wp-json\/wp\/v2\/comments?post=1361"}],"version-history":[{"count":2,"href":"https:\/\/www.ljusnaren.se\/index.php\/wp-json\/wp\/v2\/posts\/1361\/revisions"}],"predecessor-version":[{"id":1370,"href":"https:\/\/www.ljusnaren.se\/index.php\/wp-json\/wp\/v2\/posts\/1361\/revisions\/1370"}],"wp:featuredmedia":[{"embeddable":true,"href":"https:\/\/www.ljusnaren.se\/index.php\/wp-json\/wp\/v2\/media\/1371"}],"wp:attachment":[{"href":"https:\/\/www.ljusnaren.se\/index.php\/wp-json\/wp\/v2\/media?parent=1361"}],"wp:term":[{"taxonomy":"category","embeddable":true,"href":"https:\/\/www.ljusnaren.se\/index.php\/wp-json\/wp\/v2\/categories?post=1361"},{"taxonomy":"post_tag","embeddable":true,"href":"https:\/\/www.ljusnaren.se\/index.php\/wp-json\/wp\/v2\/tags?post=1361"}],"curies":[{"name":"wp","href":"https:\/\/api.w.org\/{rel}","templated":true}]}}