{"id":1363,"date":"2025-03-03T15:07:13","date_gmt":"2025-03-03T15:07:13","guid":{"rendered":"https:\/\/www.ljusnaren.se\/?p=1363"},"modified":"2025-04-27T18:44:52","modified_gmt":"2025-04-27T18:44:52","slug":"1845-09-14","status":"publish","type":"post","link":"https:\/\/www.ljusnaren.se\/index.php\/2025\/03\/03\/1845-09-14\/","title":{"rendered":"1845-09-14"},"content":{"rendered":"\n<h3 class=\"wp-block-heading\">Protokoll h\u00e5llet vid allm\u00e4n sockenst\u00e4mma med Ljusnarsbergs f\u00f6rsamling uti sockenstugan den 14 september 1845 efter d\u00e4rom, 8:e dagar f\u00f6rut skedd kung\u00f6relse fr\u00e5n predikstolen<\/h3>\n\n\n\n<p><em>\u00a71. Till f\u00f6lje av konungens befallningshavandes skrivelse av den 2:a innevarande september till pastors\u00e4mbetet, hemst\u00e4llde nu pastor till f\u00f6rsamlingens ombepr\u00f6vande huruvida tillf\u00e4lle \u00e4r f\u00f6r manspersonen Per Ersson Mans, som blivit straffad f\u00f6r tredje resan st\u00f6ld, att h\u00e4r anv\u00e4ndas till stadig syssels\u00e4ttning hos p\u00e5litlig husbonde. F\u00f6rsamlingens n\u00e4rvarande ledam\u00f6ter f\u00f6rklarade, att det vore sv\u00e5rt nog i dessa tider att kunna bereda arbetsf\u00f6rtj\u00e4nst f\u00f6r den stora m\u00e4ngd fattiga arbetare, som finnas inom denna f\u00f6rsamling och \u00e4ro villiga att genom arbete \u00e4rligen f\u00f6rs\u00f6rja sig, \u00e4n mindre kunde, under s\u00e5dana f\u00f6rh\u00e5llanden vara tillf\u00e4lle till stadig syssels\u00e4ttning f\u00f6r Per Ersson Mans, vilken genom sin inom denna socken f\u00f6rda l\u00e4ttjefulla och brottsliga vandel, gjort sig h\u00e4rst\u00e4des b\u00e5de avskydd och fruktad. Sedan alla de tillst\u00e4des varande sockenm\u00e4nnen var f\u00f6r sig, yttrat att ingen av dem beh\u00f6vde eller ville ha Mans uti deras tj\u00e4nst, f\u00f6rklarade de enh\u00e4lligt att ofta n\u00e4mnde Per Ersson Mans, s\u00e5som v\u00e5dlig f\u00f6r allm\u00e4nna s\u00e4kerheten, borde f\u00f6rs\u00e4ndas till n\u00e5gon korrektionsinr\u00e4ttning.<\/em><\/p>\n\n\n\n<p><em>\u00a72. F\u00f6reteddes ett av n\u00e4mndemannen Per Ersson i Dahltorp och bergsgevaldigern B. Wadsten vid Nya v\u00e4gen, under den 7:e maj 1845 uppr\u00e4ttat syneinstrument j\u00e4mte ett av samma f\u00f6rr\u00e4ttningsm\u00e4n d\u00e4rtill gjort senare till\u00e4gg \u00f6ver bristf\u00e4lligheter \u00e5 g\u00e4rdesg\u00e5rdar och grindar samt uraktl\u00e5ten r\u00f6jning vid Capellansbost\u00e4llet; uti vilket syneinstrument och till\u00e4gg alla dessa bristf\u00e4lligheters avhj\u00e4lpande \u00e4r uppskattat till en sammanr\u00e4knad summa av 100 Rd 42 S 3 rst riksg\u00e4ldssedlar. Med anledning h\u00e4rav hemst\u00e4llde pastor om f\u00f6rsamlingen nu, s\u00e5som den tillf\u00f6rene alltid v\u00e4lvilligt gjort, ville p\u00e5 sin bekostnad i ordningst\u00e4lla komministers bost\u00e4llsl\u00e4genheter s\u00e5 v\u00e4l i avseende p\u00e5 h\u00e4gnader som ock p\u00e5 flogens uppr\u00f6jning; eller om nu varande innehavaren av dessa l\u00e4genheter skulle n\u00f6dgas, att d\u00e4rom i laglig v\u00e4g och efter av f\u00f6rsamlingen bekostad h\u00e4radssyn, v\u00e4cka p\u00e5st\u00e5ende emot den avflyttade komministern herr pastor strandell? H\u00e4rtill svarade de tillst\u00e4des n\u00e4rvarande sockenledam\u00f6terna att de, inseende beh\u00f6vligheten av och r\u00e4ttvisan d\u00e4ruti, att nuvarande innehavaren finge emotta Capellansbost\u00e4llet i fullt f\u00f6rsvarligt skick, bif\u00f6lls att de anm\u00e4rkta bristerna finge p\u00e5 sockens bekostnad avhj\u00e4lpas, helst som denna utgift skulle bli alltf\u00f6r betungande f\u00f6r pastor Strandell uti dess knappa omst\u00e4ndigheter. Likv\u00e4l, ehuru de ingalunda betvistade att f\u00f6rsamlingen skulle h\u00e4rtill l\u00e4mna sitt enh\u00e4lliga bifall, ans\u00e5g de sig nu vara nog f\u00e5 ledam\u00f6ter tillst\u00e4des f\u00f6r att uti ifr\u00e5gavarande sak fatta ett definitivt beslut, synnerligast vad tiden och s\u00e4ttet att verkst\u00e4lla de beh\u00f6vliga f\u00f6rb\u00e4ttringarna betr\u00e4ffade, vad nu besl\u00f6ts, att denna angel\u00e4genhet skulle p\u00e5 en annan snart blivande sockenst\u00e4mma tagas i n\u00e4rmare \u00f6verv\u00e4gande.<\/em><\/p>\n\n\n\n<p><em>S\u00e5lunda vara \u00f6verenskommet och beslutat, uppl\u00e4st och erk\u00e4nt betyga \u00e5 f\u00f6rsamlingens v\u00e4gnar:<br>J.D Westholm<br>Pastor<\/em><\/p>\n\n\n\n<p><em>Eric Persson i Wiken<br>Eric Jansson vid Stenn\u00e4s<\/em><\/p>\n","protected":false},"excerpt":{"rendered":"<p>&#8221;Per Ersson Mans, vilken genom sin inom denna socken f\u00f6rda l\u00e4ttjefulla och brottsliga vandel, gjort sig h\u00e4rst\u00e4des b\u00e5de avskydd och fruktad.&#8221;<\/p>\n","protected":false},"author":1,"featured_media":759,"comment_status":"closed","ping_status":"closed","sticky":false,"template":"","format":"standard","meta":{"footnotes":""},"categories":[310,25,21],"tags":[22],"class_list":["post-1363","post","type-post","status-publish","format-standard","has-post-thumbnail","hentry","category-310","category-brott","category-sockenstammoprotokoll","tag-stold"],"_links":{"self":[{"href":"https:\/\/www.ljusnaren.se\/index.php\/wp-json\/wp\/v2\/posts\/1363","targetHints":{"allow":["GET"]}}],"collection":[{"href":"https:\/\/www.ljusnaren.se\/index.php\/wp-json\/wp\/v2\/posts"}],"about":[{"href":"https:\/\/www.ljusnaren.se\/index.php\/wp-json\/wp\/v2\/types\/post"}],"author":[{"embeddable":true,"href":"https:\/\/www.ljusnaren.se\/index.php\/wp-json\/wp\/v2\/users\/1"}],"replies":[{"embeddable":true,"href":"https:\/\/www.ljusnaren.se\/index.php\/wp-json\/wp\/v2\/comments?post=1363"}],"version-history":[{"count":2,"href":"https:\/\/www.ljusnaren.se\/index.php\/wp-json\/wp\/v2\/posts\/1363\/revisions"}],"predecessor-version":[{"id":1365,"href":"https:\/\/www.ljusnaren.se\/index.php\/wp-json\/wp\/v2\/posts\/1363\/revisions\/1365"}],"wp:featuredmedia":[{"embeddable":true,"href":"https:\/\/www.ljusnaren.se\/index.php\/wp-json\/wp\/v2\/media\/759"}],"wp:attachment":[{"href":"https:\/\/www.ljusnaren.se\/index.php\/wp-json\/wp\/v2\/media?parent=1363"}],"wp:term":[{"taxonomy":"category","embeddable":true,"href":"https:\/\/www.ljusnaren.se\/index.php\/wp-json\/wp\/v2\/categories?post=1363"},{"taxonomy":"post_tag","embeddable":true,"href":"https:\/\/www.ljusnaren.se\/index.php\/wp-json\/wp\/v2\/tags?post=1363"}],"curies":[{"name":"wp","href":"https:\/\/api.w.org\/{rel}","templated":true}]}}