{"id":1366,"date":"2025-03-03T16:02:11","date_gmt":"2025-03-03T16:02:11","guid":{"rendered":"https:\/\/www.ljusnaren.se\/?p=1366"},"modified":"2025-04-27T18:44:52","modified_gmt":"2025-04-27T18:44:52","slug":"1845-09-28","status":"publish","type":"post","link":"https:\/\/www.ljusnaren.se\/index.php\/2025\/03\/03\/1845-09-28\/","title":{"rendered":"1845-09-28"},"content":{"rendered":"\n<h3 class=\"wp-block-heading\">\u00c5r 1845 den 28 september, h\u00f6lls allm\u00e4n sockenst\u00e4mma med Ljusnarsbergs f\u00f6rsamling efter d\u00e4rom 8:e dagar f\u00f6rut skedd, och denna dag f\u00f6rnyad, p\u00e5lysning med \u00e4mnenas tillk\u00e4nnagivande.<\/h3>\n\n\n\n<p><em>\u00a71. Till f\u00f6lje av n\u00e4stf\u00f6reg\u00e5ende sockenst\u00e4mmobeslut och i enlighet med kung\u00f6relsen om de \u00f6verl\u00e4ggnings\u00e4mnen, vilka p\u00e5 denna dags sockenst\u00e4mma skulle f\u00f6rekomma, f\u00f6retogs nu till slutligt avg\u00f6rande fr\u00e5gan om Capellansbohlets f\u00f6rs\u00e4ttande uti b\u00e4ttre skick s\u00e5 till h\u00e4gnader som ock till slogar, vad deras uppr\u00f6jning bestr\u00e4ffar. H\u00e4rom fattades nu enh\u00e4lligt det beslut att alla de uti syningsinstrumentet som f\u00f6reg\u00e5ende protokoll omf\u00f6rm\u00e4ler, anm\u00e4rkte bristf\u00e4lligheter \u00e5 g\u00e4rdesg\u00e5rdar och grindar samt slogarnas uppr\u00f6jning skulle ske p\u00e5 sockens bekostnad utan att senast avtr\u00e4dande komminister d\u00e4rf\u00f6r skulle beh\u00f6va vidk\u00e4nnas n\u00e5gon ers\u00e4ttningsskyldighet. Betr\u00e4ffande verkst\u00e4lligheten av omf\u00f6rm\u00e4lda bristf\u00e4llighetens avhj\u00e4lpande anmodades nu varande bost\u00e4llsinnehavaren herr pastor Milenius, att dra f\u00f6rsorg och p\u00e5 beting till billigaste tr\u00e4ffa ackord om arbetet samt ha tillsyn att det blir fullt f\u00f6rsvarligt gjort. Herr pastor Milenius, personligen n\u00e4rvarande, \u00e5tog sig detta uppdrag likv\u00e4l med f\u00f6ljande f\u00f6rbeh\u00e5ll, 1) att om g\u00e4rdesg\u00e5rdar och grindar icke kunna f\u00f6r det i syneinstrumentet upptagna pris s\u00e4ttas i fullgott st\u00e5nd, f\u00f6rsamlingen ville efter r\u00e4kning, betala \u00e4ven den \u00f6verskjutande kostnaden, 2) att icke beh\u00f6va ligga i f\u00f6rlag f\u00f6r arbetet, samt 3) att n\u00e4r arbetet blir f\u00e4rdigt f\u00f6rsamlingen ville genom valda ombud l\u00e5ta detsamma avsyna. F\u00f6rsamlingens ledam\u00f6ter godk\u00e4nnande dessa f\u00f6rbeh\u00e5ll bif\u00f6ll, att om icke h\u00e4gnaderna kunna till det utsatta priset upphj\u00e4lpas, den \u00f6verskjutande skulle likaledes och p\u00e5 s\u00e4tt herr pastorn f\u00f6reslagit, efter r\u00e4kning av f\u00f6rsamlingen betalas samt f\u00f6rklarade , att herr pastorn f\u00f6r arbetets p\u00e5b\u00f6rjande och full\u00e4ndande \u00e4gde att hos herr kass\u00f6r J. Adler i m\u00e5n av behovet lyfta medlen eller \u00e5t arbetaren ge invisningar \u00e5 byggnadskassan. N\u00e4r arbetet vore verkst\u00e4llt och herr pastorn d\u00e4rom gjorde anm\u00e4lan ville f\u00f6rsamlingen f\u00f6ranstalta omavsyning.<\/em><\/p>\n\n\n\n<p><em>\u00a72. Till deputerade, vilka j\u00e4mte kronofogden b\u00f6r stadga det pris, som f\u00f6r h\u00e4radet skall intas uti priskuranten valdes: H\u00e4radsdomaren herr kass\u00f6ren J. Adler p\u00e5 Kyrkbacken och postm\u00e4staren herr P.A Carlberg i Abrahamsg\u00e5rd.<\/em><\/p>\n\n\n\n<p><em>\u00a73. Slutligen f\u00f6retogs till ombepr\u00f6vande den av en del bland hemmans\u00e4garna eller de f\u00f6re skattl\u00e4ggningen s\u00e5 kallade torp\u00e4gare gjorda beg\u00e4ran att p\u00e5 allm\u00e4n sockenst\u00e4mma f\u00e5 v\u00e4cka p\u00e5st\u00e5ende d\u00e4rom att \u00d6stra och V\u00e4stra allm\u00e4nningarna m\u00e5tte till skatt k\u00f6pas f\u00f6r hela sockens gemensamma behov och nytta, men icke ensamt f\u00f6r fj\u00e4rdepart\u00e4gares r\u00e4kning. Upp\u00e5 av pastor nu h\u00e4rom gjord framst\u00e4llning f\u00f6rklarade herr inspektor A. Magnusson vid Stjernfors, att f\u00f6ren\u00e4mnda hemmans\u00e4gare, n\u00e4mligen de, som icke vore fj\u00e4rdeparts\u00e4gare, \u00f6nskade att f\u00e5 i m\u00e5n av sina hemmansdelar delta uti skattek\u00f6pande av omf\u00f6rm\u00e4lda allm\u00e4nningar och av dem bli del\u00e4gare, p\u00e5 det att de \u00e5tminstone m\u00e5tte \u00e4ga tillg\u00e5ng till byggnadsvirke f\u00f6r s\u00e5dana hus och byggnader som av socken gemensamt ska byggas och underh\u00e5llas, s\u00e5som kyrka, pr\u00e4stg\u00e5rdar, sockenstuga m.m. Uti detta anf\u00f6rande isnt\u00e4mde de n\u00e4rvarande hemmans\u00e4garna. Men emot denna framst\u00e4llda \u00f6nskan eller beg\u00e4ran protesterade likv\u00e4l tvenne av de f\u00e5 tillst\u00e4desvarande fj\u00e4rdeparts\u00e4gare n\u00e4mligen, herr bergslagskass\u00f6ren och h\u00e4radsdomaren Johan Adler p\u00e5 Kyrkbacken och bergssex- och n\u00e4mndemannen Eric Jansson fr\u00e5n Stenn\u00e4s; anf\u00f6rande att denna fr\u00e5ga, betr\u00e4ffade de \u00e4gande r\u00e4tten till allm\u00e4nningarna , icke kunde vara f\u00f6rem\u00e5l f\u00f6r en sockenst\u00e4mmas ompr\u00f6vning eller avg\u00f6rande utan hade s\u00f6kanden bort i denna sak v\u00e4nda sig till ortens bergsm\u00e4stare, vilkens \u00e5liggande det d\u00e5 blivit att vid allm\u00e4n bergsr\u00e4tt d\u00e4rom inh\u00e4mta bergslags intressenter eller s\u00e5 kallade fj\u00e4rdeparts\u00e4gares tankar. H\u00e4remot inv\u00e4nde herr inspekt\u00f6r Magnusson ,att han av herr landskamreren Stenqvist i \u00d6rebro blivit h\u00e4nvisad att hos pastor beg\u00e4ra f\u00f6rsamlingens h\u00f6rande h\u00e4rom uti allm\u00e4n sockenst\u00e4mma. Dessutom f\u00f6rm\u00e4lde herr inspektorn att denna fr\u00e5ga f\u00f6rut blivit i bergsr\u00e4tten v\u00e4ckt men avslagen vad han f\u00f6rmodade att saken skulle om i bergsr\u00e4tten \u00e5nyo f\u00f6redras r\u00f6na samma \u00f6de &#8211; eller avsl\u00e5s; han anh\u00f6ll f\u00f6r den skull det pastor ville proponera de n\u00e4rvarande hemmans\u00e4garna att utse ombud vilka \u00e4gde at \u00e5 ort, som vederb\u00f6r, f\u00f6ra deras talan uti ifr\u00e5gavarande sak.<br>Upp\u00e5 d\u00e4refter av pastor h\u00e4rom framst\u00e4lld proposition valde de nu n\u00e4rvarande hemmans- eller f\u00f6rr s\u00e5 kallade torp\u00e4garna enh\u00e4lligt till fullm\u00e4ktige for sig uti detta m\u00e5l: Bruksinspektorn herr Anders Magnusson p\u00e5 Stjernfors samt n\u00e4mndemannen Anders Andersson vid K\u00f6rartorp och Eric Segelstr\u00f6m vid V\u00e4stra L\u00f6vfallet, vilka s\u00e5ledes skulle \u00e4ga att \u00e5 samtliga n\u00e4rvarande torpares v\u00e4gnar hos vederb\u00f6rlig auktoritet g\u00f6ra ans\u00f6kning om allm\u00e4nningens l\u00f6sande till skatte icke blott till f\u00f6rm\u00e5n f\u00f6r fj\u00e4rdeparts\u00e4garna utan och f\u00f6r sockens \u00f6vriga hemmans\u00e4gare. D\u00e4refter beg\u00e4rde herr bergslagskass\u00f6ren Adler att till protokollet m\u00e5tte tagas icke (\u2026) hans gjorde protest emot allm\u00e4nningarnas skattek\u00f6pande av n\u00e5gon annan \u00e4n bergslaget som utg\u00f6res av fj\u00e4rdeparts\u00e4garna samf\u00e4llt, utan ock att han som st\u00f6d f\u00f6r denna sin avgivna protest nu \u00e5beropade Konglig Majest\u00e4ts av den 8:e maj 1829 avl\u00e5tna n\u00e5diga skrivelser till kammar- och bergskollegierna ang\u00e5ende bergsfr\u00e4lsefrihetens upph\u00f6rande inom Nya Kopparbetgs bergslag, samt ortens mantalss\u00e4ttningg och skattl\u00e4ggning. Uti denna n\u00e5diga skrivelses 1:a moment det, bland annat, heter:<\/em><\/p>\n\n\n\n<p class=\"has-text-align-center\"><em>&#8221;hvaremot de till Bergslagets gemensamma behof f\u00f6r kopparhandteringen afsatte tv\u00e4nne allm\u00e4nningstrakter om tv\u00e5tusende \u00e5ttahundrade tunnland, utan avseende \u00e5 de \u00f6fverskiutande \u00e5ttatiotunnlanden endast m\u00e5 till ett mantal skattl\u00e4ggas.&#8221;<\/em><\/p>\n\n\n\n<p><br><em>Samt att uti 4:e momentet av samma n\u00e5diga skrivelse ett st\u00e4lle lyder:<\/em><\/p>\n\n\n\n<p class=\"has-text-align-center\"><em>&#8221;Och kommer bergslaget s\u00e5ledes imedlertid endast att erl\u00e4gga hittills vanliga skattebidrag, deribland \u00e4fven recognitions afgiften f\u00f6r de tv\u00e4nne allm\u00e4nningstracterne.&#8221;<\/em><\/p>\n\n\n\n<p><em>P\u00e5 grund h\u00e4rav f\u00f6rmenade herr bergslagskass\u00f6ren Adler, med vilken sexman Eric Jansson i Stenn\u00e4s till alla delar f\u00f6renade sig, det vore klart, att ifr\u00e5gavarande allm\u00e4nningar blivit avsatta f\u00f6r ett visst \u00e4ndam\u00e5l: Kopparhanteringens bedrivande, samt f\u00f6r \u00f6vrigt att de vore en av Kongl. Majt och Kronan till bergslaget eller fj\u00e4rdeparts\u00e4garna \u00f6verl\u00e5ten egendom. Omsider hemst\u00e4llde pastor om, under senast \u00e5beropade f\u00f6rh\u00e5llanden, hemmans\u00e4garen icke ville med bergslaget inf\u00f6r bergsr\u00e4tt s\u00f6ka att i all v\u00e4nlighet och utan r\u00e4tteg\u00e5ng uppg\u00f6ra denna sak; men de, betvivlande, att fj\u00e4rdeparts\u00e4garna kunde i godo f\u00f6rm\u00e5s att bifalla deras \u00f6nskan, vidblev sitt fattade beslut, att genom f\u00f6ren\u00e4mnde sina valda ombud, s\u00f6ka i laglig v\u00e4g, g\u00f6ra sina anspr\u00e5k p\u00e5 delaktighet uti allm\u00e4nningarna g\u00e4llande. H\u00e4refter uppl\u00f6stes sockenst\u00e4mman med tillk\u00e4nnagivande att protokollet komma att n\u00e4sta s\u00f6ndag justeras och skriftlig bekv\u00e4m h\u00e4nvisning att d\u00e4refter meddelas.<\/em><\/p>\n\n\n\n<p><em>Uppl\u00e4st och justerat betyga \u00e5 f\u00f6rsamlingens v\u00e4gnar:<br>J.D Westholm<br>Pastor<\/em><\/p>\n\n\n\n<p><em>Jan Jansson<br>Eric Persson i Wiken<br>A. Magnusson<\/em><\/p>\n\n\n\n<p><em>Vid justeringen av f\u00f6reg\u00e5ende protokoll anf\u00f6rde herr postm\u00e4staren Claes Carlberg och n\u00e4mndemannen Eric Kronberg vid Lill\u00e4ngen att de ans\u00e5g fr\u00e5gan om allm\u00e4nningarnas skattek\u00f6p ingalunda bord bli f\u00f6rem\u00e5l f\u00f6r en sockenst\u00e4mmas \u00f6verl\u00e4ggningar varj\u00e4mte de uppgav att fj\u00e4rdeparts\u00e4gare utur bergslagets enskilda kassa f\u00f6r skattl\u00e4ggningen betalt rekognitionsavgiften f\u00f6r dessa skogar och efter skattel\u00e4ggningen dess allm\u00e4nningshemmanet \u00e5satta kronor\u00e4ntor och onera utom att torp\u00e4gare uti dessa utgifter n\u00e5gonsin deltagit.<br>In fidem J.D Westholm<\/em><\/p>\n\n\n\n<p><\/p>\n","protected":false},"excerpt":{"rendered":"<p>Kaplansg\u00e5rdens g\u00e4rdesg\u00e5rdar och grindar beh\u00f6ver rustas och st\u00e4mman diskuterar var fr\u00e5gan om skattek\u00f6pen f\u00f6r allm\u00e4nningarna ska f\u00f6retas.<\/p>\n","protected":false},"author":1,"featured_media":834,"comment_status":"closed","ping_status":"closed","sticky":false,"template":"","format":"standard","meta":{"footnotes":""},"categories":[310,36,21],"tags":[],"class_list":["post-1366","post","type-post","status-publish","format-standard","has-post-thumbnail","hentry","category-310","category-ekonomi","category-sockenstammoprotokoll"],"_links":{"self":[{"href":"https:\/\/www.ljusnaren.se\/index.php\/wp-json\/wp\/v2\/posts\/1366","targetHints":{"allow":["GET"]}}],"collection":[{"href":"https:\/\/www.ljusnaren.se\/index.php\/wp-json\/wp\/v2\/posts"}],"about":[{"href":"https:\/\/www.ljusnaren.se\/index.php\/wp-json\/wp\/v2\/types\/post"}],"author":[{"embeddable":true,"href":"https:\/\/www.ljusnaren.se\/index.php\/wp-json\/wp\/v2\/users\/1"}],"replies":[{"embeddable":true,"href":"https:\/\/www.ljusnaren.se\/index.php\/wp-json\/wp\/v2\/comments?post=1366"}],"version-history":[{"count":3,"href":"https:\/\/www.ljusnaren.se\/index.php\/wp-json\/wp\/v2\/posts\/1366\/revisions"}],"predecessor-version":[{"id":1369,"href":"https:\/\/www.ljusnaren.se\/index.php\/wp-json\/wp\/v2\/posts\/1366\/revisions\/1369"}],"wp:featuredmedia":[{"embeddable":true,"href":"https:\/\/www.ljusnaren.se\/index.php\/wp-json\/wp\/v2\/media\/834"}],"wp:attachment":[{"href":"https:\/\/www.ljusnaren.se\/index.php\/wp-json\/wp\/v2\/media?parent=1366"}],"wp:term":[{"taxonomy":"category","embeddable":true,"href":"https:\/\/www.ljusnaren.se\/index.php\/wp-json\/wp\/v2\/categories?post=1366"},{"taxonomy":"post_tag","embeddable":true,"href":"https:\/\/www.ljusnaren.se\/index.php\/wp-json\/wp\/v2\/tags?post=1366"}],"curies":[{"name":"wp","href":"https:\/\/api.w.org\/{rel}","templated":true}]}}