{"id":1376,"date":"2025-03-03T19:36:44","date_gmt":"2025-03-03T19:36:44","guid":{"rendered":"https:\/\/www.ljusnaren.se\/?p=1376"},"modified":"2025-04-27T18:43:17","modified_gmt":"2025-04-27T18:43:17","slug":"1845-11-30","status":"publish","type":"post","link":"https:\/\/www.ljusnaren.se\/index.php\/2025\/03\/03\/1845-11-30\/","title":{"rendered":"1845-11-30"},"content":{"rendered":"\n<h3 class=\"wp-block-heading\">Protokoll h\u00e5llet vid allm\u00e4n sockenst\u00e4mma med Ljusnarsbergs f\u00f6rsamling den 30:e november 1845<\/h3>\n\n\n\n<p><em>\u00a71. Till f\u00f6lje av den fr\u00e5n N\u00f6dhj\u00e4lpskommitt\u00e9n f\u00f6r inom innevarande \u00e5rs missv\u00e4xt inom Uppsala, Stockholms och V\u00e4ster\u00e5s l\u00e4n n\u00f6dlidande avl\u00e5tna adress till Svenska folket, meddelad uti Konungens befallningshavandes i \u00d6rebro utf\u00e4rdade kung\u00f6relse, no 198, av den 17:e i denna m\u00e5nad, hemst\u00e4llde pastor huruvida Ljusnarsbergs f\u00f6rsamling vore i tillf\u00e4lle att genom frivilligt sammanskott s\u00f6ka i sin m\u00e5n bispringa de n\u00f6dlidande inom f\u00f6ren\u00e4mnda l\u00e4n och i h\u00e4ndelse av f\u00f6rsamlingens beredvillighet d\u00e4rtill, huru underst\u00f6det skulle utg\u00e5. Av de tillst\u00e4desvarande sockenm\u00e4nnen svarades allm\u00e4nneligen, att de g\u00e4rna ville med en sk\u00e4rv l\u00e4mna sina n\u00f6dst\u00e4llda lika den hj\u00e4lp de kunde \u00e5stadkomma; men om s\u00e4ttet f\u00f6r utg\u00f6randet av denna hj\u00e4lp var tankarna delade. N\u00e5gra f\u00f6reslog att man ut ur n\u00e5gon av sockens gemensamma kassor borde ta en viss summa. De flesta d\u00e4remot ans\u00e5g ol\u00e4mpligt att vidr\u00f6ra kassor best\u00e4mda f\u00f6r andra \u00e4ndam\u00e5l utan h\u00f6ll f\u00f6r tj\u00e4nligast att en var finge fritt, efter en god vilja och f\u00f6rm\u00e5ga, l\u00e4mna fritt bidrag. Efter en stunds \u00f6verl\u00e4ggning h\u00e4rom fattades det beslut, att uppsyningsm\u00e4nnen inom sockens skriftlag borde var och en ute i sin l\u00e4srote uppb\u00e4ra och till pastor avl\u00e4mna de blivande frivilliga g\u00e5vorna. F\u00f6r vinnande av ordning och kontroll lovade pastor att f\u00f6r varje av de 39 l\u00e4slagen uppr\u00e4tta en subskriptionslista varp\u00e5 givaren skulle teckna sin hemvist, namn och beloppet av g\u00e5van.<\/em><\/p>\n\n\n\n<p><em><br>\u00a72. Anm\u00e4lde pastor, att torparen Jan Persson med hustru och 4 barn fr\u00e5n Ramsberg hade fr\u00e5n Per Janssons i S\u00f6dra Bergsg\u00e5rden egendom k\u00f6pt en liten l\u00e4genhet, Bergsg\u00e5rdsfall kallad, d\u00e4r han med hush\u00e5ll ville bos\u00e4tta sig och skattskrivas i denna f\u00f6rsamling: men pastor hade till f\u00f6ljd av fattigreglementet f\u00f6r denna socken ansett sig f\u00f6rhindrad emotta Jan Perssons pr\u00e4stbetyg och honom med familj i kyrkof\u00f6rh\u00f6rsboken inskriva med mindre f\u00f6rsamlingen d\u00e4rtill ville l\u00e4mna sitt bifall. Jan Persson nu tillst\u00e4des inl\u00e4mnade en s\u00e5 ord f\u00f6r ord ansvarsf\u00f6rbindelse:<\/em><\/p>\n\n\n\n<p class=\"has-text-align-center\"><em><br>&#8221;Dagkarlen Jan Persson Findell, som varit i flera \u00e5rs tid i Kopparbergs f\u00f6rsamling p\u00e5 ett st\u00e4lle vid R\u00e4lln och har vi underskrivna intet h\u00f6rt av att han varit n\u00e5gon till last utan med arbetssamhet och redlighet f\u00f6rs\u00f6rjt sig. B\u00e5de han och hustru har med sin flit f\u00f6rk\u00e5vrat sig med l\u00f6s\u00f6ren och tillhandlat sig ett jordstycke Bergg\u00e5rdsfall, som de m\u00e4st betalt och nu bebor. S\u00e5 anser vi intet att de skulle bli socken till lasat, om dom skulle f\u00e5 flytta i socken tillbaka om kyrkoherden och socknen\u00e4mnden f\u00f6r gott finner. Laggarbo den 28 november 1845.<br>Om s\u00e5 skulle fordras g\u00e5r underskrivan i full borgen. Jan Ersson, Erik Persson i Laggarbo. Eric Jansson i K\u00e4llb\u00e4cken&#8221;<\/em><\/p>\n\n\n\n<p><em><br>Efter uppl\u00e4sandet h\u00e4rav \u00e4skade pastor f\u00f6rsamlingens utl\u00e5tande s\u00e5 v\u00e4l \u00f6ver antagligheten av f\u00f6reskriven borgensf\u00f6rbindelse som ock \u00f6ver Jan Perssons nu f\u00f6rnyade beg\u00e4ran att uti f\u00f6rsamlingen f\u00e5 inflytta och skattskrivas. De n\u00e4rvarande sockenm\u00e4nnen f\u00f6rklarade enh\u00e4lligt att de godk\u00e4nde ansvarsf\u00f6rbindelsen och medgav Jan Persson med hustru och barn inflyttning i denna f\u00f6rsamling, varefter s\u00e5ledes pastor emottog Jan Perssons pr\u00e4stattest f\u00f6r inskrivning uti f\u00f6rh\u00f6rsboken.<\/em><\/p>\n\n\n\n<p><em>In fidem J.D Westholm<br>S\u00e5lunda \u00f6verenskommet och beslutat, uppl\u00e4st och erk\u00e4nt betyga \u00e5 f\u00f6rsamlingens v\u00e4gnar<\/em><\/p>\n","protected":false},"excerpt":{"rendered":"<p>Jan Persson Findell har k\u00f6pt ett stycke jord och ett torp men till\u00e5ts inte flytta in &#8211; han m\u00e5ste f\u00f6rst skaffa borgen&#8230;<\/p>\n","protected":false},"author":1,"featured_media":1401,"comment_status":"closed","ping_status":"closed","sticky":false,"template":"","format":"standard","meta":{"footnotes":""},"categories":[310,21],"tags":[316,318,317],"class_list":["post-1376","post","type-post","status-publish","format-standard","has-post-thumbnail","hentry","category-310","category-sockenstammoprotokoll","tag-borgen","tag-norrsjon","tag-sodra-bergsgarden"],"_links":{"self":[{"href":"https:\/\/www.ljusnaren.se\/index.php\/wp-json\/wp\/v2\/posts\/1376","targetHints":{"allow":["GET"]}}],"collection":[{"href":"https:\/\/www.ljusnaren.se\/index.php\/wp-json\/wp\/v2\/posts"}],"about":[{"href":"https:\/\/www.ljusnaren.se\/index.php\/wp-json\/wp\/v2\/types\/post"}],"author":[{"embeddable":true,"href":"https:\/\/www.ljusnaren.se\/index.php\/wp-json\/wp\/v2\/users\/1"}],"replies":[{"embeddable":true,"href":"https:\/\/www.ljusnaren.se\/index.php\/wp-json\/wp\/v2\/comments?post=1376"}],"version-history":[{"count":3,"href":"https:\/\/www.ljusnaren.se\/index.php\/wp-json\/wp\/v2\/posts\/1376\/revisions"}],"predecessor-version":[{"id":1402,"href":"https:\/\/www.ljusnaren.se\/index.php\/wp-json\/wp\/v2\/posts\/1376\/revisions\/1402"}],"wp:featuredmedia":[{"embeddable":true,"href":"https:\/\/www.ljusnaren.se\/index.php\/wp-json\/wp\/v2\/media\/1401"}],"wp:attachment":[{"href":"https:\/\/www.ljusnaren.se\/index.php\/wp-json\/wp\/v2\/media?parent=1376"}],"wp:term":[{"taxonomy":"category","embeddable":true,"href":"https:\/\/www.ljusnaren.se\/index.php\/wp-json\/wp\/v2\/categories?post=1376"},{"taxonomy":"post_tag","embeddable":true,"href":"https:\/\/www.ljusnaren.se\/index.php\/wp-json\/wp\/v2\/tags?post=1376"}],"curies":[{"name":"wp","href":"https:\/\/api.w.org\/{rel}","templated":true}]}}