{"id":1378,"date":"2025-03-03T17:39:25","date_gmt":"2025-03-03T17:39:25","guid":{"rendered":"https:\/\/www.ljusnaren.se\/?p=1378"},"modified":"2025-04-27T18:44:52","modified_gmt":"2025-04-27T18:44:52","slug":"johan-fredric-milenius-1808-1851","status":"publish","type":"post","link":"https:\/\/www.ljusnaren.se\/index.php\/2025\/03\/03\/johan-fredric-milenius-1808-1851\/","title":{"rendered":"Johan Fredric Milenius (1808-1851)"},"content":{"rendered":"\n<h3 class=\"wp-block-heading\">Ankomsten 1845<\/h3>\n\n\n\n<p>Johan kom till Ljusnarsberg och ersatte f\u00f6reg\u00e5ende komminister J.P Strandell i s\u00e5v\u00e4l tj\u00e4nsten som p\u00e5 bost\u00e4llet. Capellanbost\u00e4llets g\u00e4rdesg\u00e5rdar och grindar hade samma \u00e5r i syneinstrumentet f\u00e5tt nedslag och var f\u00f6rem\u00e5l f\u00f6r reparationer, vilket den nyanl\u00e4nde Johan antog uppdraget att f\u00f6rs\u00e4kra att det blev riktigt gjort, med f\u00f6rbeh\u00e5llet att eventuellt \u00f6verskjutande belopp skulle t\u00e4ckas av f\u00f6rsamlingen. N\u00e5got som st\u00e4mman inte hade n\u00e5gra inv\u00e4ndningar om och godk\u00e4nde.<\/p>\n\n\n\n<h3 class=\"wp-block-heading\">F\u00f6r\u00e4ldrarna<\/h3>\n\n\n\n<p>Johan Fredric Milenius var f\u00f6dd i V\u00e4ster\u00e5s 1808 av modern Juliana Fredrika Vahrenberg och fadern Anders Milenius. Den senare var s\u00e5v\u00e4l magister som kontraktsprost.<\/p>\n\n\n\n<p>Johan gifte sig samma \u00e5r och som nygift med hustrun Fredrika Charlotta Colld\u00e9n (f:1814) bosatte de sig p\u00e5 Capellansg\u00e5rden och snart inp\u00e5 kom tv\u00e5 barn f\u00f6dda p\u00e5 slutet av 1840-talet. Men Johan blev sjuk och vid 42 \u00e5rs \u00e5lder gick han ur tiden p\u00e5 grund av leversjukdom och kr\u00e4fta i magen. I d\u00f6dboken har J.D Westholm (kan vi anta) noterat en kort nekrologi enligt:<\/p>\n\n\n\n<p><em>&#8221;En lycklig predikant, en utm\u00e4rkt sj\u00e4las\u00f6rjare, en f\u00f6r Guds \u00e4ra och sine \u00e5h\u00f6rares b\u00e4sta nit\u00e4lskande och verksam man; \u00e4lskad, hedrad och aktad i livstiden och efter d\u00f6den saknad och s\u00f6rjd icke blott af sina n\u00e4rmaste anf\u00f6rvanter utan av hela f\u00f6rsamlingen.&#8221;<\/em><\/p>\n\n\n\n<h3 class=\"wp-block-heading\">De efterlevande<\/h3>\n\n\n\n<p>Hustrun Catharina Charlotta blir ensam med sina tv\u00e5 barn p\u00e5 Capellansg\u00e5rden d\u00e4r hennes mor, \u00e4nkefru Juliana Colld\u00e9n (f\u00f6dd Printz) flyttar upp till sin dotter samma \u00e5r som sv\u00e4rsonen Johan Fredric gick bort. De l\u00e4mnar Capellansg\u00e5rden 1854 och lever sedermera p\u00e5 Arboga g\u00e5rd, d\u00e4r modern g\u00e5r bort 1865. Johan Fredric Milenius \u00e4nka Fredrika Charlotta Milenius g\u00e5r bort 1875.<\/p>\n\n\n\n<h3 class=\"wp-block-heading\">Barnen:<\/h3>\n\n\n\n<ul class=\"wp-block-list\">\n<li>Dottern Vendla Charlotta Milenius blev l\u00e4rarinna och dog ogift i Ljungby, den 17 mars 1906<\/li>\n\n\n\n<li>Sonen Anders Fredrik Gunnar Milenius blev j\u00e4rnbanetj\u00e4nsteman och flyttade till Tyskland och noterats som &#8221;<em>d\u00f6d i Hamburg&#8221; <\/em>1872.<\/li>\n<\/ul>\n\n\n\n<p><\/p>\n\n\n\n<p><\/p>\n","protected":false},"excerpt":{"rendered":"<p>Komminister mellan 1845-1851 (avled i magcancer).<\/p>\n","protected":false},"author":1,"featured_media":1155,"comment_status":"closed","ping_status":"closed","sticky":false,"template":"","format":"standard","meta":{"footnotes":""},"categories":[301],"tags":[],"class_list":["post-1378","post","type-post","status-publish","format-standard","has-post-thumbnail","hentry","category-komminister"],"_links":{"self":[{"href":"https:\/\/www.ljusnaren.se\/index.php\/wp-json\/wp\/v2\/posts\/1378","targetHints":{"allow":["GET"]}}],"collection":[{"href":"https:\/\/www.ljusnaren.se\/index.php\/wp-json\/wp\/v2\/posts"}],"about":[{"href":"https:\/\/www.ljusnaren.se\/index.php\/wp-json\/wp\/v2\/types\/post"}],"author":[{"embeddable":true,"href":"https:\/\/www.ljusnaren.se\/index.php\/wp-json\/wp\/v2\/users\/1"}],"replies":[{"embeddable":true,"href":"https:\/\/www.ljusnaren.se\/index.php\/wp-json\/wp\/v2\/comments?post=1378"}],"version-history":[{"count":4,"href":"https:\/\/www.ljusnaren.se\/index.php\/wp-json\/wp\/v2\/posts\/1378\/revisions"}],"predecessor-version":[{"id":1383,"href":"https:\/\/www.ljusnaren.se\/index.php\/wp-json\/wp\/v2\/posts\/1378\/revisions\/1383"}],"wp:featuredmedia":[{"embeddable":true,"href":"https:\/\/www.ljusnaren.se\/index.php\/wp-json\/wp\/v2\/media\/1155"}],"wp:attachment":[{"href":"https:\/\/www.ljusnaren.se\/index.php\/wp-json\/wp\/v2\/media?parent=1378"}],"wp:term":[{"taxonomy":"category","embeddable":true,"href":"https:\/\/www.ljusnaren.se\/index.php\/wp-json\/wp\/v2\/categories?post=1378"},{"taxonomy":"post_tag","embeddable":true,"href":"https:\/\/www.ljusnaren.se\/index.php\/wp-json\/wp\/v2\/tags?post=1378"}],"curies":[{"name":"wp","href":"https:\/\/api.w.org\/{rel}","templated":true}]}}