{"id":1433,"date":"2025-03-07T15:44:18","date_gmt":"2025-03-07T15:44:18","guid":{"rendered":"https:\/\/www.ljusnaren.se\/?p=1433"},"modified":"2025-04-27T18:43:17","modified_gmt":"2025-04-27T18:43:17","slug":"1846-02-22","status":"publish","type":"post","link":"https:\/\/www.ljusnaren.se\/index.php\/2025\/03\/07\/1846-02-22\/","title":{"rendered":"1846-02-22"},"content":{"rendered":"\n<h3 class=\"wp-block-heading\">Protokoll h\u00e5llet vid allm\u00e4n sockenst\u00e4mma med Ljusnarsbergs f\u00f6rsamling den 22 februari 1846<\/h3>\n\n\n\n<p><br><em>\u00a71. Pastor tillk\u00e4nnagav att hos honom hade blivit beg\u00e4rt fattigunderst\u00f6d f\u00f6r dagkarlen Bostr\u00f6ms hustru Anna Nilsdotter, som utan stadigvarande hemvist, en l\u00e4ngre tid legat sjuk hos Per Isak Perssons \u00e4nka vid Kulltorpet. F\u00f6r att erh\u00e5lla tillf\u00f6rlitlig underr\u00e4ttelse om n\u00e4mnda hustru Bostr\u00f6ms tillst\u00e5nd och behov av underst\u00f6d hade pastor anmodat distriktsledamot av sockenn\u00e4mnden, bergsman Jan Jansson i Wiktorp, att h\u00e5lla unders\u00f6kning betr\u00e4ffande hennes bel\u00e4genhet. Detta uppdrag hade Jan Jansson fullgjort och \u00f6ver f\u00f6rh\u00e5llandet l\u00e4mnat f\u00f6ljande skriftliga intyg:<\/em><\/p>\n\n\n\n<p class=\"has-text-align-center\"><em><br>&#8221;P\u00e5 anmodan har undertecknad unders\u00f6kt behovet om hj\u00e4lp f\u00f6r den s\u00e5 kallade Bostr\u00f6ms Anna, hon \u00e4r i v\u00e4rkeligen ett n\u00f6dens barn, fortfarande s\u00e4ngliggande sedan f\u00f6re jul, maktl\u00f6s och usel. Och derf\u00f6re anh\u00e5ller hos kyrkoherden och fattigv\u00e5rden om n\u00e5got underst\u00f6d kunde beviljas. Ov\u00e4rdigt i f\u00f6rtid g\u00f6ra f\u00f6rslag, men v\u00e5gar \u00e4ndock yttra: B\u00e4st tyckes vara att hon inaccorderades f\u00f6r ett visst f\u00f6r m\u00e5naden nu under vintern och kallaste tiden. Kunde h\u00e4nda att hon p\u00e5 sommaren tage sig mer f\u00f6re och kunde g\u00e5 omkring. Genom ett s\u00e5dant accord kunde hennes stora och fullv\u00e4xta dotter bjuda till s\u00f6ka sig tj\u00e4nst, som nu f\u00f6r modrens skull nyttjar tiggeriet och l\u00e4ttjan till sin st\u00f6rsta f\u00f6rm\u00e5n. L\u00e4mpligast vore hon kunde f\u00e5 blifva quar hos Isaacs enka, d\u00e5 hon kunde slippa blifva flyttad och dottren h\u00e4danf\u00f6st. <\/em><\/p>\n\n\n\n<p class=\"has-text-align-center\"><em>Wiktorp den 14 februari 1846. Jan Jansson.&#8221;<\/em><\/p>\n\n\n\n<p><em><br>Med anledning av ovanst\u00e5ende skrivelse anslogs till underst\u00f6d \u00e5t ofta n\u00e4mnda hustru Bostr\u00f6m 10 Rd Rgs f\u00f6r tre m\u00e5nader. Dessa tio Rd skulle av fattigv\u00e5rdskassan utbetalas till den som under tiden h\u00e4rb\u00e4rgerar, f\u00f6rs\u00f6rjer och v\u00e5rdar henne.<\/em><\/p>\n\n\n\n<p><em>\u00a72. Landbonden Anders Jansson fr\u00e5n Skr\u00e4ddartorp, f\u00f6retr\u00e4dde och anh\u00f6ll om ers\u00e4ttning f\u00f6r f\u00f6rsorg och v\u00e5rd om periodiskt sinnessjuka Maria \u00d6sterberg; och som det skriftligen intygades av bergsmannen P.J L\u00f6berg i Kandla och hemmansbrukarna C.G Bengtsson och Eric Norrlund vid Ljusnaren samt dessutom av flera blande de nu tillst\u00e4desvarande ledam\u00f6ter vitsordades, att bem\u00e4lda Maria \u00d6sterberg vistades hos Anders Jansson i Skr\u00e4ddartorp och av honom f\u00f6rs\u00f6rjdes, f\u00f6reslogs och bif\u00f6lls att han f\u00f6r Maria \u00d6sterbergs v\u00e5rdande och f\u00f6rs\u00f6rjande till den 1:a n\u00e4stkommande Maj skulle av fattigv\u00e5rdskassan bekomma tio \/10\/ Rd Rgs.<\/em><\/p>\n\n\n\n<p><em>\u00a73. Tillk\u00e4nnagavs att inhysesmannen, \u00e4nklingen Eric Persson vid Tall\u00e5sen hade en l\u00e5ng tid varit av sjukdom s\u00e4ngliggande och alldeles of\u00f6rm\u00f6gen f\u00f6rs\u00f6rja sig och en minder\u00e5rig son. D\u00e5 uppgiften h\u00e4rom av flera n\u00e4rvarande och fullkomligt trov\u00e4rdiga personer bestyrktes, beviljades \u00e5t n\u00e5mnda Eric Persson av fattigv\u00e5rdskassan Tio Rd Rgs till underst\u00f6d under vinterm\u00e5naderna. Och anmodades herr inspektor Frans Magnusson p\u00e5 Stjernfors att dessa medel utta och till Eric Perssons fune b\u00e4sta anv\u00e4nda.<br><\/em><\/p>\n\n\n\n<p><em>In fidem J.D Westholm<br>S\u00e5lunda beslutat och \u00f6verenskommet, uppl\u00e4st och erk\u00e4nt betyga \u00e5 f\u00f6rsamlingens v\u00e4gnar:<\/em><\/p>\n","protected":false},"excerpt":{"rendered":"<p>Maria \u00d6sterberg fortsatt d\u00e5lig och beh\u00f6ver v\u00e5rd och omsorg..<\/p>\n","protected":false},"author":1,"featured_media":834,"comment_status":"closed","ping_status":"closed","sticky":false,"template":"","format":"standard","meta":{"footnotes":""},"categories":[319,21],"tags":[321,173,251,14],"class_list":["post-1433","post","type-post","status-publish","format-standard","has-post-thumbnail","hentry","category-319","category-sockenstammoprotokoll","tag-bostrom","tag-kandla","tag-osterberg","tag-tallasen"],"_links":{"self":[{"href":"https:\/\/www.ljusnaren.se\/index.php\/wp-json\/wp\/v2\/posts\/1433","targetHints":{"allow":["GET"]}}],"collection":[{"href":"https:\/\/www.ljusnaren.se\/index.php\/wp-json\/wp\/v2\/posts"}],"about":[{"href":"https:\/\/www.ljusnaren.se\/index.php\/wp-json\/wp\/v2\/types\/post"}],"author":[{"embeddable":true,"href":"https:\/\/www.ljusnaren.se\/index.php\/wp-json\/wp\/v2\/users\/1"}],"replies":[{"embeddable":true,"href":"https:\/\/www.ljusnaren.se\/index.php\/wp-json\/wp\/v2\/comments?post=1433"}],"version-history":[{"count":2,"href":"https:\/\/www.ljusnaren.se\/index.php\/wp-json\/wp\/v2\/posts\/1433\/revisions"}],"predecessor-version":[{"id":1438,"href":"https:\/\/www.ljusnaren.se\/index.php\/wp-json\/wp\/v2\/posts\/1433\/revisions\/1438"}],"wp:featuredmedia":[{"embeddable":true,"href":"https:\/\/www.ljusnaren.se\/index.php\/wp-json\/wp\/v2\/media\/834"}],"wp:attachment":[{"href":"https:\/\/www.ljusnaren.se\/index.php\/wp-json\/wp\/v2\/media?parent=1433"}],"wp:term":[{"taxonomy":"category","embeddable":true,"href":"https:\/\/www.ljusnaren.se\/index.php\/wp-json\/wp\/v2\/categories?post=1433"},{"taxonomy":"post_tag","embeddable":true,"href":"https:\/\/www.ljusnaren.se\/index.php\/wp-json\/wp\/v2\/tags?post=1433"}],"curies":[{"name":"wp","href":"https:\/\/api.w.org\/{rel}","templated":true}]}}