{"id":1444,"date":"2025-03-07T16:07:35","date_gmt":"2025-03-07T16:07:35","guid":{"rendered":"https:\/\/www.ljusnaren.se\/?p=1444"},"modified":"2025-04-27T18:43:17","modified_gmt":"2025-04-27T18:43:17","slug":"1846-06-07","status":"publish","type":"post","link":"https:\/\/www.ljusnaren.se\/index.php\/2025\/03\/07\/1846-06-07\/","title":{"rendered":"1846-06-07"},"content":{"rendered":"\n<h3 class=\"wp-block-heading\">Protokoll f\u00f6rt vid allm\u00e4n sockenst\u00e4mma med Ljusnarsbergs f\u00f6rsamling den 7:e juni efter fjorton dagar f\u00f6rut skedd p\u00e5lysning med tillk\u00e4nnagivande av de till \u00f6verl\u00e4ggning f\u00f6rekommande \u00e4mnen.<\/h3>\n\n\n\n<p><em>\u00a71. Herr bruksinspektorn Frans Magnusson p\u00e5 Stjernfors hade till pastor ingivit ett v\u00e4rderingsinstrument \u00f6ver den brandskada herr brukspatronen och riddaren Eric Cederborgh samt dess torpare eller landbonde Anders Jansson vid Myggsj\u00f6n lidit genom den v\u00e5deld, som natten mellan 6 och 7 sistlidne april utbr\u00f6t \u00e5 sistn\u00e4mnde egendom, uppg\u00e5ende herr brukspatronen och riddaren Cederborghs f\u00f6rlust uti nedbr\u00e4nda hus till Etthundrade och trettiotre \/133\/ Riksdaler och 16 S Banco samt Anders Jansson f\u00f6rlorade l\u00f6sa egendom till en summa av Tv\u00e5hundradesexton \/216\/ Rd 32 S n\u00e4mnda mynt. Till f\u00f6lje h\u00e4rav hemst\u00e4llde pastor till f\u00f6rsamlingen om den icke nu, i likhet med vad tillf\u00f6rene i dylika fall \u00e4gt rum, ville l\u00e4mna de genom olyckan lidande n\u00e5gon ers\u00e4ttning ehuru Myggsj\u00f6 egendom icke vore i socknens allm\u00e4nna brandst\u00f6dsf\u00f6rening delaktig. F\u00f6rsamlingen beklagade att herr brukspatronen och riddaren Cederborgh genom den timade olyckan lidna f\u00f6rlust men trodde icke att herr brukspatronen f\u00f6r sin del \u00e4skade n\u00e5gon ers\u00e4ttning av socknen; d\u00e4remot ans\u00e5gs landbonden Anders Jansson vara i stort behov av underst\u00f6d i dess olyckliga bel\u00e4genhet och beviljade d\u00e4rf\u00f6r f\u00f6rsamlingen honom, Anders Jansson, en skadeers\u00e4ttning av Etthundrade Rd Banco utur socknens byggnadskassa.<\/em><\/p>\n\n\n\n<p><em>\u00a72. Uppl\u00e4ste pastor Konungens befallningshavandes i \u00d6rebro l\u00e4n skrivelse till pastors\u00e4mbetet i anledning av \u00e5tskilliga hemmans\u00e4gare inom denna socken hos konungens befallnigshavande gjorda ans\u00f6kan om att alla extra ordinarie utskylder och besv\u00e4r, som \u00e5ligga fastighet, m\u00e5tte lika som kronoutskylderna utg\u00e5 efter hemmantal. Konungens befallningshavandes p\u00e5 grund d\u00e4rav till pastors\u00e4mbetet avl\u00e5tna och nu uppl\u00e4sta f\u00f6rr bem\u00e4lda skrivelse var s\u00e5 lydande:<\/em><\/p>\n\n\n\n<p class=\"has-text-align-center\"><br><em>&#8221;\u00d6vers\u00e4ndes till pastors\u00e4mbetet i Ljusnarsbergs f\u00f6rsamling , som anmodas l\u00e4mna sockenm\u00e4nnen tillf\u00e4lle att \u00e5 sockenst\u00e4mma eller genom d\u00e4r valda ombud f\u00f6resl\u00e5 de grunder, som kunna finnas billiga f\u00f6r utg\u00f6randet av extra ordinarie utskylder och besv\u00e4r, som fastighet \u00e5ligga, samt i de fall d\u00e4r de anses icke l\u00e4mpligen eller billigtvis kunna utg\u00e5 efter den genom Kongl. brevet den 8:e maj 1829 i allm\u00e4nhet stadgade grund eller hemmantal, uppskatta och till viss taxa s\u00e4tta varje fastighet inom socknen efter inb\u00f6rdes v\u00e4rde och till\u00e4ventyrs olika sv\u00e5righet att ett eller annat besv\u00e4r fullg\u00f6ra; varefter s\u00e5lunda uppr\u00e4ttade f\u00f6rslag och taxor, tillika med \u00f6vriga handlingarna i m\u00e5let, b\u00f6ra efterl\u00e4mnas till h\u00e4radsh\u00f6vdingen i orten, p\u00e5 det att sedan h\u00e4radsboerna j\u00e4mte kronofogden blivit vid tinget h\u00f6rda, h\u00e4radsr\u00e4tten m\u00e5 kunna vidare utl\u00e5tande avgiva konungens befallningshavandes pr\u00f6vning underst\u00e4lla <\/em><\/p>\n\n\n\n<p class=\"has-text-align-center\"><em>\u00d6rebro slott i landskansliet den 3:e april 1846<br>E.J Bergenschi\u00f6ld \/ G. H\u00f6kerberg.&#8221;<\/em><\/p>\n\n\n\n<p><br><em>Efter uppl\u00e4sandet h\u00e4rav ans\u00e5gs f\u00f6rsamlingens nu n\u00e5gorlunda talrikt f\u00f6rsamlade ledam\u00f6ter l\u00e4mpligast vore att v\u00e4lja ombud, vilka b\u00f6r, efter \u00e4gande eller f\u00f6rv\u00e4rvande k\u00e4nnedom om egendomarnas relativa v\u00e4rde och beskaffenhet uppskatta och till viss taxa s\u00e4tta varje fastighet inom socknen. Sedan man h\u00e4rom kommit \u00f6verens, uppmanade pastor f\u00f6rsamlingens ledam\u00f6ter att, innan valet av dessa ombud f\u00f6retas, best\u00e4mma ett visst antal av s\u00e5dana ombud eller ledam\u00f6ter uti den blivande uppskattnings- eller taxeringskommitt\u00e9n. Till f\u00f6ljd av denna pastors framst\u00e4llning besl\u00f6t att ombuden borde bil elva \/11\/ och p\u00e5 det en s\u00e5 noggran k\u00e4nnedom som m\u00f6jligt m\u00e5tte om varje egendom vinnas skulle v\u00e4ljas ett ombud inom varje av socknens \u00e5tta rotar och de tre \u00f6vriga efter det allm\u00e4nna f\u00f6rtroendet kunde \u00e4ga och utan avseende p\u00e5 till vilken rote de h\u00f6rde. Sedan detta beslut blivit fattat skreds till sj\u00e4lva valet varvid till ombud valdes inom Bruks roten h\u00e4radsdomaren, bergslagskass\u00f6ren herr Johan Adler p\u00e5 Kyrkbacken, Heds roten, n\u00e4mndeman Per Persson i Dahlstorp, Norrsj\u00f6 roten n\u00e4mndeman herr Eric Kronberg p\u00e5 Lill\u00e4ng, Stjernfors roten l\u00f6jtnanten h\u00f6gv\u00e4lborne greven herr H.I M\u00f6rner p\u00e5 Stjernfors, Ljusnars roten n\u00e4mndeman Eric Persson i Wiken, Stellbergs roten herr P.F Behrling vid Sundet, H\u00f6rks f\u00f6rsta rote: N\u00e4mndeman Jan Persson vid Stora Sten och H\u00f6rks andra rote n\u00e4mndeman Peter Persson i Br\u00e4nnby.<\/em><\/p>\n\n\n\n<p><br><em>D\u00e4refter valdes i enligt med ovann\u00e4mnda fattade beslut tre ledam\u00f6ter utan avseende p\u00e5 indelning av roten och f\u00f6r d\u00e5 valet p\u00e5 herr ingenj\u00f6r F.G Ericsson p\u00e5 Heden, herr brukspatron C.I Carlberg p\u00e5 Konstdammen och n\u00e4mndemannen Eric Segelstr\u00f6m vid V\u00e4stra L\u00f6ffallet.<\/em><br><em>Efter detta val i all fredlighet och endr\u00e4kt f\u00f6rsig gottgjorde pastor f\u00f6rfr\u00e5gan om till vilken av de valda ombuden, han, efter n\u00e4sta s\u00f6ndag h\u00e5llen protokollsjustering, skulle \u00f6verl\u00e4mna de, r\u00f6rande denna angel\u00e4genhet, viktiga handlingar dem Konungens befallningshavande till pastors\u00e4mbetet \u00f6vers\u00e4nt. H\u00e4r svarades att dessa handlingar skulle \u00f6verl\u00e4mnas \u00e5t herr kass\u00f6ren Johan Adler, vilken f\u00f6rsamlingen h\u00e4rmed ville ha anmodad att uts\u00e4tta dag d\u00e5 de valda ombuden b\u00f6r sammantr\u00e4da samt om dagen och st\u00e4llet i f\u00f6r detta sammantr\u00e4de i beh\u00f6rig tid utf\u00e4rda kallelse, som fr\u00e5n predikstolen borde uppl\u00e4sas.<\/em><\/p>\n\n\n\n<p><br><em>\u00a73. F\u00f6ljande fattiga f\u00f6retr\u00e4dde och beg\u00e4rde underst\u00f6d:<\/em><\/p>\n\n\n\n<ol class=\"wp-block-list\">\n<li><em>Carl Olssons fr\u00e5n \u00d6stra Elfh\u00f6jden hustru, beklagade sig att mannens sjuklighet \u00e4nnu fortfore och att hon till f\u00f6ljd d\u00e4rav icke \u00e4gde n\u00e5got till f\u00f6da \u00e5t sina m\u00e5nga barn. F\u00f6rsamlingen som redan f\u00f6rut p\u00e5 v\u00e5ren tilldelat henne ett tillf\u00e4lligt underst\u00f6d av Fem Rd Banco, anordnade nu ytterligare \u00e5t detta hush\u00e5ll en \u00e5tting r\u00e5g och fj\u00e4rding havre.<\/em><\/li>\n\n\n\n<li><em>Backstugusittaren Jan Anderssons fr\u00e5n Lilla Smedberget \u00e5 Brusala skog hustru anh\u00f6ll, att en\u00e4r f\u00f6ren\u00e4mnde hennes man f\u00f6r n\u00e5got \u00f6ver fem veckor sedan genom ett huggs\u00e5r i h\u00f6gra kn\u00e4leden blivit till den grad of\u00e4rdig att han allt sedan m\u00e5st h\u00e5llas vid s\u00e4ngen och vore s\u00e5ledes urst\u00e5ndsatt att genom arbete f\u00f6rtj\u00e4na sitt livsuppeh\u00e4ll. F\u00f6rsamlingen ville l\u00e4mna honom n\u00e5got underst\u00f6d i denna hans olyckliga bel\u00e4genhet. Denna hennes beg\u00e4ran avslogs emedan f\u00f6rsamlingen icke trodde Jan Andersson var i ett s\u00e5 utblottat tillst\u00e5nd, som nu uppgavs men om f\u00f6rh\u00e5llandet verkligen skulle vara s\u00e5 beklagansv\u00e4rt f\u00f6rmodades att han skulle fr\u00e5n Brusala erh\u00e5lla n\u00f6digt livsuppeh\u00e4lle.<\/em><\/li>\n\n\n\n<li><em>Jan Erssons \u00e4nka fr\u00e5n Stenharn, som under vinterm\u00e5naderna bekommit utur fattigv\u00e5rdskassan Tio Rd Rgs bad nu om ytterligare underst\u00f6d. F\u00f6rsamlingens n\u00e4rvarande ledam\u00f6ter ans\u00e5g henne \u00e4ga s\u00e5 mycket krafter att hon under sommarm\u00e5naderna kunde g\u00e5 fr\u00e5n g\u00e5rd till g\u00e5rd och p\u00e5 detta s\u00e4tt erh\u00e5lla vad till livets uppeh\u00e4lle oundg\u00e4ngligast erfordrades vadan icke heller \u00e5t henne n\u00e5got unders\u00f6d kunde f\u00f6rr\u00e4n i h\u00f6st ansl\u00e5s.<\/em><\/li>\n<\/ol>\n\n\n\n<p><br><em>S\u00e5lunda \u00f6verenskommet, valt och beslutat samt uppl\u00e4st och erk\u00e4nt betyga \u00e5 f\u00f6rsamlingens v\u00e4gnar.<br>J.D Westholm ordf\u00f6rande pastor<\/em><\/p>\n\n\n\n<p><em><br>Vid justeringen av f\u00f6reg\u00e5ende protokoll var inga n\u00e4rvarande av dem som f\u00f6rlidne s\u00f6ndag deltog i besluten, intygar J.D Westholm<\/em><\/p>\n\n\n\n<p><em>Den med besluten och valen uti f\u00f6reg\u00e5ende protokoll missn\u00f6jde, m\u00e5 deri s\u00f6ka \u00e4ndring genom besv\u00e4r, som ingivas till Konungens befallningshavandes i \u00d6rebro innan kl 12 \u00e5 trettionde dagen eller, om helgdag d\u00e5 infaller, dagen d\u00e4refter , r\u00e4knad antingen fr\u00e5n beslutets kung\u00f6rande eller d\u00e4rav bevisligen erh\u00e5llen del, den dagen r\u00e4knad, d\u00e5 s\u00e5dant skett; b\u00f6rande den med besluten eller valen missn\u00f6jde bifoga sina besv\u00e4r ej allenast de \u00f6verklagade besluten, utan \u00e4ven bevis, n\u00e4r besluten kungjordes eller blevo honom tillst\u00e4llda, \u00e5liggande j\u00e4mnv\u00e4l den klagande att, inom fjorton dagar, efter det besv\u00e4ren senast bort inl\u00e4mnas hos Konungens befallningshavande, till sockenst\u00e4mmans ordf\u00f6rande avl\u00e4mna diarii utdrag \u00f6ver besv\u00e4ren inl\u00e4mnade.<\/em><\/p>\n\n\n\n<p><em>F\u00f6rest\u00e5ende sockenst\u00e4mmoprotokoll j\u00e4mte besv\u00e4rsh\u00e4nvisningen \u00e4ro fr\u00e5n Ljusnarsbergs kyrkas predikstol uppl\u00e4sta den 21 juni 1846.<br>J. Milenius<\/em><\/p>\n\n\n\n<p><em>F\u00f6reg\u00e5ende sockenst\u00e4mmoprotokoll \u00e4r helt och h\u00e5llet j\u00e4mnte den i 6\u00a7 meddelade besv\u00e4rsh\u00e4nvisningen, denna dag fr\u00e5n Ljusnarsbergs kyrkas predikstol uppl\u00e4st betygas av Ljusnarsberg den 7:e juni 1846<br>J.D Westholm<\/em><\/p>\n","protected":false},"excerpt":{"rendered":"<p>Landbonden Anders Jansson vid Myggsj\u00f6ns torp har brunnit ner och allt \u00e4r borta&#8230;.<\/p>\n","protected":false},"author":1,"featured_media":738,"comment_status":"closed","ping_status":"closed","sticky":false,"template":"","format":"standard","meta":{"footnotes":""},"categories":[319,26,21],"tags":[105,272],"class_list":["post-1444","post","type-post","status-publish","format-standard","has-post-thumbnail","hentry","category-319","category-brand","category-sockenstammoprotokoll","tag-brandskada","tag-brandskydd"],"_links":{"self":[{"href":"https:\/\/www.ljusnaren.se\/index.php\/wp-json\/wp\/v2\/posts\/1444","targetHints":{"allow":["GET"]}}],"collection":[{"href":"https:\/\/www.ljusnaren.se\/index.php\/wp-json\/wp\/v2\/posts"}],"about":[{"href":"https:\/\/www.ljusnaren.se\/index.php\/wp-json\/wp\/v2\/types\/post"}],"author":[{"embeddable":true,"href":"https:\/\/www.ljusnaren.se\/index.php\/wp-json\/wp\/v2\/users\/1"}],"replies":[{"embeddable":true,"href":"https:\/\/www.ljusnaren.se\/index.php\/wp-json\/wp\/v2\/comments?post=1444"}],"version-history":[{"count":3,"href":"https:\/\/www.ljusnaren.se\/index.php\/wp-json\/wp\/v2\/posts\/1444\/revisions"}],"predecessor-version":[{"id":1447,"href":"https:\/\/www.ljusnaren.se\/index.php\/wp-json\/wp\/v2\/posts\/1444\/revisions\/1447"}],"wp:featuredmedia":[{"embeddable":true,"href":"https:\/\/www.ljusnaren.se\/index.php\/wp-json\/wp\/v2\/media\/738"}],"wp:attachment":[{"href":"https:\/\/www.ljusnaren.se\/index.php\/wp-json\/wp\/v2\/media?parent=1444"}],"wp:term":[{"taxonomy":"category","embeddable":true,"href":"https:\/\/www.ljusnaren.se\/index.php\/wp-json\/wp\/v2\/categories?post=1444"},{"taxonomy":"post_tag","embeddable":true,"href":"https:\/\/www.ljusnaren.se\/index.php\/wp-json\/wp\/v2\/tags?post=1444"}],"curies":[{"name":"wp","href":"https:\/\/api.w.org\/{rel}","templated":true}]}}