{"id":1485,"date":"2025-03-11T17:38:04","date_gmt":"2025-03-11T17:38:04","guid":{"rendered":"https:\/\/www.ljusnaren.se\/?p=1485"},"modified":"2025-04-27T18:43:17","modified_gmt":"2025-04-27T18:43:17","slug":"1835-10-04","status":"publish","type":"post","link":"https:\/\/www.ljusnaren.se\/index.php\/2025\/03\/11\/1835-10-04\/","title":{"rendered":"1835-10-04"},"content":{"rendered":"\n<h2 class=\"wp-block-heading\">Protokoll h\u00e5llet den 4 oktober 1835<\/h2>\n\n\n\n<p><em>Enligt f\u00f6rut skedd p\u00e5lysning vore fattigv\u00e5rdens ledam\u00f6ter f\u00f6rsamlade uti sockenstugan f\u00f6r att enligt 4:e \u00a7 1 mom: av reglementet f\u00f6r fattigv\u00e5rden uppg\u00f6ra anslag f\u00f6r f\u00f6rsamlingens fattighjon f\u00f6r \u00e5r 1836.<\/em><\/p>\n\n\n\n<p><em>\u00a71 Fullt underh\u00e5ll skulle f\u00f6r n\u00e4sta \u00e5r likasom f\u00f6r alla utg\u00e5 med 60 Rd Rgs och efter noggrann ompr\u00f6vning av vart och ett fattighjons anm\u00e4lda av k\u00e4nda behov bli f\u00f6r dem underh\u00e5ll f\u00f6r \u00e5ret f\u00f6ljande summor anslagna<\/em><\/p>\n\n\n\n<figure class=\"wp-block-table\"><table><tbody><tr><td><\/td><td class=\"has-text-align-left\" data-align=\"left\">Av fattigv\u00e5rden projekterade medel<\/td><td>Rd<\/td><\/tr><tr><td><\/td><td class=\"has-text-align-left\" data-align=\"left\">Br\u00e5t Sara<\/td><td>40<\/td><\/tr><tr><td><\/td><td class=\"has-text-align-left\" data-align=\"left\">Bj\u00f6rnbergs \u00e4nka<\/td><td>45<\/td><\/tr><tr><td><\/td><td class=\"has-text-align-left\" data-align=\"left\">Lunds Lisa<\/td><td>50<\/td><\/tr><tr><td><\/td><td class=\"has-text-align-left\" data-align=\"left\">Spel Pelle<\/td><td>30<\/td><\/tr><tr><td>Dahltorp<\/td><td class=\"has-text-align-left\" data-align=\"left\">\u00c4nkan Stina Jansdotter<\/td><td>30<\/td><\/tr><tr><td>R\u00e4lln<\/td><td class=\"has-text-align-left\" data-align=\"left\">Eric Perssons vansinniga dotter<\/td><td>45<\/td><\/tr><tr><td>Lunds\u00e4ng<\/td><td class=\"has-text-align-left\" data-align=\"left\">B\u00e5tjankens sv\u00e4rmor<\/td><td>60<\/td><\/tr><tr><td>Stjernfors<\/td><td class=\"has-text-align-left\" data-align=\"left\">Petter Jarlsberg. Petter Jansson vid Ljusnarssund<\/td><td>50<\/td><\/tr><tr><td>Ris\u00e5n<\/td><td class=\"has-text-align-left\" data-align=\"left\">Sven Bredenberg. Per Jansson vid V\u00e4stra Nybygget<\/td><td>45<\/td><\/tr><tr><td>S:a Bredsj\u00f6n<\/td><td class=\"has-text-align-left\" data-align=\"left\">Maja Christoffersdotter<\/td><td>50<\/td><\/tr><tr><td>Svartviken<\/td><td class=\"has-text-align-left\" data-align=\"left\">Pigan Lisa Greta Ersdotter<\/td><td>45<\/td><\/tr><tr><td>Ufberg<\/td><td class=\"has-text-align-left\" data-align=\"left\">Cathrina Zachrisdotter<\/td><td>45<\/td><\/tr><tr><td><\/td><td class=\"has-text-align-left\" data-align=\"left\">Dal Olles hustru<\/td><td>45<\/td><\/tr><tr><td><\/td><td class=\"has-text-align-left\" data-align=\"left\">Vik Anna Olsdotter<\/td><td>45<\/td><\/tr><tr><td>Kisttj\u00e4rn<\/td><td class=\"has-text-align-left\" data-align=\"left\">Anders Ersson<\/td><td>45<\/td><\/tr><tr><td>B\u00e5tg\u00e5rden<\/td><td class=\"has-text-align-left\" data-align=\"left\">B\u00e5t Maja<\/td><td>60<\/td><\/tr><tr><td>F\u00e4bobacken<\/td><td class=\"has-text-align-left\" data-align=\"left\">\u00c4nkan Stina Nilsdotter<\/td><td>50<\/td><\/tr><tr><td><\/td><td class=\"has-text-align-left\" data-align=\"left\">\u00c4nkan Stina Danielsdotter Stjelkbergs (&#8230;)<\/td><td>60<\/td><\/tr><tr><td>Yxsj\u00f6n<\/td><td class=\"has-text-align-left\" data-align=\"left\">Jan Nilsson<\/td><td>40<\/td><\/tr><tr><td>Kvarnbacken<\/td><td class=\"has-text-align-left\" data-align=\"left\">Anders Nilssons \u00e4nka<\/td><td>65<\/td><\/tr><tr><td>S\u00f6rviksmossen<\/td><td class=\"has-text-align-left\" data-align=\"left\">Stina Abrahamsdotter<\/td><td>52<\/td><\/tr><tr><td><\/td><td class=\"has-text-align-left\" data-align=\"left\">Jan Mats \u00e4nka vid R\u00e4lln<\/td><td>75<\/td><\/tr><tr><td>Ljusnarsbergsg\u00e5rd<\/td><td class=\"has-text-align-left\" data-align=\"left\">Stina Strandell<\/td><td>60<\/td><\/tr><tr><td><\/td><td class=\"has-text-align-left\" data-align=\"left\">Anders Jansson Ryss barn:<\/td><td><\/td><\/tr><tr><td><\/td><td class=\"has-text-align-left\" data-align=\"left\">Den \u00e4ldsta Eric Andersson vid Sm\u00e4ltarbacken<\/td><td>30<\/td><\/tr><tr><td><\/td><td class=\"has-text-align-left\" data-align=\"left\">Den mellersta gruvsmeden Johan Lindberg<\/td><td>30<\/td><\/tr><tr><td><\/td><td class=\"has-text-align-left\" data-align=\"left\">Den yngsta Jan Larsson i Forstorp<\/td><td>40<\/td><\/tr><tr><td>Kolheden<\/td><td class=\"has-text-align-left\" data-align=\"left\">Anna Lisa Lundberg<\/td><td>25<\/td><\/tr><tr><td>Nya V\u00e4gen<\/td><td class=\"has-text-align-left\" data-align=\"left\">(&#8230;) mor<\/td><td>25<\/td><\/tr><tr><td>V:a L\u00f6ffallet<\/td><td class=\"has-text-align-left\" data-align=\"left\">Eric Anderssons \u00e4nka<\/td><td>20<\/td><\/tr><tr><td>S:a Bredsj\u00f6n<\/td><td class=\"has-text-align-left\" data-align=\"left\">\u00c4nkan Stina Matsdotter<\/td><td>25<\/td><\/tr><tr><td>Svartfallet<\/td><td class=\"has-text-align-left\" data-align=\"left\">\u00c4nkan Maja Ericsdotter<\/td><td>10<\/td><\/tr><tr><td>Stenharn<\/td><td class=\"has-text-align-left\" data-align=\"left\">Gamla pigan Andersdotter, f.1762 of\u00e4rdig. \u00c4nkan Maja Larsdotter<\/td><td>7,24<\/td><\/tr><tr><td><\/td><td class=\"has-text-align-left\" data-align=\"left\">Taller Anna<\/td><td>5<\/td><\/tr><tr><td>Eskilstorp<\/td><td class=\"has-text-align-left\" data-align=\"left\">\u00c4nkan Maja Jansdotter<\/td><td>5<\/td><\/tr><tr><td>S Elgfallet<\/td><td class=\"has-text-align-left\" data-align=\"left\">Anna Olsdotter<\/td><td>5<\/td><\/tr><tr><td>R\u00e5stock<\/td><td class=\"has-text-align-left\" data-align=\"left\">Dr. Jan Persson<\/td><td>2<\/td><\/tr><tr><td>Gunnarstorp<\/td><td class=\"has-text-align-left\" data-align=\"left\">\u00c4nkan Maja Persdotter<\/td><td>2<\/td><\/tr><tr><td>Sn\u00e4lltorp<\/td><td class=\"has-text-align-left\" data-align=\"left\">Eric Mattssons \u00e4nka 2 tunnor r\u00e5g a 14<\/td><td>28<\/td><\/tr><tr><td>K\u00e4lltj\u00e4rn<\/td><td class=\"has-text-align-left\" data-align=\"left\">Eric Larssons \u00e4nka 2 tunnor r\u00e5g a 14<\/td><td>28<\/td><\/tr><tr><td>H\u00f6rksmossen<\/td><td class=\"has-text-align-left\" data-align=\"left\">Fredrik Erssons \u00e4nka 2 tunnor r\u00e5g a 14<\/td><td>28<\/td><\/tr><tr><td>\u00d6stra Kumlan<\/td><td class=\"has-text-align-left\" data-align=\"left\">Carin Ersdotter<\/td><td>45<\/td><\/tr><tr><td><\/td><td class=\"has-text-align-left\" data-align=\"left\"><\/td><td><\/td><\/tr><tr><td>Summa<\/td><td class=\"has-text-align-left\" data-align=\"left\">Rd Rgs<\/td><td>1499, 24<\/td><\/tr><\/tbody><\/table><\/figure>\n\n\n\n<p><em>\u00a72 Till bestridande av f\u00f6rest\u00e5ende 1499 Rd 24 S B:o f\u00f6reslogs, att av socknen skulle uppb\u00e4ras 64 organisttaxor utg\u00f6rande:1280 Rd<br>av fattigkassan tillskjuts 250 Rd. De vanliga uppb\u00f6rdsmedlen av g\u00e4rningsm\u00e4n med flera: 75 Rd<\/em><\/p>\n\n\n\n<p><em>Summa: 1505 Rd<\/em><\/p>\n\n\n\n<p><em>Det obetydliga \u00f6verskottet redovisas av fattigf\u00f6rest\u00e5ndaren \u00e4vensom f\u00f6r att som \u00e5tta \u00e5r kan bli \u00f6ver.<\/em><\/p>\n\n\n\n<p><em>\u00a73. Fattiga kvinnan Maja Larsdotter (\u2026), som f\u00f6rut varit inackorderad, men ej trivs p\u00e5 n\u00e5got st\u00e4lle, skall f\u00e5 skriftlig till\u00e5telse, att g\u00e5 kring socken, s\u00e5 l\u00e4nge hennes h\u00e4lsa till\u00e5ter<\/em><\/p>\n\n\n\n<p><em>\u00a74. Skulle n\u00e5gra, som undf\u00e5tt 1\/3-dels underh\u00e5ll och d\u00e4rf\u00f6r blivit inackorderad eller lovat att h\u00e5lla sig sj\u00e4lv besv\u00e4ra socken med tiggande bli de sitt underh\u00e5ll f\u00f6rlustiga &#8211; \u00e4ven s\u00e5 bli de \u00e4nkor, som f\u00f6r sina m\u00e5nga barns skull undf\u00e5tt underh\u00e5ll att samma f\u00f6r utan, s\u00e5 framt de icke l\u00e4r sina barn l\u00e5ta v\u00e4l innan och utan till (..) de fyllt 10 \u00e5r.<\/em><\/p>\n\n\n\n<p><em>S\u00e5lunda \u00f6verenskommet och beslutat intygar:<\/em><\/p>\n\n\n\n<p><em>Gust: Godenius<br>Ordf\u00f6rande<\/em><\/p>\n\n\n\n<p><em>I allm\u00e4n sockenst\u00e4mma uppl\u00e4st och erk\u00e4nt . Ljusnarsberg den 25 oktober 1835.<br>Gust: Godenius<br>Ordf\u00f6rande<\/em><\/p>\n\n\n\n<p><em>Jan Jansson<br>J. Bostr\u00f6m p\u00e5 Tappen.<\/em><\/p>\n\n\n\n<p><\/p>\n","protected":false},"excerpt":{"rendered":"<p>Projekterad lista \u00f6ver kostnader f\u00f6r fattigunderst\u00f6det f\u00f6r n\u00e4stkommande \u00e5r, 1836. <\/p>\n","protected":false},"author":1,"featured_media":1463,"comment_status":"closed","ping_status":"closed","sticky":false,"template":"","format":"standard","meta":{"footnotes":""},"categories":[325,324,21],"tags":[],"class_list":["post-1485","post","type-post","status-publish","format-standard","has-post-thumbnail","hentry","category-325","category-fattigvardsstyrelsen","category-sockenstammoprotokoll"],"_links":{"self":[{"href":"https:\/\/www.ljusnaren.se\/index.php\/wp-json\/wp\/v2\/posts\/1485","targetHints":{"allow":["GET"]}}],"collection":[{"href":"https:\/\/www.ljusnaren.se\/index.php\/wp-json\/wp\/v2\/posts"}],"about":[{"href":"https:\/\/www.ljusnaren.se\/index.php\/wp-json\/wp\/v2\/types\/post"}],"author":[{"embeddable":true,"href":"https:\/\/www.ljusnaren.se\/index.php\/wp-json\/wp\/v2\/users\/1"}],"replies":[{"embeddable":true,"href":"https:\/\/www.ljusnaren.se\/index.php\/wp-json\/wp\/v2\/comments?post=1485"}],"version-history":[{"count":2,"href":"https:\/\/www.ljusnaren.se\/index.php\/wp-json\/wp\/v2\/posts\/1485\/revisions"}],"predecessor-version":[{"id":1487,"href":"https:\/\/www.ljusnaren.se\/index.php\/wp-json\/wp\/v2\/posts\/1485\/revisions\/1487"}],"wp:featuredmedia":[{"embeddable":true,"href":"https:\/\/www.ljusnaren.se\/index.php\/wp-json\/wp\/v2\/media\/1463"}],"wp:attachment":[{"href":"https:\/\/www.ljusnaren.se\/index.php\/wp-json\/wp\/v2\/media?parent=1485"}],"wp:term":[{"taxonomy":"category","embeddable":true,"href":"https:\/\/www.ljusnaren.se\/index.php\/wp-json\/wp\/v2\/categories?post=1485"},{"taxonomy":"post_tag","embeddable":true,"href":"https:\/\/www.ljusnaren.se\/index.php\/wp-json\/wp\/v2\/tags?post=1485"}],"curies":[{"name":"wp","href":"https:\/\/api.w.org\/{rel}","templated":true}]}}