{"id":1613,"date":"2025-04-21T19:04:41","date_gmt":"2025-04-21T19:04:41","guid":{"rendered":"https:\/\/www.ljusnaren.se\/?p=1613"},"modified":"2025-04-27T18:43:17","modified_gmt":"2025-04-27T18:43:17","slug":"vadaskottet-pa-eskilsbygge","status":"publish","type":"post","link":"https:\/\/www.ljusnaren.se\/index.php\/2025\/04\/21\/vadaskottet-pa-eskilsbygge\/","title":{"rendered":"V\u00e5daskottet p\u00e5 Eskilsbygge"},"content":{"rendered":"\n<p>Den 22-\u00e5riga Johan Gezelius, boende hemma hos sina f\u00f6r\u00e4ldrar och den som f\u00f6rs\u00f6rjer familjen, blir v\u00e4ckt tidigt en s\u00f6ndagmorgon i april anno 1849. Fadern \u00f6nskar att Johan provar s\u00f6ka en orre i skogen att skjuta. S\u00e5 Johan laddar sin hagelb\u00f6ssa och beger sig ut i den m\u00f6rka men gryende v\u00e5rmorgonen. Men i skogen finns intet och han \u00e5terv\u00e4nder hem, d\u00e4r han hittar Fredrik Andersson fr\u00e5n \u00d6stra Born som varit ute i samma \u00e4rende, f\u00e5geljakt, sittandes med fadern Carl Gustaf Gezelius och spr\u00e5ka om s\u00e5dant som folk ber\u00f6rde i mitten av 1800-talet. Johan h\u00e4nger i vanlig ordning sin b\u00f6ssa under taket i stugan och sl\u00e5r sig ner.<\/p>\n\n\n\n<p>Tillsammans \u00e4ter de tre dagens f\u00f6rsta m\u00e5ltid, d\u00e4r fadern d\u00e4refter bjuder p\u00e5 en sup. I deras arla morgonstund i gemenskap, s\u00e5 \u00e4r bes\u00f6karen Fredrik nyfiken p\u00e5 kamraten Johans b\u00f6ssa som enligt utsago ska ha en intressant gravyr. Johan plockar ner b\u00f6ssan fr\u00e5n taket f\u00f6r att l\u00e5ta gravyren bli besk\u00e5dad och vidare diskuterad. D\u00e5 uppt\u00e4cker han att avtryckaren lossnat, varf\u00f6r reparationer p\u00e5b\u00f6rjas &#8211; vilket samtidigt \u00e4r inledningen till den tragiska olycka ingen kunde f\u00f6rutse&#8230;&#8230;..<\/p>\n\n\n\n<h3 class=\"wp-block-heading\">Prolog:<\/h3>\n\n\n\n<p>Nedan finns fyra delar. <em>Urtima ting vid Ljusnarsberg: R\u00e4tteg\u00e5ngsprotokollet<\/em>, samt fyra efterf\u00f6ljande delar som \u00e4r ing\u00e5ende st\u00f6d till rannsakningen. F\u00f6rutom ett varningens ord f\u00f6r l\u00e4sning av &#8221;<em>Litt A: Obduktionsprotokollet&#8221; <\/em>(som \u00e4r grafiskt och \u00f6vertydligt), s\u00e5 rekommenderas d\u00e4remot &#8221;<em>Litt C: Erik Segelstr\u00f6ms vittnesm\u00e5l<\/em>&#8221;  &#8211; denna utsaga avsl\u00f6jar den m\u00e4nskliga och sorgliga aspekten i n\u00e5gon lite bredare utstr\u00e4ckning \u00e4n vad r\u00e4tteg\u00e5ngsprotokollet f\u00f6rm\u00e5r g\u00f6ra.<\/p>\n\n\n\n<p><\/p>\n\n\n\n<p><\/p>\n\n\n\n<div class=\"wp-block-group has-accent-5-background-color has-background has-global-padding is-layout-constrained wp-container-core-group-is-layout-5fb0786f wp-block-group-is-layout-constrained\">\n<h3 class=\"wp-block-heading\"><em>Urtima ting vid Ljusnarsbergs kyrka, den 21:a maj 1849<\/em><\/h3>\n\n\n\n<p><em>\u00c5r 1849 den 21:a maj inst\u00e4llde sig undertecknad E.O notarie i Kongl. Majts och Rikets Svea Hovr\u00e4tt i tingshuset vid Ljusnarsbergs kyrka, att till f\u00f6ljd av Kongl Hovr\u00e4ttens den 7:e innevarande m\u00e5nad meddelade konstitutorial och sedan domared inf\u00f6r konungens befallningshavande i l\u00e4net den 14:e denna blivit avlagd, h\u00e5lla urtima ting med Nya Kopparbergs bergslags h\u00e4rad; d\u00e4rvid vore n\u00e4rvarande av h\u00e4radets edsvurna;<br>N\u00e4mndeman Johan Adler p\u00e5 Kyrkbacken, h\u00e4radsdomare Erik Hellsten i Bj\u00f6rkbro, Erik Persson i Wiken, Erik Jansson i Stenn\u00e4s, Eric Persson i Dahltorp och Anders Andersson i Bj\u00f6rk\u00e4ng; varj\u00e4mte f\u00f6r fyllande av domf\u00f6rt antal i n\u00e4mnden, Br Eilas Ericsson fick framtr\u00e4da och efter avlagd domared, intaga s\u00e4te i r\u00e4tten.<\/em><\/p>\n\n\n\n<p><em><br>\u00a71. Uppl\u00e4stes det f\u00f6r undertecknad utf\u00e4rdade konstitutorial, varefter lystes ting och tingsfrid.<\/em><\/p>\n\n\n\n<p><br><em>\u00a72. Sedan hos domhavanden anm\u00e4lt blivit att backstugesittaren Carl Gustaf Gezelius vid Eskilsbygge p\u00e5 Sunds \u00e4gor, den 23:e sistlidna april avlidit genom f\u00f6ljderna av ett f\u00f6reg\u00e5ende dag utav hans son dr\u00e4ngen Johan Gezelius i v\u00e5da avlossat skott som medica-legal obduktion \u00e5 Carl Gustaf Gezelii d\u00f6da kropp blivit f\u00f6ranstaltad; s\u00e5 inst\u00e4llde sig nu \u00e5 denna till rannsakningen utsatta dag l\u00e4nsmannen i h\u00e4radet P.F Floding i egenskap av allm\u00e4n \u00e5klagare, samt tilltalade dr\u00e4ngen Johan Gezelius i Eskilsbygge personligen, sedan vid f\u00f6redrogs och uppl\u00e4stes dels det domhavanden tillhandakomna obduktionsprotokollet, som var av f\u00f6ljande inneh\u00e5ll. Litt A; och dels f\u00f6ljande av \u00e5klagaren inl\u00e4mnade unders\u00f6kningsprotokoll; Litt B.<\/em><\/p>\n<\/div>\n\n\n\n<div class=\"wp-block-group has-accent-5-background-color has-background has-global-padding is-layout-constrained wp-container-core-group-is-layout-5fb0786f wp-block-group-is-layout-constrained\">\n<p><em>Johan Gezelius, som ang\u00e5ende sina levnadsomst\u00e4ndigheter ber\u00e4ttade att han vore 22 \u00e5r gammal, att hans f\u00f6r\u00e4ldrar var numera avlidna backstugesittaren Carl Gustaf Gezelius vid Eskilsbygge p\u00e5 Sunds \u00e4gor och dennas efterlevande \u00e4nka Anna Maria Persdotter samt det han, utan antagande av \u00e5rstj\u00e4nst allt hitintills vistats hemma hos sina f\u00f6r\u00e4ldrar, avgav om f\u00f6rloppet vid den olycksh\u00e4ndelse, varf\u00f6r han vore tilltalad, under synbar r\u00f6relse, f\u00f6ljande ber\u00e4ttelse: att han tidigt p\u00e5 morgonen den 22:a sistlidna april blivit av fadern v\u00e4ckt med tills\u00e4gelse att g\u00e5 ut p\u00e5 jakt efter f\u00e5gel, vilken han \u00e4ven gjort sedan han f\u00f6rst laddat sin b\u00f6ssa med ett stort skott hagel; att Gezelius, efter n\u00e5gra timmars kringstr\u00f6vande utan att kunna antr\u00e4ffa n\u00e5got villebr\u00e5d, \u00e5terv\u00e4nt till hemmet, d\u00e4r han i taket inne i stugan upph\u00e4ngt sitt oavlossade gev\u00e4r; att d\u00e5 Gezelius i s\u00e4llskap med sin fader och en f\u00f6re Gezelii hemkomst till Eskilsbygge anl\u00e4nd dr\u00e4ng; Fredrik Andersson i Wiken \u00e4tit frukost, hade Gerzelius p\u00e5 Fredrik Anderssons beg\u00e4ran att f\u00e5 n\u00e4rmare besk\u00e5da hans b\u00f6ssa nedtagit densamma ifr\u00e5n taket, varvid trycket fallit ut; att Gezelius efter att ehuru f\u00f6rg\u00e4ves, s\u00f6kt med en kniv borttaga den p\u00e5 cylindern \u00e4nnu kvarsittande knapph\u00e4ttan, f\u00f6r att kunna \u00e5ter ins\u00e4tta det utfallna trycket, avskruvat l\u00e5set p\u00e5 b\u00f6ssan; att d\u00e5 Gezelius varit sysselsatt att \u00e5ter inf\u00e4sta det avskruvade l\u00e5set, \u00e5 vilket hanen endast varit till h\u00e4lften uppsp\u00e4nd, varvid Gezelius suttut p\u00e5 en stol vid den ena \u00e4nden av bordet med b\u00f6ssan vilande i sina kn\u00e4n, s\u00e5 att b\u00f6sspipan i horisontal riktning str\u00e4ckte sig under bordet, vid var andra \u00e4nda fadern suttit omkring en aln fr\u00e5n b\u00f6ssmynningen, hade Fredrik Andersson, som varseblivit att knallhatten icke var borttagen, under utrop: &#8221;Usch, har du kopparhatten p\u00e5!&#8221; r\u00e4ckt sig fram f\u00f6r att fatta en kniv och d\u00e4rvid bortta knallhatten d\u00e5 i samma \u00f6gonblick skottet f\u00f6rmodligen d\u00e4rav att n\u00e5gonting inne i stocken tagit emot trycket, avbrunnit, att d\u00e5 skottet sm\u00e4llt av hade Gezelius med f\u00f6rskr\u00e4ckelse m\u00e4rkt hur fadern lutat sig tillbaka fr\u00e5n stolen och j\u00e4mrande sig yttrat: &#8221;det gick genom kn\u00e4et&#8221;, d\u00e5 Gezelius, med till hj\u00e4lp av Fredrik Andersson skyndsamt burit den s\u00e5rade i s\u00e4ngen, att Gezelius h\u00e4refter p\u00e5 faderns beg\u00e4ran begivit sig \u00e5stad till JAn Ersson vid Svepartorp, vilken skulle vara kunnig i att f\u00f6rbinda s\u00e5r samt p\u00e5 ditv\u00e4gen varit inne hos n\u00e4mndeman Segelstr\u00f6ms vid V\u00e4stra L\u00f6vfallet och bett dennes hustru att emellertid g\u00e5 till Eskilsbygge och bitr\u00e4da med den s\u00e5rades sk\u00f6tsel; och hade Jan Ersson anl\u00e4nt till Eskilsbygge f\u00f6rst f\u00f6ljande dagen d\u00e5 Carl Gustaf Gezelius, alla omsorger oaktat, vid middagstiden avlidit.<\/em><\/p>\n\n\n\n<p><em>F\u00f6r att upplysningsvis i m\u00e5let h\u00f6ras vore p\u00e5 kallelse av \u00e5klagaren n\u00e4rvarande Carl Gustaf Gezelii \u00e4nka Anna Maria Persdotter samt barn dr\u00e4ngen Elias Gezelius och pigan Carolina Gezelius, vilka h\u00e4refter h\u00f6rdes, n\u00e4ml:<br>Anna Maria Persdotter som ber\u00e4ttade att hon efter det Johan Gezelius p\u00e5 morgonen den 22:a sistl. april, hemkommit fr\u00e5n jakten begivit sig ut i ladugr\u00e5den, d\u00e4r hon om olycksh\u00e4ndelsen blivit underr\u00e4ttad av sitt yngsta 10 \u00e5r gamla barn: att d\u00e5 hon h\u00e4rvid skyndat in i stugan hon funnit rummet vara uppfyllt med r\u00f6k och sett mannen ligga utstr\u00e4ckt i s\u00e4ngen med byxan till det h\u00f6gra benet uppriven samt att hon f\u00f6rst ensam och sedan med bitr\u00e4de av n\u00e4mndeman Segelstr\u00f6ms hustru, s\u00f6kt att p\u00e5 b\u00e4sta s\u00e4tt f\u00f6rbinda det s\u00e5rade kn\u00e4et, varvid det likv\u00e4l icke lyckats d\u00e4r att i dess r\u00e4tta l\u00e4ge sammantrycka den krossade kn\u00e4leden, i anseeende till de sv\u00e5ra pl\u00e5gotr den s\u00e5rade d\u00e4rtill gjorda f\u00f6rs\u00f6k erfarit; varefter Carl Gustaf Gezelius, som p\u00e5 aftonen haft h\u00e4ftiga kr\u00e4kningar och fortfarande klagat \u00f6ver pl\u00e4\u00e5gor dels i det s\u00e5rade kn\u00e4et n\u00e4rmast omgivande kroppsdelar och dels i br\u00f6st och nacke f\u00f6ljande dagen omkring 2 p\u00e5 eftermiddagen avlidit.<br>Elias Gezelius och 3: Carolina Gezelius, vilka varit inne i stugan d\u00e5 skotteet brunnit av, avgav om f\u00f6rloppet h\u00e4rvid enahanda ber\u00e4ttelse som Johan Grzelius avgivit.<\/em><\/p>\n\n\n\n<p><em>\u00c5klagaren anh\u00f6ll h\u00e4refter om vittnesf\u00f6rh\u00f6r med mj\u00f6lnardr\u00e4ngen Fredrik Andersson i Wiken samt n\u00e4mndemannen Erik Segelstr\u00f6m i V\u00e4stra L\u00f6vfallet och hans hustru Anna Lisa Segelstr\u00f6m; med bifall vartill bem\u00e4lda personer, alla vid r\u00e4tten tillst\u00e4des, fingo framst\u00e5 och en\u00e4r n\u00e5got j\u00e4v mot dem varken anf\u00f6rdes eller kunde utr\u00f6nas, avl\u00e4gga vittneseden, d\u00e4refter d\u00e5 varande f\u00f6rmanad, h\u00f6rades var f\u00f6r sig n\u00e4mligen;<\/em><\/p>\n\n\n\n<p><em>Fredrik Andersson som ber\u00e4ttade att efter att den 22 april om morgonen hade varit ute p\u00e5 jakt, p\u00e5 v\u00e4gen hem\u00e5t g\u00e5tt in vid Eskilsbygge f\u00f6r att tr\u00e4ffa Johan Gezelius, vilken likv\u00e4l d\u00e5 icke varit hemma, varf\u00f6r han satt sig ned och inv\u00e4ntat Johan Gezelii hemkomst som intr\u00e4ffat omkring klockan 6, att sedan vittnet h\u00e4refter tillsammans med den \u00f6vriga familjen f\u00f6rt\u00e4rt frukost, varvid Johan Gezelius och vittnet f\u00e5tt varsin sup, hade vittnet, som h\u00f6rt omtalas att l\u00e5set till Johan Gezelii b\u00f6ssa ett torskhuvud skulle finnas graverat, bett Johan Gezelii att f\u00e5 n\u00e4rmare besk\u00e5da b\u00f6ssan f\u00f6r vilket \u00e4ndam\u00e5l \u00e4ven Johan Gezelius nedtagit densamma fr\u00e5n taket, d\u00e4r den vid hans hemkomst blivit upplagd, varvid tryckpinnen fallit ut, att vittnet som h\u00e4rp\u00e5 g\u00e5tt ut, vid sin \u00e5terkomst strax d\u00e4refter satt sig i s\u00e4ngen bredvid Johan Gezelius, vilekn efter att ha skrivat l\u00e5set fr\u00e5n b\u00f6ssan och \u00e5ter insatt tryckpinnen, d\u00e5 varit sysselsatt med att inf\u00e4sta l\u00e5set i stocken p\u00e5 b\u00f6rjan och suttit p\u00e5 en stol vid ena \u00e4nden av bordet med b\u00f6ssan liggande \u00f6ver sina kn\u00e4n s\u00e5 att pipan st\u00e4ckt sig under bordet, att vittnet, som m\u00e4rkt att knallhatten \u00e4nnu funnits kvar i l\u00e5set, varp\u00e5 hanen, p\u00e5 det att l\u00e5set m\u00e5tte kunna i stocken inf\u00f6ras varit till h\u00e4lften uppsp\u00e4nd, gjort Johan Gezelius uppm\u00e4rksam p\u00e5 faran d\u00e4rav, samt d\u00e5 Johan Gezelius s\u00f6kt att knallhatten avtaga under yttrande: &#8221;v\u00e4nta s\u00e5 skall jag taga av den&#8221;, str\u00e4ckt sig fram f\u00f6r att ta en p\u00e5 bordet liggande kniv, d\u00e5 skottet samma \u00f6gonblick sm\u00e4llt av, varvid vittnet sett hur Carl Gustaf Gezelius, som suttit vid bordets motsatta \u00e4nda omkring en aln fr\u00e5n b\u00f6ssmynningen, under utrip: &#8221;Skottet gick genom kn\u00e4et&#8221; lutat sig tillbaka mot ryggst\u00f6det av stolen, att Johan Gezelius d\u00e5 han m\u00e4rkt fadern vara skjuten, visat sig i h\u00f6gsta grad f\u00f6rtvivlad samt omfamnat huvudet p\u00e5 fadern som s\u00f6kt tr\u00f6sta honom d\u00e4rmed att han v\u00e4l visste det olyckan skett utan sonens f\u00f6rv\u00e5llande, att vittnet tillhj\u00e4lp av Johan Gezelius h\u00e4refter f\u00f6rflyttat Carl Gustaf Gerzelius till hans s\u00e4gn, d\u00e4r vittnet med sax klippt upp byxan till det s\u00e5rade benet samt d\u00e5 vittnet funnit kn\u00e4leden vara vriden \u00e5t ena sidan, s\u00f6kt att trycka den tillr\u00e4tta, varvid m\u00e4rg utkommit, samt att vittnet h\u00e4refter g\u00e5tt ut, \u00e5terkommit l\u00e4ngre fram p\u00e5 f\u00f6rmiddagen och funnit Carl Gustaf Gezelius j\u00e4mrande sig \u00f6ver sv\u00e5ra pl\u00e5gor i det s\u00e5rade kn\u00e4et varefter vittnet, som icke l\u00e4ngre kunnat uth\u00e4rda att \u00e5se Carl Gustaf Gezelii lidande och sonens f\u00f6rtvivlan, \u00e5terv\u00e4nt till sitt hem.<br>Erik Segelstr\u00f6m och 3: Anna Lisa Segelstr\u00f6m, vilka vidh\u00f6ll f\u00f6ljande av n\u00e4mndeman Segelstr\u00f6ms (..) och f\u00f6r den uppl\u00e4sta ber\u00e4ttelse: Litt. B.<\/em><br><em>Till\u00e4ggande (..), p\u00e5 d\u00e4rom framst\u00e4llda fr\u00e5ga att Carl Gustaf Gezelius bland alla sina barn med st\u00f6rsta \u00f6mhet omfattat sonen Johan medan denna, genom sitt arbetet, mest viddragit till den fattiga familjens f\u00f6rs\u00f6rjning samt f\u00f6r \u00f6vrigt f\u00f6r fadern visat stort tillgivenhet. Vittneseden upprepades och erk\u00e4ndes varefter \u00e5klagaren yrkade att Johan Gezelius i anseende till vad mot honom under rannsakningen f\u00f6rekommit, m\u00e5tte \u00e5d\u00f6mas utgiva halv mansbot, ang\u00e5ende den tilltalade inl\u00e4mande att s\u00e5 lydande pr\u00e4stbetyg Litt D.<br>Partterna fingo h\u00e4refter avtr\u00e4da under det Hovr\u00e4tten \u00f6verlade till f\u00f6ljande f\u00f6r dem \u00e5ter inkallade avlagda:<\/em><\/p>\n\n\n\n<p><\/p>\n<\/div>\n\n\n\n<div class=\"wp-block-group has-accent-5-background-color has-background has-global-padding is-layout-constrained wp-container-core-group-is-layout-5fb0786f wp-block-group-is-layout-constrained\">\n<h3 class=\"wp-block-heading\"><em>Utslag<\/em><\/h3>\n\n\n\n<p><br><em>Genom vad Johan Gezelius inf\u00f6r r\u00e4tten frivilligt bek\u00e4nt samt p\u00e5 ed avh\u00f6rda vittnet mj\u00f6lnardr\u00e4ngen Fredrik Andersson i Wiken ber\u00e4ttat, j\u00e4mf\u00f6rt med vad provinsiall\u00e4karen doktor J. F. Roth i avgiven \u00e4mbetsattest intygat, finner Hovr\u00e4tten det vara utrett att sedan Johan Gezelius om morgonen den 22:a sistlidna april, f\u00f6r att ins\u00e4tta trycket \u00e5 en med hagel laddad b\u00f6ssa, avskruvat det d\u00e4rtill h\u00f6rande l\u00e5s och vilket hanen varit till h\u00e4lften uppsp\u00e4nd och varp\u00e5 Johan Gezelius underl\u00e5tit att avtaga knallhatten, s\u00e5 har, under det Johan Gezelius varit sysselsatt med att \u00e5ter i stocken inpassa det avskruvade l\u00e5set, skottet avbrunnit och i h\u00f6gra kn\u00e4et tr\u00e4ffat Johan Gezelii fader backstugsittaren Carl Gustaf Gezelius, s\u00e5 att denne genom den d\u00e4rav f\u00f6rorsakade blodf\u00f6rlust p\u00e5f\u00f6ljande dag avlidit.. Och som Johan Gezelius s\u00e5ludan blivit \u00f6vertygad att ha genom v\u00e5rdsl\u00f6shet vid hanterande av skjutgev\u00e4r varit till Carl Gustaf Gezelii d\u00f6d v\u00e5llande, allts\u00e5 och i f\u00f6rm\u00e5ga av 28:e kapitlet i Missg\u00e4rningsbalken samt 43:e punkten i Kongl. F\u00f6rklaringen den 23 mars 1807, pr\u00f6var Hovr\u00e4tten sk\u00e4ligt d\u00e4rf\u00f6r f\u00e4lla Johan Gezelius att halv mansbott, femtio daler silvermynt med femtio daler banco, eller om Johan Gezelius ej f\u00f6rm\u00e5r dessa b\u00f6ter utgiva, i st\u00e4llet underg\u00e5 fjorton dagar f\u00e4ngelse vid vatten och br\u00f6d, samt att i Ljusnarsbergs kyrka enskilt skriftas och avl\u00f6sas; varf\u00f6rutan Johan Gezelius k\u00e4nnes skyldig att ers\u00e4tta kostnader f\u00f6r den \u00e5 Carl Gustaf Gezelii d\u00f6da kropp anst\u00e4llda obduktion med det belopp som av Kongl. Sundhetskollegium varder best\u00e4mt, vilken kostnad, s\u00e5 framt den ej kan av Johan Gerzelius g\u00e4ldas, kommer att av allm\u00e4nna medel utg\u00e5; dock varder detta utslag, j\u00e4mlikt 25:e kap. 5 \u00a7 i R\u00e4tteg\u00e5ngsbalken, Kongl. Hovr\u00e4ttens pr\u00f6vning underst\u00e4lld.<\/em><\/p>\n\n\n\n<p><em>\u00a73. Urtima tinget avlystes och r\u00e4tten \u00e5tskiljdes.<\/em><\/p>\n\n\n\n<p><em>\u00c5r och dag som ovan p\u00e5 Urtima tingsr\u00e4ttens v\u00e4gnar,<\/em><\/p>\n\n\n\n<p><em>W. Silversparre<\/em><\/p>\n<\/div>\n\n\n\n<h3 class=\"wp-block-heading\">Sak\u00f6resl\u00e4ngden<\/h3>\n\n\n\n<p>D\u00e5 Johan saknar medel, s\u00e5 omvandlas hans straff f\u00f6r v\u00e5llande till annans d\u00f6d,  till f\u00e4ngelse p\u00e5 vatten och br\u00f6d i 14 dagar&#8230;<\/p>\n\n\n\n<figure class=\"wp-block-image size-full is-resized\"><img loading=\"lazy\" decoding=\"async\" width=\"875\" height=\"720\" src=\"https:\/\/www.ljusnaren.se\/wp-content\/uploads\/2025\/04\/Sakoreslangd-Gerzelius.jpg\" alt=\"\" class=\"wp-image-1625\" style=\"width:1200px;height:auto\" srcset=\"https:\/\/www.ljusnaren.se\/wp-content\/uploads\/2025\/04\/Sakoreslangd-Gerzelius.jpg 875w, https:\/\/www.ljusnaren.se\/wp-content\/uploads\/2025\/04\/Sakoreslangd-Gerzelius-300x247.jpg 300w, https:\/\/www.ljusnaren.se\/wp-content\/uploads\/2025\/04\/Sakoreslangd-Gerzelius-768x632.jpg 768w\" sizes=\"auto, (max-width: 875px) 100vw, 875px\" \/><figcaption class=\"wp-element-caption\">Screenshot<\/figcaption><\/figure>\n\n\n\n<p><\/p>\n\n\n\n<p><\/p>\n\n\n\n<h3 class=\"wp-block-heading\">Litt A: Obduktionsprotokollet<\/h3>\n\n\n\n<div class=\"wp-block-group has-accent-5-background-color has-background has-global-padding is-layout-constrained wp-container-core-group-is-layout-5fb0786f wp-block-group-is-layout-constrained\" style=\"border-radius:16px\">\n<h3 class=\"wp-block-heading\"><\/h3>\n\n\n\n<p><em>Protokoll h\u00e5llet vid den medico legala obduktion, som p\u00e5 anmodan av herr domhavande i orten, f\u00f6rr\u00e4ttades av undertecknad vid Ljusnarsbergs kyrka den 9:e maj 1849 \u00e5 backstugesittaren C.G Gezelii d\u00f6da kropp i n\u00e4rvaro och kronol\u00e4nsman Floding och herr Johan Jo\u00f6nsson som f\u00f6rde protokollet.<\/em><\/p>\n\n\n\n<p><em>Enligt ber\u00e4ttelse hade den avlidnas som, Johan, den 22 sistl. april p\u00e5 f.m varit sysselsatt med reng\u00f6randet av l\u00e5set p\u00e5 en laddad b\u00f6ssa och med knallhatt f\u00f6rsedd b\u00f6ssa, d\u00e5 skottet of\u00f6rmodat avbrunnit och tr\u00e4ffat den p\u00e5 ungef\u00e4r en aln avst\u00e5nd fr\u00e5n b\u00f6ssmynningen sittande Carl Gustaf Gezelius i h\u00f6gra kn\u00e4et. Avlidna Gezelius hade fter olycksh\u00e4ndelsen k\u00e4nt sig sjuk i hela kroppen, klagat \u00f6ver br\u00f6stet samt h\u00f6ft v\u00e5ldsamma kr\u00e4kningar. Krafterna avtog s\u00e5 sm\u00e5ningom och intr\u00e4ffade d\u00f6den tyst och stilla f\u00f6ljande dag omkring 2 e.m.<\/em><\/p>\n\n\n\n<p><em>Yttre besiktningen:<br>Liket hade blivit tv\u00e4ttat och p\u00e5kl\u00e4tt rent linne. Kroppen mycket avmagrad och medelm\u00e5ttig l\u00e4ngd. \u00f6gonen insjunkna och f\u00f6rdunklade, tungan tillbakadragen. P\u00e5 yttre sidan av h\u00f6gra kn\u00e4et, ett runt s\u00e5r \/Vulnus\/ och halv tum i diameter, med nedtryckta, sv\u00e4llda och svarta kanter. P\u00e5 inre sida av samma kn\u00e4 tv\u00e4nne stora i flera riktningar s\u00f6nderspr\u00e4ngda s\u00e5r med r\u00f6da och sv\u00e4llda kanter: det ena av dessa hade uttr\u00e4tt en del av skenbenets \u00f6vre \u00e4nde, det andra inneh\u00f6ll koagulerat blod j\u00e4mte en m\u00e4ngd bensk\u00e4rvor.<\/em><\/p>\n\n\n\n<p><em>Inre besiktningen:<br>S\u00e5r\u00f6ppningen p\u00e5 yttre sidan av kn\u00e4t kommunicerade med s\u00e5r\u00f6ppningarna p\u00e5 den inre. Under huden, omkring ovann\u00e4mnda s\u00e5r extravaserat blod. Kn\u00e4sk\u00e5lens ligament avslitet, de \u00f6vriga till kn\u00e4leden h\u00f6rande ligamenten mer eller mindre s\u00f6nderslitna; samma f\u00f6rh\u00e5llande med blodk\u00e4rl, nerver och senor, l\u00e5rbenets b\u00e5da conduli frakturerade och splittrade, \u00e4vens\u00e5 f\u00f6rh\u00e5llandet med skenbenets \u00f6vre del. Inom ledg\u00e5ngen en m\u00e4ngd extra vaserat blod j\u00e4mte krossade s\u00e5v\u00e4l h\u00e5rda som mjuka delar, i vilken gr\u00f6taktiga massa sex stycken blyhagel p\u00e5tr\u00e4ffades.<\/em><\/p>\n\n\n\n<p><em>Huvudet:<br>K\u00e4rlen uti hj\u00e4rnan och dess hinnor inneh\u00e5llande f\u00f6ga blod. L\u00e5nga blodledaren blodtom. I vardera sidokammaren omkring en tesked f\u00e4rgl\u00f6st \u00e5der\u2026 blodtomma.<\/em><\/p>\n\n\n\n<p><em>Br\u00f6stet:<br>Lungorna bleka, den v\u00e4nsta av gammalt fastv\u00e4xt med br\u00f6stv\u00e4ggen. Hj\u00e4rtat slappt dels \u2026. blek till f\u00e4rgen, h\u00f6ra kammaren inneh\u00e5llande en st\u00f6rre blodlever, den v\u00e4nstra tom. Br\u00f6stets st\u00f6rre blodk\u00e4rl med undantag av \u2026 \u2026.. blodtomma.<\/em><\/p>\n\n\n\n<p><em>Buken:<br>Lever, mj\u00e4lte och tarmar blodfattiga och ovanligt bleka i magen omkring 1\/2 kvarter gulaktig v\u00e4tska, i urinbl\u00e5san ett par matskedar urin.<\/em><\/p>\n\n\n\n<p><em>F\u00f6r \u00f6vrigt intet anm\u00e4rkningsv\u00e4rt. Jan Th Roth.<br>S\u00e5som n\u00e4rvarande vittnen P. Fr Floding, Joh, H\u00f6nsson<\/em><\/p>\n<\/div>\n\n\n\n<h3 class=\"wp-block-heading\">Attest:<\/h3>\n\n\n\n<div class=\"wp-block-group has-accent-5-background-color has-background has-global-padding is-layout-constrained wp-container-core-group-is-layout-5fb0786f wp-block-group-is-layout-constrained\">\n<h3 class=\"wp-block-heading\"><\/h3>\n\n\n\n<p><em><br>Med anledning av f\u00f6rest\u00e5ende lik\u00f6ppningsprotokoll f\u00e5r jag h\u00e4rmed intyga och f\u00f6rklara att backstugesittaren Carl Gustaf Gezelius tr\u00e4ffats p\u00e5 yttre sidan d\u00e4r sex st hagel vore kvarliggande varemot det \u00f6vriga av skottet uttr\u00e4ngt p\u00e5 kn\u00e4t inre sida p\u00e5 tvenne s\u00e4rskilda st\u00e4llen samt under v\u00e4gen krossat och s\u00e4kersplittrat de till kn\u00e4leden tillh\u00f6rande delar, \u00e4ven som att d\u00f6den h\u00e4rr\u00f6rt av den blodf\u00f6rlust, som skadan framkallat och den enligt lik\u00f6ppningsprotokollet f\u00f6refunna blodl\u00f6shet antyder Dock &#8211; alldenstund den avlidna sedan l\u00e4ngre tid tillbaka l\u00e4rer befunnit sig i ett allm\u00e4nt svaghetstillst\u00e5nd och vilket uppgivna f\u00f6rh\u00e5llande finns st\u00f6d i kroppens betydliga avmagring, b\u00f6r antas att denna omst\u00e4ndighet mycket bidragit till den d\u00f6dliga utg\u00e5ngen, som i annat fall, genom sina l\u00e4karhj\u00e4lp till \u00e4ventyrs kunnat f\u00f6rekommas.<br>Sanningen h\u00e4rav intygas p\u00e5 avlagd \u00e4mbetsed och bekr\u00e4ftas med denna min edeliga f\u00f6rpliktelse: &#8221;S\u00e5 sant mig Gud hj\u00e4lpa till liv och sj\u00e4l&#8221;<\/em><\/p>\n\n\n\n<p><em><br>H\u00e4llefors den 16 maj 1849. Joh Th. Roth h. Prov L\u00e4kare.<\/em><\/p>\n\n\n\n<p><\/p>\n<\/div>\n\n\n\n<p><\/p>\n\n\n\n<h3 class=\"wp-block-heading\"><em>Litt B. Kronol\u00e4nsman J F. Flodings f\u00f6runders\u00f6kningsprotokoll<\/em><\/h3>\n\n\n\n<div class=\"wp-block-group has-accent-5-background-color has-background has-global-padding is-layout-constrained wp-container-core-group-is-layout-5fb0786f wp-block-group-is-layout-constrained\">\n<p><em>Protokoll h\u00e5llet vid den unders\u00f6kningen efter avlidna backstugesittaren Carl Gustaf Gezelii d\u00f6ds\u00e4tt vid Eskilsbygge p\u00e5 Sunds\u00e4gor av denna socken, som intr\u00e4ffade den 22:a sistl. april.<\/em> <em>Den avlidnas son, dr\u00e4ngen Johan Gezelius upplyste att tidigt s\u00f6ndagsmorgonen d. 22 sistl. april, tillr\u00e5dde fadern honom att begiva sig ut i skogen f\u00f6r att skjuta f\u00e5gel, vilket han gjorde, men fick en n\u00e5gon, utan hemgick. Efter hemkomsten samma morgon kl 6 \u00e5 7, var mj\u00f6lnardr\u00e4ngen Fredrik Andersson fr\u00e5n Finnhyttan inne i stugan, tillika med fadern, en broder och tvenne systrar, d\u00e5 Fredrik Andersson beg\u00e4rde f\u00e5 se b\u00f6ssan. Johan Gezelius observerade d\u00e5 att l\u00e5set p\u00e5 densamma far felaktigt, varf\u00f6r han s\u00e4tter sig ned vid ena \u00e4nden av bordet f\u00f6r att fr\u00e5nskruva l\u00e5set och avhj\u00e4lpa det bristf\u00e4lliga. D\u00e5 han \u00e5ter tillskruvadet det, stod l\u00e5set i halv sp\u00e4nd, och vilket genom tryckning av stocken nedf\u00e4lldes, d\u00e5 skottet avgick och tr\u00e4ffade fadern C. G Gezelius, som satt vid andra \u00e4nden av bordet, en knapp aln fr\u00e5n mynningen, i yttre sidan av h\u00f6gra kn\u00e4et. S\u00e5ret blev genast f\u00f6rbundet, utan n\u00e5gon st\u00f6rre blodf\u00f6rlust.Samma dag, eller d. 22:a april, blev genom f\u00f6rsamlingens pastor beslutat, attt den blesserade skulle dagen d\u00e4rp\u00e5 avs\u00e4ndas, genom n\u00e4mndeman Erik Segelstr\u00f6ms f\u00f6rsorg, till Linde lasarett, f\u00f6r att bli sk\u00f6tt under l\u00e4karv\u00e5rd, men vid Segelstr\u00f6ms ankomst, m\u00e5ndags morgon var C.G Gezelius h\u00f6gst svar, och klagade \u00f6ver sv\u00e5ra sm\u00e4rtor i br\u00f6stet samt trodde sin tid snart vara slut &#8211; kunde ingen avresa f\u00f6retas, varefter han avled samma dag, eller den 23:e, kl 2 e.m.Nya Kopparberget den 14:e maj 1849<br>J. Fr. Floding<\/em><\/p>\n<\/div>\n\n\n\n<p><\/p>\n\n\n\n<h3 class=\"wp-block-heading\"><em>Litt C. N\u00e4mndeman Erik Segelstr\u00f6ms vittnesm\u00e5l<\/em><\/h3>\n\n\n\n<div class=\"wp-block-group has-accent-5-background-color has-background has-global-padding is-layout-constrained wp-container-core-group-is-layout-5fb0786f wp-block-group-is-layout-constrained\">\n<p><em>Ber\u00e4ttelse om backstugemannen Carl Gustaf Gezelii olyckliga skjutning och hans intr\u00e4ffade d\u00f6d<\/em>. <em>Tidigt p\u00e5 s\u00f6ndagsmorgonen den 22:a april hade Gezelius v\u00e4ckt sin son Jan f\u00f6r att med b\u00f6ssa laddad begiva sig t ull sokgen f\u00f6r att lyssna efter n\u00e5gon tj\u00e4der, mellan kl 6 och 7 p\u00e5 morgonen hade Jan \u00e5terkommet med skottet oavl\u00f6st och lagt b\u00f6ssan ifr\u00e5n sig uppe p\u00e5 taket i stugan, han hade d\u00e4r d\u00e4rhemma tr\u00e4ffat mj\u00f6lnardr\u00e4ngen Fredrik Andersson fr\u00e5n \u00d6stra Born nu boende vid Wiken som \u00e4ven p\u00e5 morgonen varit ute i skott\u00e4renden och haft b\u00f6ssa med sig. Dessa hade d\u00e5 i s\u00e4llskap med fadern Gezelius \u00e5tit frukost, sedan de \u00e4tit hade mj\u00f6lnardr\u00e4ngen skolat sett p\u00e5 Jans b\u00f6ssa. D\u00e5 Jan nedtagit b\u00f6ssan ur taket hade trycket fallit ifr\u00e5n. Han hade d\u00e5 satt sig vid ena bords\u00e4nden och skruvat fr\u00e5n l\u00e5set f\u00f6r att unders\u00f6ka felet i trycket och fadern hade setat vid andra \u00e4nden av bordet och mj\u00f6lnardr\u00e4ngen hade d\u00e5t g\u00e5tt ut. Jan hade d\u00e5 f\u00f6rs\u00f6kt att avtaga kopparh\u00e4ttan som d\u00e5 starkt fastnat p\u00e5 r\u00f6ret och han ej f\u00f6rm\u00e5tt l\u00f6sa den ehurur han d\u00e4rmed gjort f\u00f6rs\u00f6k med en bordkniv, d\u00e5 mj\u00f6lnardr\u00e4ngen kommit in hade han sett p\u00e5 l\u00e5set och betraktat sedan hade Jan \u00e5tertagit l\u00e5set f\u00f6r att f\u00e4sta det vid b\u00f6ssan men hade ej f\u00e5tt det inriktat i stocken f\u00f6rr\u00e4n det i halvsp\u00e4nd st\u00e4mning avtryckt och avlossat skottet i den st\u00e4llning att b\u00f6ssan legat \u00f6ver b\u00e5da kn\u00e4na p\u00e5 Jan s\u00e5 att skottet tr\u00e4ffat fadern i h\u00f6gra kn\u00e4et p\u00e5 ett avst\u00e5nd av cirka en aln fr\u00e5n b\u00f6ssmynningen, det hade s\u00e5ledes gjort en \u2026 \u00f6ppning \u00e5 yttre sidan och spritt sig mot kn\u00e4leden som blivit alldeles krossad och gjort tvenne \u00f6ppningar, d\u00e4r de g\u00e5tt ut p\u00e5 inre sidan av kn\u00e4et. Omkring 8 p\u00e5 morgonen d\u00e5 jag f\u00e4rdig resa till kyrkan, kom ovanbem\u00e4lda Gezelius son Jan hit till L\u00f6fall med br\u00e5dska och h\u00e4penhet, ber\u00e4ttade h\u00e4ndelsen och anmodade min hustru komma och hj\u00e4lpa till att f\u00f6rbinda faderns olyckliga s\u00e5r, hon skyndade genast dit i anmodade \u00e4rendet, d\u00e5 jag \u00e4ven skickade min son dit f\u00f6r att inh\u00e4mta en tydlig ber\u00e4ttelse f\u00f6r att i hast verkst\u00e4lla om l\u00e4karhj\u00e4lp som sjag ans\u00e5g genast vara n\u00f6digt. Han kom fram till kyrkan med den underr\u00e4ttelsen som h\u00e4r nedan \u00e4r anf\u00f6rt och att din min hustru kommit dit hade den bl\u00e4serade legat p\u00e5 s\u00e4ngen och s\u00e5rnaden medett kl\u00e4da omlindat som hon uppl\u00f6st och avtagit f\u00f6r att foga krossade leden i n\u00e5gon ordning och att f\u00f6rbinda den b\u00e4ttre, hade den s\u00e5rade klagat att det gjort s\u00e5 ont, \u2026 i tjockbenet och bak i l\u00e5ret att han intet t\u00e5lt n\u00e5gon rubbning fr\u00e5n den st\u00e5llning det d\u00e5 var, vilken hon ej heller funnit r\u00e5dligt vidr\u00f6ra sedan hon betraktat s\u00e5rnadens sv\u00e5righet, \u00e5 yttre \u00f6ppningen d\u00f6r skottet intr\u00e4ngt hade ingen blod utkommit och i inre \u00f6ppningen s\u00e5 lindrigt bl\u00f6tt, att \u2026 kunnat tro f\u00f6rbl\u00f6dning vare farlig. S\u00e5 fort min son kom fram till kyrkan med ber\u00e4ttelsen anm\u00e4lde jag hela f\u00f6rloppet f\u00f6r ordf\u00f6randen i sockenn\u00e4mnden, brukspatron C. Carlberg, samt \u00e4ven f\u00f6r pastor Milenius, vilka herrar tillika med flera av sockenn\u00e4mndens ledam\u00f6ter tillst\u00e4desvarande gjordet det beslut att han s\u00e5 fort som m\u00f6jligt skulle forslas till lasarettet i Lindesberg f\u00f6r att erh\u00e5lla l\u00e4karv\u00e5rd enligt av brukspatron Carlberg f\u00f6r s\u00e5dan \u00e4ndam\u00e5l skriftligen avl\u00e4mande betyg vilket bestyr med forslandet jag lovade att p\u00e5 f\u00f6ljande morgonen verkst\u00e4lla.<br>Tidigt p\u00e5 morgonen den 23:e april infann jag mig p\u00e5 Gezelii bostad med passande \u00e5kdon f\u00f6r att verkst\u00e4lla resan till lasarettet. Han beklagade d\u00e5 att han utom det lidandet skottet v\u00e5llat blivit s\u00e5 sjuk i hela kroppen medelst v\u00e5ldsamma kr\u00e4kningar som p\u00e5g\u00e5tt om aftonen varav han blivit s\u00e5 svag att han ej trodde sig t\u00e5la att p\u00e5 \u00e5kdon forslas utan ville v\u00e4nta d\u00e4rmed till dess om han blev friskare och sade tillika att han trodde sig vara s\u00e5 n\u00e4ra sin f\u00f6rvandling att ingen lasarettsresa skulle bli beh\u00f6vlig. Han klagade v\u00e4rst \u00f6ver tyngd och sm\u00e4rta i br\u00f6stet och nacken och sade att d\u00e4r uti bestod hans sv\u00e5raste lidande. Omkring kl 9 p\u00e5 morgonen satt jag bredvid honom p\u00e5 s\u00e4ngen. Han bad mig d\u00e5 k\u00e4nna p\u00e5 puls\u00e5dern p\u00e5 v\u00e4nstra armen och yttrade att han sj\u00e4lv f\u00f6rm\u00e4rkt den var avstannad och trodde det komma sig d\u00e4rav att den sidan \u00e5 kroppen f\u00f6rut varit mycket sjuk och i flera \u00e5r varit med v\u00e4rk och pl\u00e5gor belastad. Middagstiden syntes han bliva mer tillfrisknad och sade att pl\u00e5gorna blivit lindrigager och br\u00f6stet l\u00e4ttare, d\u00e5 jag tillika med Jan Ersson fr\u00e5n Svepartorp som \u00e4ven var n\u00e4rvarande begav oss d\u00e4rifr\u00e5n. Han hade sedan blivit f\u00f6rm\u00f6gen att f\u00f6rt\u00e4ra lite f\u00e4rsk kokad mj\u00f6lk, samt att beg\u00e4ra f\u00e5 en kam och sj\u00e4lv utkammat h\u00e5ret. Varefter han lagt sig ned och lika som tyst samt stilla insomnat samt i den st\u00e4llning kl 2 till 2 avlidit. Han levde s\u00e5ledes endast 1 och ett 1\/4-dels dygn efter skottets avlossande.Tilldragelsen s\u00e5lunda p\u00e5 det nogaste utr\u00f6nad.<br>Nya Kopparberget och V\u00e4stra L\u00f6ffallet den 9:e maj 1849<br>Erik Segelstr\u00f6m<\/em><\/p>\n<\/div>\n\n\n\n<p><\/p>\n\n\n\n<h3 class=\"wp-block-heading\"><em>Litt D: Pastor Westerholms pr\u00e4stbetyg f\u00f6r Johan Gerzelius<\/em><\/h3>\n\n\n\n<div class=\"wp-block-group has-accent-5-background-color has-background has-global-padding is-layout-constrained wp-container-core-group-is-layout-5fb0786f wp-block-group-is-layout-constrained\">\n<p><em>Backstugesittarsonen Johan Gezelius p\u00e5 Sunds \u00e4gor, vilken den 22:a sistlidna april genom ett v\u00e5deligen avlossat b\u00f6sskott tr\u00e4ffat sin fader backstugesittaren Carl Gustaf Gezelius som dagen d\u00e4rp\u00e5 avled, \u00e4r f\u00f6dd den 11 april 1827, \u00e4ga n\u00e5gorlunda kristendomskunskap och mig veterligen god frejd samt han ordentligen beg\u00e5tt Herrens nattvard.<br>Attesteras Ljusnarsberg den 12 maj 1849<br>J.D Westerholm Pastor<\/em><\/p>\n<\/div>\n\n\n\n<p><\/p>\n\n\n\n<p><\/p>\n\n\n\n<h2 class=\"wp-block-heading\">Epilog<\/h2>\n\n\n\n<p>Johan Gezelius d\u00f6ms till f\u00e4ngelse, vilket han klarar och \u00e5terv\u00e4nder till Ljusnarsberg. Han bor kvar hos sin mor och syskon p\u00e5 Eskilsbygge men skadar sig vid en bergsspr\u00e4ngning i en gruva. Husf\u00f6rh\u00f6rsl\u00e4ngden noterar att <em>&#8221;skjuten f\u00f6rd\u00e4rvad i Hvil\u00e5sgruvan&#8221;<\/em>, i april \u00e5r 1851.<\/p>\n\n\n\n<p>Han \u00e5terf\u00e5r h\u00e4lsan s\u00e5pass att han tar sig vidare i livet. 1861 flyttar han till Norrb\u00e4rke, d\u00e4r hans skador noteras som <em>&#8221;en\u00f6gd och saknar tre fingrar p\u00e5 v\u00e4nstra handen&#8221;<\/em> i husf\u00f6rh\u00f6rsboken. D\u00e4r gifter sig Johan och paret f\u00e5r ett antal barn. Johan g\u00e5r ur tiden 1904 (orsak; <em>&#8221;\u00e5lderdomsavtyning&#8221;<\/em>) vid en \u00e5lder om 77 \u00e5r vid Gunnars, Norrb\u00e4rke, Kopparbergs l\u00e4n.<\/p>\n\n\n\n<p><\/p>\n\n\n\n<h2 class=\"wp-block-heading\">K\u00e4llor<\/h2>\n\n\n\n<p><sub>Ljusnarsberg (T) AI:14a (1813-1819) Bild 159 \/ sid 146<br>Ljusnarsberg (T) AI:17a (1841-1851) Bild 58 \/ sid 48<br>Ljusnarsberg (T) F:6 (1840-1856) Bild 101<br>Ljusnarsberg (T) AI:18a (1852-1861) Bild 60 \/ sid 55<br>Norrb\u00e4rke (W) AI:13c (1861-1869) Bild 38 \/ sid 31<br>Norrb\u00e4rke (W) AI:14c (1870-1877) Bild 79 \/ sid 73<br>Norrb\u00e4rke (W) AI:14d (1870-1877) Bild 37 \/ sid 31<br>Norrb\u00e4rke (W) AI:15c (1877-1880) Bild 78 \/ sid 74<br>Norrb\u00e4rke (W) AI:17c (1891-1900) Bild 233 \/ sid 1023<br>Norrb\u00e4rke (W) AII:1d (1901-1914) Bild 800 \/ sid 1284<\/sub><\/p>\n\n\n\n<p><\/p>\n","protected":false},"excerpt":{"rendered":"<p>Hemkommen fr\u00e5n orrjakt utan resultat s\u00e5 ska b\u00f6ssan repareras utan minne om att den laddats med hagel inf\u00f6r jakten&#8230;..<\/p>\n","protected":false},"author":1,"featured_media":1619,"comment_status":"closed","ping_status":"closed","sticky":false,"template":"","format":"standard","meta":{"footnotes":""},"categories":[34],"tags":[],"class_list":["post-1613","post","type-post","status-publish","format-standard","has-post-thumbnail","hentry","category-anekdoter-fran-arkiven"],"_links":{"self":[{"href":"https:\/\/www.ljusnaren.se\/index.php\/wp-json\/wp\/v2\/posts\/1613","targetHints":{"allow":["GET"]}}],"collection":[{"href":"https:\/\/www.ljusnaren.se\/index.php\/wp-json\/wp\/v2\/posts"}],"about":[{"href":"https:\/\/www.ljusnaren.se\/index.php\/wp-json\/wp\/v2\/types\/post"}],"author":[{"embeddable":true,"href":"https:\/\/www.ljusnaren.se\/index.php\/wp-json\/wp\/v2\/users\/1"}],"replies":[{"embeddable":true,"href":"https:\/\/www.ljusnaren.se\/index.php\/wp-json\/wp\/v2\/comments?post=1613"}],"version-history":[{"count":18,"href":"https:\/\/www.ljusnaren.se\/index.php\/wp-json\/wp\/v2\/posts\/1613\/revisions"}],"predecessor-version":[{"id":1636,"href":"https:\/\/www.ljusnaren.se\/index.php\/wp-json\/wp\/v2\/posts\/1613\/revisions\/1636"}],"wp:featuredmedia":[{"embeddable":true,"href":"https:\/\/www.ljusnaren.se\/index.php\/wp-json\/wp\/v2\/media\/1619"}],"wp:attachment":[{"href":"https:\/\/www.ljusnaren.se\/index.php\/wp-json\/wp\/v2\/media?parent=1613"}],"wp:term":[{"taxonomy":"category","embeddable":true,"href":"https:\/\/www.ljusnaren.se\/index.php\/wp-json\/wp\/v2\/categories?post=1613"},{"taxonomy":"post_tag","embeddable":true,"href":"https:\/\/www.ljusnaren.se\/index.php\/wp-json\/wp\/v2\/tags?post=1613"}],"curies":[{"name":"wp","href":"https:\/\/api.w.org\/{rel}","templated":true}]}}