{"id":1646,"date":"2025-10-05T15:24:19","date_gmt":"2025-10-05T15:24:19","guid":{"rendered":"https:\/\/www.ljusnaren.se\/?p=1646"},"modified":"2025-10-05T15:28:50","modified_gmt":"2025-10-05T15:28:50","slug":"1846-06-28","status":"publish","type":"post","link":"https:\/\/www.ljusnaren.se\/index.php\/2025\/10\/05\/1846-06-28\/","title":{"rendered":"1846-06-28"},"content":{"rendered":"\n<h3 class=\"wp-block-heading\">Protokoll h\u00e5llet i allm\u00e4n sockenst\u00e4mma med Ljusnarsbergs f\u00f6rsamling den 28:e juni 1846.<\/h3>\n\n\n\n<p><em>\u00a71. Enligt \u00e5tta dagar f\u00f6rut skedd kallelse sammantr\u00e4dde nu f\u00f6rsamlingens ledam\u00f6ter f\u00f6r att yttra sig \u00f6ver herr brukspatron och riddaren E. Cederborghs beg\u00e4ran, att utse n\u00e5gon eller n\u00e5gra, som besiktiga den v\u00e4goml\u00e4ggningen inom socken som g\u00e5r ifr\u00e5n Stjernfors emot Hjulsj\u00f6 och d\u00e4r \u00f6ver sitt utl\u00e5tande meddela, \u00e4ven som huru f\u00f6rsamlingens \u00e5tagna andel d\u00e4ruti kan komma att ber\u00e4knas samt om icke sk\u00e4l vore att n\u00e5got ut\u00f6ver herr Ljungdahls f\u00f6reslagna f\u00f6rb\u00e4ttringen densamma \u00e4r ett f\u00f6rbig\u00e5nget st\u00e4lle \u00e4ven anl\u00e4gga f\u00f6r att f\u00e5 det hela mer \u00e4ndam\u00e5lsenligt.<br>F\u00f6r att n\u00e4rmare utveckla och f\u00f6rklara denna sin \u00f6nskan och beg\u00e4ran hade bem\u00e4lda brukspatron till ordf\u00f6randen l\u00e5tit inl\u00e4mna f\u00f6ljande skriftliga anf\u00f6rande, som nu uppl\u00e4stes:<\/em><\/p>\n\n\n\n<p><em><br>&#8221;Sedan direkt\u00f6ren f\u00f6r v\u00e4g och vattenbyggnaden anslagit en betydlig summa penningar f\u00f6r v\u00e4garnas anl\u00e4ggning i Nya Kopparberget s\u00e5 \u00f6vertog (..) s\u00e4rskilda bergslagens ledam\u00f6ter verkst\u00e4lligheten d\u00e4rav enligt herr lantm\u00e4taren Ljungdahls f\u00f6rslag och kostnadsv\u00e4rdering. Emot inb\u00f6rdes borgen finge dessa medel lyftas och en var disponerade det belopp som p\u00e5 den v\u00e4goml\u00e4ggning han \u00f6vertagit bel\u00f6pt sedan d\u00e4ruti f\u00f6rsamlingen uti beslut av den 12:e december 1841 \u00e5tagit sig med 1\/3 d\u00e4rav f\u00f6r sin del befordra det nyttiga f\u00f6retaget.<br>&#8212;&#8212;&#8211; s\u00e5 vad kan vara allm\u00e4nt (\u2026) s\u00e5 som detta har sig ehuru ingalunda ikl\u00e4dande mig n\u00e5gon ansvarighet eller verkst\u00e4llighetsplikt (\u2026) f\u00f6r fullbordande av den del av v\u00e4gen som ligger mig s\u00e5som Stjernfors Bruks \u00e4gare n\u00e4rmast, eller ifr\u00e5n Stjernfors f\u00f6rbi Salbobackarna, jag har sedan det f\u00f6ref\u00f6ll mig som vore n\u00e5got d\u00e4r\u00e5 att ytterligare full\u00e4nda samtalet med en av bergslagens utm\u00e4rkt aktningsv\u00e4rda medlemmar om full\u00e4ndande d\u00e4rav medelst sin hussyn och n\u00e4mndemannen Anders Andersson i K\u00f6rartorp ha i det avseendet svarat mot min v\u00e4ntan, den v\u00e4ganl\u00e4ggning herr Ljungdahl f\u00f6reslagit \u00e4r som jag vid besiktning f\u00f6rleden g\u00e5rdag d\u00e4r\u00e5 s\u00e5som enskild person gjort, ganska v\u00e4l efter &#8212; f\u00f6rh\u00e5llanden iakttagen, att herr Ljungdahl f\u00f6r&#8212;- en forts\u00e4ttning d\u00e4rav, f\u00f6rbi den s\u00e5 kallade Grind- och Marcusbacken betagen ej vad som \u00e4r gjort &#8212; &#8212;&#8211; men anh\u00e5llan vore det ville f\u00f6rsamlingen utse n\u00e5gon eller n\u00e5gra som besiktigade och l\u00e4mnade sitt utl\u00e5tande om detta arbete, vartill jag f\u00e5r f\u00f6resl\u00e5 herr bergsfogden Craelius med den honom till bitr\u00e4de l\u00e4mnades jag hoppas han ej undandrager sig denna m\u00f6da och l\u00e4mnar yttrande d\u00e4rom.<br>Sedan kan v\u00e4gen ifr\u00e5gavarande till nyttjande uppl\u00e5ta och indelas, d\u00e4r f\u00f6rutom och som till denna v\u00e4g enligt fattat och som jag hoppas orubbligt beslut av den 12:e december 1841 Bergslagen f\u00f6rbundit sig l\u00e4mna 1\/3 tillskott, skulle jag f\u00f6resl\u00e5 om detta, sedan den best\u00e4mda v\u00e4goml\u00e4ggningen blivit godk\u00e4nd d\u00e4r\u00e5 bliva n\u00e5got \u00f6verskott att det samma m\u00e5tte f\u00e5 anv\u00e4ndas till den f\u00f6rut omf\u00f6rm\u00e4lda Grindbackens omkringg\u00e5ende och varom allt de utsedda syningsm\u00e4nnen torde l\u00e4mna sitt utl\u00e5tande att ifr\u00e5gavarande tillskott av byggningskass\u00f6ren m\u00e5 utttagas och tillhandah\u00e5llas tar jag f\u00f6r avgjort och att s\u00e5vitt p\u00e5 mig beror fullst\u00e4ndig redovisning f\u00f6r anv\u00e4nda medel m\u00e5 bliva framlagd f\u00f6r sig anm\u00e4la,<\/em><br><em>Stjernfors den 27:e juni 1846, Eric Cederborgh<\/em>&#8221;<\/p>\n\n\n\n<p><em>F\u00f6rsamlingens ledam\u00f6ter, som tog detta anf\u00f6rande i \u00f6verv\u00e4gande funne ej sk\u00e4l att bi&#8212;&#8211; herr brukspatrons beg\u00e4ran att utse n\u00e5gon eller n\u00e5gra som besiktigade ifr\u00e5gavarande v\u00e4goml\u00e4ggning, en\u00e4r herr kapten Olivecrona i n\u00e4stinfallande juli m\u00e5nad h\u00e4r skall intr\u00e4ffa f\u00f6r att \u00e5 direktions f\u00f6r v\u00e4g- och vattenbyggnader &#8212;&#8211; anst\u00e4lla en f\u00f6rberedande syn och alla inom socknen verkst\u00e4llda v\u00e4goml\u00e4ggningar och i s\u00e5dant fall d\u00e4r besiktning, som av n\u00e5gra f\u00f6rsamlingens ledam\u00f6ter anst\u00e4lldes uti deras yttrande d\u00e4r\u00f6ver vore utan &#8212;- \u00e4ndam\u00e5l, &#8211;som v\u00e4garbetets gillande eller ogillande, endast och allenast kan komma att bero av bem\u00e4lda Olivecronas utl\u00e5tande d\u00e4rom.<br>Vad \u00e5ter angick herr brukspatrons uttalade \u00f6nskan och beg\u00e4ran att i denna h\u00e4ndelse n\u00e5gra medel, sedan m&#8212;&#8212;&#8212; v\u00e4goml\u00e4ggning blivit gillad, skulle bliva \u00f6vriga och m\u00e5tte f\u00e5 anv\u00e4ndas p\u00e5 kringg\u00e5ende av den s\u00e5 kallade Grind- och Marcusbacken, kunde den ej annat \u00e4n godk\u00e4nnas av de f\u00f6rsamlade som ans\u00e5g den f\u00f6re&#8212;- v\u00e4goml\u00e4ggningen vara av behovet h\u00f6gt p\u00e5kallad, men kunde ej f\u00f6rr fatta n\u00e5got avg\u00f6rande beslut om verkst\u00e4lligheten d\u00e4rav, \u00e4n den eller de som ikl\u00e4tt sig ansvaret uti skyldigheten att verkst\u00e4lla ovan besagda v\u00e4goml\u00e4ggning enl s\u00e4tt den utsynad, redogjort f\u00f6r omkostnaderna och de medel som de av statsanslaget uppburit. Skulle n\u00e5got h\u00e4rav bliva \u00f6vrigt v\u00e5re det f\u00f6rsamlingens \u00f6nskan, att detsamma m\u00e5tte anv\u00e4ndas f\u00f6r sistbesagda \u00e4ndam\u00e5l (men ville ej vidk\u00e4nnas att utbetala det 1\/3 tillskott vilket f\u00f6rsamlingen till f\u00f6rbundit sig att l\u00e4mna endast och allenast f\u00f6r att kunna hitbekomna merbem\u00e4lda statsanslag).<\/em><\/p>\n\n\n\n<p><em>\u00a72.<br>Hemst\u00e4llde ordf\u00f6randen till f\u00f6rsamlingens avg\u00f6rande vad m\u00e5tt och steg borde tagits med Jonas Persson i Stora Kumlan som l\u00e5ter sin dotter Maria vilken lider av sv\u00e5ra br\u00e4nns\u00e5r \u00f6ver hela ryggen, f\u00f6rsm\u00e4kta i allra st\u00f6rsta el\u00e4nde, utan att l\u00e4mna henne minsta tillsyn, sk\u00f6tsel och underh\u00e5ll. F\u00f6rsamlingen, som visserligen hade sig bekant hans ir\u00e5kade obest\u00e5nd, kunde dock ej frikalla honom ifr\u00e5n den faderliga omv\u00e5rdnad han borde visa ett s\u00e5 olyckligt och beklagansv\u00e4rt barn, men de &#8212; tills\u00e4gelser till Jonas Persson att h\u00e4danefter mer faderligt och k\u00e4rleksfullt v\u00e5rda henne ans\u00e5gs vara utan all p\u00e5f\u00f6ljd, uppdrogs \u00e5t Petter Andersson fr\u00e5n Stora Kumlan, som nu n\u00e4rvarande upplyste att besagda flicka \u00e4gde ett litet arv a 5-6 riksdaler rgs efter sin avlidna mor hos honom innest\u00e5ende, att detsamma utl\u00e4mna och anv\u00e4nda till hennes v\u00e5rd och sk\u00f6tsel, och ville f\u00f6rsamlingen sedan det var anv\u00e4nt och f\u00f6rt\u00e4rt, och att Jonas Persson skulle fortfara att vara lika hj\u00e4rtl\u00f6s och obarmh\u00e4rtig framdeles g\u00f6ra n\u00e5got undantag \u00e5t den beklagansv\u00e4rda<\/em>.<\/p>\n\n\n\n<p><em>\u00a73.<br>F\u00f6retr\u00e4dde Petter Perssons hustru i L\u00f6nnfallet och anh\u00f6ll om vidare underst\u00f6d till f\u00f6da \u00e5t sin av kylskador \u00e4nnu sv\u00e5rt lidande son Erik. F\u00f6rsamlingens ledam\u00f6ter som noggrant h\u00f6rde f\u00f6r\u00e4ldrarnas knappa omst\u00e4ndigheter och d\u00e4rf\u00f6r sedan maj m\u00e5nad tilldelat honom ett underst\u00f6d av 6 riksdaler 32 skilling banco, anmodades nu ytterligare \u00e5t honom en fj\u00e4rdedels tunna r\u00e5g.<\/em><\/p>\n\n\n\n<p><em>In fidem<br>J.D Westholm<\/em><\/p>\n\n\n\n<p><em>Uppl\u00e4st justerat och erk\u00e4nt i allm\u00e4n sockenst\u00e4mma den 5:e juli 1846, betyga \u00e5 f\u00f6rsamlingens v\u00e4gnar,<br>Eric Persson i Wiken.<\/em><\/p>\n\n\n\n<p><\/p>\n","protected":false},"excerpt":{"rendered":"<p>Brukspatronen p\u00e5 Stj\u00e4rnfors, Erik Cederborg, ser g\u00e4rna en v\u00e4goml\u00e4ggning f\u00f6rbi Marcusbacken, den hj\u00e4rtl\u00f6sa torparen Jonas Persson g\u00f6r inget f\u00f6r sin br\u00e4nnskadade dotter och frun p\u00e5 L\u00f6nnfallet \u00e4skar st\u00f6d f\u00f6r sin son som f\u00e5tt t\u00e5rna amputerade efter f\u00f6rfrysning&#8230;<\/p>\n","protected":false},"author":1,"featured_media":1649,"comment_status":"closed","ping_status":"open","sticky":false,"template":"","format":"standard","meta":{"footnotes":""},"categories":[319,21],"tags":[336,337,5,190],"class_list":["post-1646","post","type-post","status-publish","format-standard","has-post-thumbnail","hentry","category-319","category-sockenstammoprotokoll","tag-brannskada","tag-cederborgh","tag-stora-kumlan","tag-vagomlaggningsarbete"],"_links":{"self":[{"href":"https:\/\/www.ljusnaren.se\/index.php\/wp-json\/wp\/v2\/posts\/1646","targetHints":{"allow":["GET"]}}],"collection":[{"href":"https:\/\/www.ljusnaren.se\/index.php\/wp-json\/wp\/v2\/posts"}],"about":[{"href":"https:\/\/www.ljusnaren.se\/index.php\/wp-json\/wp\/v2\/types\/post"}],"author":[{"embeddable":true,"href":"https:\/\/www.ljusnaren.se\/index.php\/wp-json\/wp\/v2\/users\/1"}],"replies":[{"embeddable":true,"href":"https:\/\/www.ljusnaren.se\/index.php\/wp-json\/wp\/v2\/comments?post=1646"}],"version-history":[{"count":4,"href":"https:\/\/www.ljusnaren.se\/index.php\/wp-json\/wp\/v2\/posts\/1646\/revisions"}],"predecessor-version":[{"id":1651,"href":"https:\/\/www.ljusnaren.se\/index.php\/wp-json\/wp\/v2\/posts\/1646\/revisions\/1651"}],"wp:featuredmedia":[{"embeddable":true,"href":"https:\/\/www.ljusnaren.se\/index.php\/wp-json\/wp\/v2\/media\/1649"}],"wp:attachment":[{"href":"https:\/\/www.ljusnaren.se\/index.php\/wp-json\/wp\/v2\/media?parent=1646"}],"wp:term":[{"taxonomy":"category","embeddable":true,"href":"https:\/\/www.ljusnaren.se\/index.php\/wp-json\/wp\/v2\/categories?post=1646"},{"taxonomy":"post_tag","embeddable":true,"href":"https:\/\/www.ljusnaren.se\/index.php\/wp-json\/wp\/v2\/tags?post=1646"}],"curies":[{"name":"wp","href":"https:\/\/api.w.org\/{rel}","templated":true}]}}