{"id":1652,"date":"2025-10-06T20:53:09","date_gmt":"2025-10-06T20:53:09","guid":{"rendered":"https:\/\/www.ljusnaren.se\/?p=1652"},"modified":"2025-10-07T19:28:13","modified_gmt":"2025-10-07T19:28:13","slug":"1846-08-26","status":"publish","type":"post","link":"https:\/\/www.ljusnaren.se\/index.php\/2025\/10\/06\/1846-08-26\/","title":{"rendered":"1846-08-26"},"content":{"rendered":"\n<h3 class=\"wp-block-heading\">Protokoll h\u00e5llet i allm\u00e4n sockenst\u00e4mma med Ljusnarsbergs f\u00f6rsamling den 16:e augusti 1846.<\/h3>\n\n\n\n<p><em>\u00a71<br>F\u00f6rsamlingens ledam\u00f6ter vore nu enligt f\u00f6rutg\u00e5ngen i laga ordning fr\u00e5n predikstolen uppl\u00e4st kallelse, samlade f\u00f6r att tillf\u00f6lje av Konungens befallningshavandes till pastors\u00e4mbetet givna f\u00f6reskrift uti allm\u00e4n sockenst\u00e4mma taga k\u00e4nnedom och avgiva f\u00f6rklaring \u00f6ver de besv\u00e4r en del f\u00f6rsamlingsledam\u00f6ter anf\u00f6rt \u00f6ver val till deputerade f\u00f6r uppg\u00f6rande av grunderna till utg\u00f6rande av de extra ordinarie utskylder och besv\u00e4r som fastighet \u00e5ligga. Till en b\u00f6rjan uppl\u00e4stes nu s\u00e5v\u00e4l Konungens befallningshavandes resolution upp\u00e5 de anf\u00f6rda besv\u00e4ren som och sj\u00e4lva besv\u00e4rsskriften, hela handlings ord f\u00f6r ord s\u00e5 lydande:<\/em><\/p>\n\n\n\n<p><em><br>&#8221;Till konungens h\u00f6ga befallningshavande i \u00d6rebro l\u00e4n den 18:e juli 1846<br>Kommuniceras pastors\u00e4mbetet i Ljusnarsbergs f\u00f6rsamling som anmodas, att h\u00e4r\u00f6ver i sockenst\u00e4mma h\u00f6ra den del av f\u00f6rsamlingen som icke i besv\u00e4ren deltagit, samt att med dess f\u00f6rklaring, j\u00e4mte eget utl\u00e5tande och dessa handlingar f\u00f6r d\u00e4r sammeligen hit inkomma.<br>\u00d6rebro slott, landskansliet som ovan.<\/em><br><em>E.J Bergenssch\u00f6ld \/ E.J Wikander<\/em>&#8221;<\/p>\n\n\n\n<p><br>&#8221;<em>Emot n\u00e4rlagda sockenst\u00e4mmobeslut s\u00e5vitt det r\u00f6r val av kommitterade f\u00f6r uppg\u00f6rning av kommuniala utgifter och alla andra samh\u00e4llsskyldigheter inom Ljusnarsbergs socken, f\u00e5r vi i st\u00f6rsta \u00f6dmjukhet anf\u00f6ra besv\u00e4r. Sedan mest bara s\u00e5 kallade 4:e-parts\u00e4gare, vilka alltid giva ton och vilja ha \u00f6ver handen blivit valda och ej mer \u00e4n, en, n\u00e4mndeman Peter Persson i Br\u00e4nnbyn som egentligen kan s\u00e4gas r\u00e4tt representera de klagande eller de f\u00f6rr s\u00e5 vanlottade, s\u00e5 kallade torp\u00e4gare, men p\u00e5 vilka det icke f\u00f6rg\u00e4tit, l\u00e4gga drygaste delen av samh\u00e4llsskyldigheterna ty egendomar finnas, med 28 a 36 tunnlands areal som hava l\u00e4ngre v\u00e4gstycken \u00e4n m\u00e5nga halva 4:e-parter, som hava kring 340 tunnland, d\u00e5 valet \u00e5tminstone borde g\u00f6ras s\u00e5 att det varit h\u00e4lften av vardera partiet. Vi kunna s\u00e5ledes icke annat \u00e4n p\u00e5 f\u00f6rhand, f\u00f6rklarats obel\u00e5tna med vad dessa, f\u00f6r \u00f6vrigt ganska aktningsv\u00e4rda m\u00e4n, besluta. Ty valet utf\u00f6r f\u00f6r ensidigt, f\u00f6r att vi, uti ifr\u00e5gavarande fall, kunna l\u00e4mna dem beskattningsr\u00e4tten \u00f6ver &#8212; s\u00e5 framt de icke vilja att vi f\u00e5r taga del i v\u00e4gh\u00e5llning, skjuts, allm\u00e4nna byggnader, fattigf\u00f6rs\u00f6rjning och alla andra utgifter efter hemmantal, och varefter vi utg\u00f6ra &#8212; till Kongl. Majts och Kronan, vilket \u00e4r och blir v\u00e5ra p\u00e5st\u00e5enden.<\/em><\/p>\n\n\n\n<p><em><br>Nya Kopparberget, 27:e juni 1846.<\/em><br><em>Anders Andersson i K\u00f6rartorp, A. Magnusson, hemmans\u00e4gare, Eric E.P.S Persson vid Walltorp, Eric Bengtsson vid Stora Orrbacken, Jan Andersson vid Klotbacken, Jan Ersson vid R\u00e4llself, J.F Adler vid R\u00e5stock, Carl Ersson vid Nya V\u00e4gen, David Mattsson vid F\u00e4bobacken, Lars Samuelsson vid R\u00e4lln, Fredrik Adler i Backen, Anders Persson vid Konstbacken, ERik ERsson vid Harstorp, Lars H\u00e4gerstr\u00f6m Stuvk\u00e4rn, Carl Fredrik Olsson vid Stuvk\u00e4rnsfall, Lars Isaac Jansson vid Stuvtj\u00e4rn.<\/em>&#8221;<\/p>\n\n\n\n<p><br><em>Sedan f\u00f6reg\u00e5ende blivit uppl\u00e4st, uppstod f.d bruksinspekt\u00f6ren A. Magnusson och f\u00f6rklarade att Konungens befallningshavandes mening med uttrycket, den del av f\u00f6rsamlingen som icke i besv\u00e4ren deltagit, vore ehuru icke best\u00e4mt uttryckt, att de f\u00f6rr s\u00e5 kallade torpare eller hemmans\u00e4gare skulle h\u00f6ras huruvida de ville i besv\u00e4ren delta. Pastor d\u00e4remot f\u00f6rklarade att han icke av landsh\u00f6vdinge\u00e4mbetet omf\u00f6rm\u00e4lta uttryck kunde draga en s\u00e5dan slutsats utan fann meningen tydligen vara den att alla fastighets\u00e4gare s\u00e5 bergsm\u00e4n som torp- eller hemmans\u00e4gare vilka icke uti besv\u00e4reen deltagit, skulle avgiva en gemensam f\u00f6rklaring \u00f6ver de anf\u00f6rda besv\u00e4ren. Pastor yrkade f\u00f6r den skull att f\u00f6rsamlingens ledam\u00f6ter behagade f\u00f6rklara sig \u00f6ver det \u00f6verklagade valet till deputerade f\u00f6r uppg\u00f6rande av en billig f\u00f6rdelning f\u00f6r utg\u00f6randet av de extra ordinarie utskylder och besv\u00e4r, som fastighet \u00e5tf\u00f6lja. Till f\u00f6lje av denna pastorsuppmaning uppdrogs \u00e5t postm\u00e4staren herr P.A Carlberg p\u00e5 Abrahamsg\u00e5rd att \u00e5 f\u00f6rsamlingens v\u00e4gnar avgiva den \u00e4skade f\u00f6rklaringen som borde inneh\u00e5lla att en\u00e4r sockenst\u00e4mman d\u00e5 valet f\u00f6rr\u00e4ttades blivit h\u00e5llen efter 14 dagar f\u00f6rut skedd p\u00e5lysning, vilken s\u00f6ndagen d\u00e4rp\u00e5 och samma dag sockenst\u00e4mman h\u00f6lls f\u00f6rnyades och i \u00f6vrigt ingen olaglighet vid valet blivit beg\u00e5ngen, det f\u00f6rda protokollet i beh\u00f6rig ordning justerat samt fr\u00e5n predikstolen uppl\u00e4st, valet m\u00e5tte \u00e4ga best\u00e5nd.<br>Upplysningsvis borde \u00e4ven omn\u00e4mnas att tv\u00e4nne av de valda, n\u00e4mligen n\u00e4mndemannen Erik Segelstr\u00f6m vid V\u00e4stra L\u00f6vfallet och Peter Persson i Br\u00e4nnbyn, icke \u00e4ro 4:eparts\u00e4gare av de \u00f6vriga nio \u00e4ro alla innehavare av s\u00e5 v\u00e4l torp som fj\u00e4rdepartsegendomar utom n\u00e4mndeman Per Ersson i Dahltorp som endast \u00e4ger en halv fj\u00e4rdeparts egendom.<\/em><\/p>\n\n\n\n<p><em>\u00a72.<br>Uppl\u00e4ste pastor V\u00e4ster\u00e5s h\u00f6gv\u00f6rdiga domkapitels resolution upp\u00e5 de besv\u00e4r f.d bruksinspekt\u00f6ren herr A. Magnusson i domkapitlet anf\u00f6rt \u00f6ver det \u00e5 valborgsm\u00e4sso sockenst\u00e4mman fattade beslut att inga med eldst\u00e4der f\u00f6rsedda boningsrum s\u00e5 vidare i n\u00e4rheten av kyrkan och dess omr\u00e5de uppf\u00f6ras. Magnussons besv\u00e4rsskrift j\u00e4mte domkapitlets &#8212;- resolution var av f\u00f6ljande lydelse:<br><\/em><\/p>\n\n\n\n<p>&#8221;<em>Till h\u00f6gv\u00f6rdiga domkapitlet i V\u00e4ster\u00e5s!<br>Resolution<br>Kommuniceras kyrkoherden i Ljusnarsberg J.D Westholm med anmodan att h\u00e4r\u00f6ver h\u00f6ra Ljusnarsbergs f\u00f6rsamling samt d\u00e4refter med dess f\u00f6rklaring j\u00e4mte eget utl\u00e5tande i m\u00e5let hit inkomma.<br>V\u00e4ster\u00e5s domkapitel den 29:e juli 1846.<br>Ex afficio<br>J.O.W Sj\u00f6quist<\/em><\/p>\n\n\n\n<p class=\"is-style-default has-accent-5-background-color has-background\"><em><br>&#8221;Med flera betydande sockenbors skriftliga bifall, uppbyggde jag och n\u00e5gra grannar med mig, uti en grusgrop p\u00e5 Ljusnarsbergs kyrkas yttersta omr\u00e5de, ibland andra kyrkostall, ett s\u00e5dant, f\u00f6r att f\u00e5 h\u00e4st och \u00e5kdon om s\u00f6ndagarna under tak och inom l\u00e5s f\u00f6rvarade \u00f6verkl\u00e4der m.m samt f\u00f6r att &#8212; f\u00e5 sina saker bortstulna, som exempel icke saknas hava skett. Det p\u00e5byggdes s\u00e5 h\u00f6gt att det inr\u00e4ttades en liten s\u00e5 kallad kyrkkammare upp\u00e5 f\u00f6r att hava ett rum, heller s\u00e5kallat litet kyrkokvarter att g\u00e5 in p\u00e5 n\u00e4r man kom fram till kyrkan och \u00e4ven vid andra tillf\u00e4llen i detta lilla rum inmurades en dubbel tackj\u00e4rns kakelugn f\u00f6r att i kall vinter n\u00e4r man var framme, ej oftare, kunna elda litet varmt. I kring kyrkan \u00e4r ej tillf\u00e4lle att f\u00e5 g\u00e5 in i passande varmt rum d\u00e4r bor och \u00e4r s\u00e5kallade b\u00e4ttre hus, hos vilka man ej utan \u00e4renden kan g\u00e5 in utan att genera och vara generad. Vid sockenst\u00e4mman den 24:e f\u00f6rlidna maj detta \u00e5r vilket protokollsutdrag h\u00e4r n\u00e4r i \u00f6dmjukhet bifogas, fattades det beslut att inga med eldst\u00e4der f\u00f6rsedda boningsrum f\u00e5 i n\u00e4rheten av kyrkan uppf\u00f6ras, samt d\u00e4r j\u00e4mte att inga nya byggnader skall heller vad de heta m\u00e5nde, f\u00e5 \u00e5 kyrkans mark uppf\u00f6ras, etc, etc.<\/em><br><em>Det \u00e4r emot detta beslut, s\u00e5 vitt d\u00e4rmed skulle \u00e5syftas n\u00e5gon retroaktiv verkan, p\u00e5 detta lilla oskadliga och ingen f\u00f6r n\u00e4rmare rum som var f\u00f6re beslutets fattande och uppf\u00f6rt f\u00f6rlidet \u00e5r, heller att det skulle borttagas, som jag visst icke tror, ty beslutet var, att d\u00e4r inga vidare skulle f\u00e5 uppf\u00f6ras, s\u00e5ledes detta lilla som redan var uppf\u00f6rt l\u00e4mnades ett tyst medgivande att f\u00e5 kvarst\u00e5, som jag hos h\u00f6gv\u00f6rdiga domkapitlet, i st\u00f6rsta \u00f6dmjukhet f\u00f6r anf\u00f6ra besv\u00e4r. Eldfarligt f\u00f6r kyrkan \u00e4r det icke. Den blir ingen bostad, det ligger \u00f6ver 150 aln fr\u00e5n henne. Uti sakristian eldas i j\u00e4rnkakelugn, Abrahamsg\u00e5rd och herr kass\u00f6r Adlers ligger mycket n\u00e4rmare upp\u00e5 dessa stora g\u00e5rdar eldas dagligen, d\u00e5 d\u00e4remot i detta, endast n\u00e5gon g\u00e5ng vintertiden. Sockenstugan och arresten ligga \u00e4ven n\u00e4rmare och ibland kyrkostallen. Det har \u00e4ven f\u00f6re min, varit kyrkokammare mycket n\u00e4rmare kyrkan utan n\u00e5gon farlighet. H\u00f6gfors bruk hade s\u00e5dan som blev borttagen, sedan bruket kom i numera avldna brukspatron Ericssons hand, som sj\u00e4lv bodde vid kyrkan. Jag anh\u00e5ller i anledning av vad anf\u00f6rt \u00e4r, i st\u00f6rsta \u00f6dmjukhet att detta lilla rum som ligger i en grusgrop och p\u00e5 ena \u00e4nden av stallraden, och fanns f\u00f6re beslutet, att detta f\u00e5r vara.<\/em><\/p>\n\n\n\n<p class=\"has-accent-5-background-color has-background\"><em>Nya Kopparberget 1 juli 1846. A. Magnusson, f\u00f6rr bruksinspektor, nu hemmans\u00e4gare.&#8221;<\/em><\/p>\n\n\n\n<p><em>Efter uppl\u00e4sandet h\u00e4rav, tillk\u00e4nnagav herr inspektor Magnusson att han med denna besv\u00e4rsskrift icke \u00e5syftade upph\u00e4vande av det p\u00e5 valborgsm\u00e4sso sockenst\u00e4mman fattade beslut att ingen boningsrum med eldst\u00e4der vidare f\u00e5 i n\u00e4rheten av kyrkan och p\u00e5 dess omr\u00e5de uppf\u00f6ras, utan att hans mening d\u00e4rmed varit f\u00f6rhindra till\u00e4gga beslutet n\u00e5gon retroaktiv verkan, varigenom han kunde komma att f\u00f6rlora sin kyrkokammare. Med anledning h\u00e4rav hemst\u00e4lle pastor till f\u00f6rsamlingen huruvida f\u00f6rsamlingen ville till\u00e5ta inspektor Magnusson att vintertiden f\u00e5 elda sin kyrkkammare vid de tillf\u00e4llen han f\u00f6r egen del beh\u00f6vde densamma begagna. En del av f\u00f6rsamlingens ledam\u00f6ter, n\u00e4mligen Anders Andersson i K\u00f6rartorp, bergsman Eric Persson i Walltorp och Peter Andersson i Stora Kumlan medg\u00e5vo att herr Magnusson skulle f\u00e5 begagna kammaren och varmh\u00e5lla den, varemot herr greve M\u00f6rner p\u00e5 Stj\u00e4rnfors, postm\u00e4staren P.A Carlberg p\u00e5 Abrahamsg\u00e5rd, Anders Ersson i Svepartorp med flera, f\u00f6rklarade att herr inspektorens \u00f6ver kyrkstallet uppf\u00f6rda kammare just egentliga givit anledningen till det fattade beslutet att icke n\u00e5gra med eldst\u00e4der f\u00f6rsedda boningsrum finge p\u00e5 kyrkans omr\u00e5de uppf\u00f6ras vadan ock de nu yrkade att herr Magnusson skulle utur sin kyrkkammare l\u00e5ta borttaga kakelugnen eller \u00e5tminstone icke elda den.<br>Tillf\u00f6lje av detta yrkande, som utgjorde pluralitetens, uppdrogs \u00e5t postm\u00e4staren herr P.A Carlberg att \u00e5 f\u00f6rsamlingens v\u00e4gnar avgiva f\u00f6rklaring \u00f6ver herr inspektor Magnussons i domkapitlet anf\u00f6rda besv\u00e4r och skulle herr postm\u00e4staren uti denna f\u00f6rklaring n\u00e4rmare utveckla sk\u00e4len, varf\u00f6r f\u00f6rsamlingen icke ville medgiva herr Magnussons r\u00e4ttighet att elda i sin s\u00e5kallade kyrkkammare.<\/em><br><em>\u00a73.<br>Peter Perssons i L\u00f6nnfall dotter f\u00f6retr\u00e4dde och anh\u00f6ll om ytterligare hj\u00e4lp till f\u00f6rda f\u00f6r sin av kylskador \u00e4nnu till arbete of\u00f6rm\u00f6gne broder, Erik Persson Lundberg, f\u00f6rsamlingen ans\u00e5g att fadern Peter Person, som \u00e4gde en hemmansdel, vilken han nu sk\u00f6rdat, borde sj\u00e4lv kunna h\u00e4danefter f\u00f6rs\u00f6rja sin son intill dess denne kunde genom arbete sig f\u00f6rs\u00f6rja. vadan allts\u00e5 beg\u00e4ran om ytterligare underh\u00e5ll f\u00f6r Eric Persson Lundberg denna g\u00e5ng avslogs.<br>In fidem.<br>J.D Westholm.<\/em><\/p>\n\n\n\n<p><em>Justerat och uppl\u00e4st samt riktigt befunnit betyga \u00e5 f\u00f6rsamlingens v\u00e4gnar.<br>Eric Jansson i Stenn\u00e4s.<br>(signatur)<\/em><\/p>\n","protected":false},"excerpt":{"rendered":"<p>Bruksinspektor Magnusson har uppf\u00f6rt ett eget kyrkstall med en extra v\u00e5ning. Ovanp\u00e5 finns en kammare med kakelugn. Inte gillat av sockenst\u00e4mman, d\u00e5 eld kan hota kyrkan&#8230; <\/p>\n","protected":false},"author":1,"featured_media":1653,"comment_status":"closed","ping_status":"open","sticky":false,"template":"","format":"standard","meta":{"footnotes":""},"categories":[319,21],"tags":[338,62],"class_list":["post-1652","post","type-post","status-publish","format-standard","has-post-thumbnail","hentry","category-319","category-sockenstammoprotokoll","tag-inspektor","tag-kyrkan"],"_links":{"self":[{"href":"https:\/\/www.ljusnaren.se\/index.php\/wp-json\/wp\/v2\/posts\/1652","targetHints":{"allow":["GET"]}}],"collection":[{"href":"https:\/\/www.ljusnaren.se\/index.php\/wp-json\/wp\/v2\/posts"}],"about":[{"href":"https:\/\/www.ljusnaren.se\/index.php\/wp-json\/wp\/v2\/types\/post"}],"author":[{"embeddable":true,"href":"https:\/\/www.ljusnaren.se\/index.php\/wp-json\/wp\/v2\/users\/1"}],"replies":[{"embeddable":true,"href":"https:\/\/www.ljusnaren.se\/index.php\/wp-json\/wp\/v2\/comments?post=1652"}],"version-history":[{"count":2,"href":"https:\/\/www.ljusnaren.se\/index.php\/wp-json\/wp\/v2\/posts\/1652\/revisions"}],"predecessor-version":[{"id":1655,"href":"https:\/\/www.ljusnaren.se\/index.php\/wp-json\/wp\/v2\/posts\/1652\/revisions\/1655"}],"wp:featuredmedia":[{"embeddable":true,"href":"https:\/\/www.ljusnaren.se\/index.php\/wp-json\/wp\/v2\/media\/1653"}],"wp:attachment":[{"href":"https:\/\/www.ljusnaren.se\/index.php\/wp-json\/wp\/v2\/media?parent=1652"}],"wp:term":[{"taxonomy":"category","embeddable":true,"href":"https:\/\/www.ljusnaren.se\/index.php\/wp-json\/wp\/v2\/categories?post=1652"},{"taxonomy":"post_tag","embeddable":true,"href":"https:\/\/www.ljusnaren.se\/index.php\/wp-json\/wp\/v2\/tags?post=1652"}],"curies":[{"name":"wp","href":"https:\/\/api.w.org\/{rel}","templated":true}]}}