{"id":1689,"date":"2025-11-17T18:42:23","date_gmt":"2025-11-17T18:42:23","guid":{"rendered":"https:\/\/www.ljusnaren.se\/?p=1689"},"modified":"2025-11-17T18:45:29","modified_gmt":"2025-11-17T18:45:29","slug":"1846-09-06","status":"publish","type":"post","link":"https:\/\/www.ljusnaren.se\/index.php\/2025\/11\/17\/1846-09-06\/","title":{"rendered":"1846-09-06"},"content":{"rendered":"\n<h3 class=\"wp-block-heading\">Protokoll h\u00e5llet i allm\u00e4n sockenst\u00e4mma med Ljusnarsbergs f\u00f6rsamling den 6:e september 1846.<\/h3>\n\n\n\n<p>\u00a7<em>1<br>Efter vederb\u00f6rlig skedd kallelse, voro f\u00f6rsamlingens respektive ledam\u00f6ter nu samlade uti allm\u00e4n sockenst\u00e4mma f\u00f6r efter avgivna sitt yttrande \u00f6ver nedanskrivna inbjudning ifr\u00e5n Nora stads och bergsf\u00f6rsamlingar vilken ordagrant uppl\u00e4stes:<br>&#8221;Utdrag av protokollet h\u00e5llet vid allm\u00e4n sockenst\u00e4mma med Nora stads- och bergsf\u00f6rsamlingar den 24:e maj 1846.<\/em><\/p>\n\n\n\n<p class=\"has-text-align-left\"><em>Herr provinsiall\u00e4karen doktor Cederschj\u00f6ld ingav till dagens protokoll ett ord ifr\u00e5n ord s\u00e5 lydande anf\u00f6rande: <\/em><\/p>\n\n\n\n<p class=\"has-text-align-left\">&#8221;<em>Till Nora f\u00f6rsamlingars sockenst\u00e4mma. Behovet av ett lasarett, s\u00e4rskilt f\u00f6r Bergslagen har l\u00e4nge varit inrett och erk\u00e4nt, utan att dock n\u00e5got blivit gjort, f\u00f6r att s\u00f6ka ern\u00e5 detta m\u00e5l. Avl\u00e4gsenheten ifr\u00e5n l\u00e4nslasarettet uti \u00d6rebro, sv\u00e5righeten att nog hastigt kunna f\u00e5 patienter d\u00e4r intagna, med flera omst\u00e4ndigheter g\u00f6ra, att denna inr\u00e4ttning h\u00f6gst s\u00e4llan av Bergslagen anlitas. Emellertid bidrar Bergslagen icke obetydligt till dess underh\u00e5ll. Endast ifr\u00e5n Nora h\u00e4rad g\u00e5r till n\u00e4mnda \u00e4ndam\u00e5l, s\u00e5som kurhusavgift, \u00f6ver 500 riksdaler banco och uti hela Nora och Lindes f\u00f6gderi stiger denna avgift till omkring 1600 riksdaler banco. Vad nytta har nu Bergslagen d\u00e4rav?<br>Endast r\u00e4ttigheten att med sv\u00e5righet kunna sina sjuka \u00e4r intagna. F\u00f6ljden blir ocks\u00e5 att n\u00e4stan alla sjuka f\u00f6rbliva inom Bergslagen, underh\u00e5llas d\u00e4r eller g\u00e5 under av el\u00e4nde. Det \u00e4r s\u00e5ledes tid att t\u00e4nka p\u00e5 en f\u00f6r\u00e4ndring h\u00e4ruti. Klokhet omtanke och m\u00e4nsklighet fordra det. Jag vill s\u00e5ledes f\u00f6r dessa f\u00f6rsamlingarna f\u00f6resl\u00e5 att de \u00f6vriga f\u00f6rsamlingarna inom Nora och Lindes f\u00f6gderi m\u00e5tte inbjudas, at med oss f\u00f6rena sig, dels till uppbyggande av ett \u00e4ndam\u00e5lsenligt lasarett, och dels att till Kongl. Majt ing\u00e5 med en anh\u00e5llan dit kurhusavgiften m\u00e5tte f\u00e5 inom Bergslagen kvarstanna till underh\u00e5ll av n\u00e4mnda inr\u00e4ttning. Jag har ej nu velat framkomma med n\u00e5got f\u00f6rslag f\u00f6r detta lasaretts organisation, utan hade t\u00e4nkt att kommitterade ifr\u00e5n alla de f\u00f6rsamlingar vilka vilja f\u00f6rena sig om denna inr\u00e4ttning m\u00e5tte utses som kunde utarbeta en \u00e4ndam\u00e5lsenlig plan vilken sedan kunde f\u00f6rel\u00e4ggas f\u00f6rsamlingarna, f\u00f6r att av dem pr\u00f6vas och antas.<\/em><\/p>\n\n\n\n<p class=\"has-text-align-right\"><em><br>Nora den 22:a maj F.A Cederschj\u00f6ld.<\/em>&#8221;<\/p>\n\n\n\n<p class=\"has-text-align-left\"><em><br>Detta herr doktor Cederschj\u00f6lds anf\u00f6rande v\u00e4ckte allm\u00e4n uppm\u00e4rksamhet och vann ett enh\u00e4lligt bifall. I anledning h\u00e4rav besl\u00f6ts att de \u00f6vriga socknarna inom Nora och Lindes f\u00f6gderi skola f\u00f6rmedelst utdrag av detta protokoll beledsagat av ett av herr doktorn utarbetat utf\u00f6rligare f\u00f6rslag inbjudas att genom i sockenst\u00e4mman valda deputerade f\u00f6r i Nora sammantr\u00e4da och bilda en kommitte, att detta \u00e4rende handl\u00e4gga och utreda. Till deputerade inom Nora f\u00f6rsamlingar uts\u00e5gs herr doktor Cederschj\u00f6ld, allm\u00e4nt ansedd s\u00e5som sj\u00e4lvskriven ordf\u00f6rande, herr h\u00e4radsh\u00f6vdingen Welin, herr brukspatron Anders Wedberg, samt sex- och n\u00e4mndemannen Anders Hindersson i Elfshyttan.<br>In fidem protocolli<br>M. Svederus.<\/em><\/p>\n\n\n\n<p class=\"has-text-align-left\"><em><br>Ehuru jag i sockenst\u00e4mman blivit anmodad att bifoga en utf\u00f6rligare plan till mitt f\u00f6rslag ang\u00e5ende ett lasaretts inr\u00e4ttande i Nora, s\u00e5 anser jag dock en dylik icke vara av behovet p\u00e5kallad, eller ens kunna uppst\u00e4llas, f\u00f6rr \u00e4n det blivit avgjort vilka och hur m\u00e5nga f\u00f6rsamlingar vilja uti denna inr\u00e4ttning delta.<\/em><\/p>\n\n\n\n<p class=\"has-text-align-right\"><em><br>Nora d 1. aug 1846. F. A Cederschj\u00f6ld.&#8221;<\/em><\/p>\n\n\n\n<p class=\"has-text-align-right\"><\/p>\n\n\n\n<p class=\"has-text-align-left\"><em>Efter uppl\u00e4sandet h\u00e4rav beg\u00e4rde pastor f\u00f6rsamlingens utl\u00e5tande. De n\u00e4rvarande sockenm\u00e4nnen f\u00f6rklarade enh\u00e4lligt, att som Nora stad l\u00e5g endast trenne mil n\u00e4rmare \u00e4n \u00d6rebro, kunde f\u00f6rdelen och den projekterade inr\u00e4ttningen f\u00f6r denna f\u00f6rsamling icke komma att motsvara de dryga omkostnader den skulle f\u00e5 vidk\u00e4nna, f\u00f6rst f\u00f6r uppbyggandet av ifr\u00e5gavarande lasarett och troligtvis \u00e4ven framdeles f\u00f6r dess underh\u00e5ll, vaden e ej funno sk\u00e4l att delta uti merbesagda inr\u00e4ttning.<\/em><\/p>\n\n\n\n<p><em>\u00a72.<br>Uppl\u00e4stes av ordf\u00f6randen herr doktor Roths r\u00e4kning \u00e5 25 riksdaler 16 skilling banco f\u00f6r tvenne sjukbes\u00f6k hos Peter Perssons som Erik i L\u00f6nnfallet, vilken erk\u00e4ndes och skulle av fattigkassan likvideras p\u00e5 grund av sockenst\u00e4mmobeslutet den 3:e sistlidna maj d\u00e5 f\u00f6rsamlingen beviljade att l\u00e4karens arvode och n\u00f6diga medikamenter f\u00f6r besagda Erik skulle av fattigkassan efter erh\u00e5llna r\u00e4kningar betalas.<\/em><\/p>\n\n\n\n<p><em>\u00a73.<br>Hemst\u00e4lldes till f\u00f6rsamlingens avg\u00f6rande huruvida framlidna sexman Erik Mattssons testamentariska f\u00f6rordnande till f\u00f6rm\u00e5n f\u00f6r fattiga \u00e4nkor inom denna f\u00f6rsamling borde, enligt herr h\u00e4radsh\u00f6vdingen Welins f\u00f6reskrift delgivas besagda Erik Mattssons n\u00e4rmaste sl\u00e4ktingar eller icke. Efter n\u00e5gon \u00f6verl\u00e4ggning h\u00e4rom besl\u00f6ts att icke blott besagda sl\u00e4ktingar utan \u00e4ven Erik Mattssons \u00e4nka samt dess borgesm\u00e4n skulle l\u00e4mnas del d\u00e4rav. Men som detta delyppande medf\u00f6rde b\u00e5de kostnad och besv\u00e4r en\u00e4r ifr\u00e5gavarande sl\u00e4ktingar \u00e4r s\u00e5 m\u00e5nga och flera av dem avl\u00e4gset boende, uppdrogs verkst\u00e4lligheten h\u00e4rav, \u00e5t bergsgevaldigern Wadsten som av fattigkassan skulle gottg\u00f6ras f\u00f6r kostnaden och besv\u00e4ret h\u00e4rmed.<\/em><\/p>\n\n\n\n<p><em>\u00a74. Uppl\u00e4stes Kongl. Majts n\u00e5deliga cirkul\u00e4rbrev ang\u00e5ende den nya upplaga av kyrkopsalmboken med choralmelodierna och m\u00e4ssan i fyrst\u00e4mmig sifferskrift som hovpredikanten prosten Johan Dellman \u00e4mna av trycket utgiva och avgjordes att f\u00f6r kyrkans r\u00e4kning och p\u00e5 dess kassas bekostnad trenne exemplar av den anm\u00e4lda psalmboken skulle rekvireras.<\/em><\/p>\n\n\n\n<p><em>\u00a75.<br>Beg\u00e4rde pastor Milenius att ombud m\u00e5tte utses vilken till f\u00f6lje av sockenst\u00e4mmmobeslutet den 8:e september f\u00f6rlidna \u00e5r, skulle besiktiga verkst\u00e4lligheten av den omst\u00e5ngning samt reparation av g\u00e4rdesg\u00e5rden och grindar j\u00e4mte slogarnas uppr\u00f6jning \u00e5 komministerbost\u00e4llet vilket f\u00f6rsamlingen f\u00f6r pastor Strandells r\u00e4kning ben\u00e4get lovat att bekosta och valdes n\u00e4mndeman Per Ersson i Dahltorp och bergsgevaldigern Wadsten att besagda avsyning f\u00f6rr\u00e4tta<\/em>.<\/p>\n\n\n\n<p><em>Anm\u00e4ldes att detta protokoll skulle justeras n\u00e4stkommande s\u00f6ndag<br>In fidem protocolli<\/em><\/p>\n\n\n\n<p><em><br>J.D Westholm<\/em><\/p>\n\n\n\n<p><em><br>Uppl\u00e4st justerat och erk\u00e4nt i allm\u00e4n sockenst\u00e4mma den 13:e september 1846 \u00e5 f\u00f6rsamlingens v\u00e4gnar.<br>Erik Jansson Stenn\u00e4s,<br>Erik Segelstr\u00f6m vid V\u00e4stra L\u00f6vfallet<\/em><\/p>\n\n\n\n<p><\/p>\n\n\n\n<p><\/p>\n\n\n\n<h3 class=\"wp-block-heading\">Kommentarer<\/h3>\n\n\n\n<p>Fredrik August Cederschj\u00f6ld var provinsiall\u00e4kare i Nora f\u00f6rsamling mellan 1842 och 1851, d\u00e4r de f\u00f6rsta fyra \u00e5ren var som tillf\u00f6rordnad. Han tog avsked 1851 och flyttade till Stockholm d\u00e4r han hade en framg\u00e5ngsrik karri\u00e4r, inte minst som f\u00f6rfattare av artiklar och l\u00e4rob\u00f6cker och ledamot i st\u00e5ndsriksdagarna.<\/p>\n\n\n\n<p><a href=\"https:\/\/sv.wikipedia.org\/wiki\/Fredrik_August_Cederschj%C3%B6ld\">Mer om Fredrik August h\u00e4r (wiki)<\/a><\/p>\n\n\n\n<p><\/p>\n","protected":false},"excerpt":{"rendered":"<p>Doktor Fredrik August Cederschj\u00f6ld, verksam i Nora som provinsiall\u00e4kare, f\u00f6resl\u00e5r gemensamt lasarett f\u00f6r Bergslagen placerat i Nora&#8230;<\/p>\n","protected":false},"author":1,"featured_media":1695,"comment_status":"closed","ping_status":"open","sticky":false,"template":"","format":"standard","meta":{"footnotes":""},"categories":[319,21],"tags":[151],"class_list":["post-1689","post","type-post","status-publish","format-standard","has-post-thumbnail","hentry","category-319","category-sockenstammoprotokoll","tag-nora"],"_links":{"self":[{"href":"https:\/\/www.ljusnaren.se\/index.php\/wp-json\/wp\/v2\/posts\/1689","targetHints":{"allow":["GET"]}}],"collection":[{"href":"https:\/\/www.ljusnaren.se\/index.php\/wp-json\/wp\/v2\/posts"}],"about":[{"href":"https:\/\/www.ljusnaren.se\/index.php\/wp-json\/wp\/v2\/types\/post"}],"author":[{"embeddable":true,"href":"https:\/\/www.ljusnaren.se\/index.php\/wp-json\/wp\/v2\/users\/1"}],"replies":[{"embeddable":true,"href":"https:\/\/www.ljusnaren.se\/index.php\/wp-json\/wp\/v2\/comments?post=1689"}],"version-history":[{"count":5,"href":"https:\/\/www.ljusnaren.se\/index.php\/wp-json\/wp\/v2\/posts\/1689\/revisions"}],"predecessor-version":[{"id":1696,"href":"https:\/\/www.ljusnaren.se\/index.php\/wp-json\/wp\/v2\/posts\/1689\/revisions\/1696"}],"wp:featuredmedia":[{"embeddable":true,"href":"https:\/\/www.ljusnaren.se\/index.php\/wp-json\/wp\/v2\/media\/1695"}],"wp:attachment":[{"href":"https:\/\/www.ljusnaren.se\/index.php\/wp-json\/wp\/v2\/media?parent=1689"}],"wp:term":[{"taxonomy":"category","embeddable":true,"href":"https:\/\/www.ljusnaren.se\/index.php\/wp-json\/wp\/v2\/categories?post=1689"},{"taxonomy":"post_tag","embeddable":true,"href":"https:\/\/www.ljusnaren.se\/index.php\/wp-json\/wp\/v2\/tags?post=1689"}],"curies":[{"name":"wp","href":"https:\/\/api.w.org\/{rel}","templated":true}]}}