{"id":20,"date":"2024-12-27T23:17:03","date_gmt":"2024-12-27T23:17:03","guid":{"rendered":"https:\/\/www.ljusnaren.se\/?p=20"},"modified":"2025-04-27T18:46:46","modified_gmt":"2025-04-27T18:46:46","slug":"1840-01-26","status":"publish","type":"post","link":"https:\/\/www.ljusnaren.se\/index.php\/2024\/12\/27\/1840-01-26\/","title":{"rendered":"1840-01-26"},"content":{"rendered":"\n<p class=\"has-large-font-size\">Mitt i vintern, tredje s\u00f6ndagen efter trettondagen, har sockenst\u00e4mman sitt f\u00f6rsta m\u00f6te p\u00e5 1840-talet. H\u00e4r infann sig den br\u00e4nnskadade kolardr\u00e4ngen Gustaf Larsson och ans\u00f6kte om fattigunderst\u00f6d. Han hade blivit sv\u00e5rt br\u00e4nd vid en olycka p\u00e5 sin kolmila f\u00f6r drygt 10 \u00e5r sedan, men \u00f6verlevt. D\u00f6md till resten av livet som of\u00f6rm\u00f6gen till arbete och ett liv av umb\u00e4randen som rotehjon i Ljusnarsberg\u2026<\/p>\n\n\n\n<hr class=\"wp-block-separator has-alpha-channel-opacity\"\/>\n\n\n\n<h3 class=\"wp-block-heading\" id=\"wnd_TextBlock_57062_inner_0\"><em>\u00c5r 1840 den 26:e januari h\u00f6lls, enligt d\u00e4rom i laga ordning utf\u00e4rdad kung\u00f6relse fr\u00e5n predikstolen uppl\u00e4sen, allm\u00e4n sockenst\u00e4mma med Ljusnarsbergs f\u00f6rsamling.<\/em><\/h3>\n\n\n\n<p class=\"has-large-font-size\" id=\"wnd_TextBlock_57062_inner_1\"><em>\u00a71. Undertecknad ordf\u00f6rande tillk\u00e4nnagav att hos honom anm\u00e4lan blivit gjord om \u00e5tskilliga fattiga, s\u00e5som varande i stort behov av n\u00e5got underst\u00f6d av f\u00f6rsamlingens fattigv\u00e5rd, och ibland dessa i synnerhet Jan Jansson Sundberg fr\u00e5n Stora Kumlan vilken genom i r\u00e5kad sjukdom vore ur st\u00e5nd att sig, hustru och barn f\u00f6rs\u00f6rja. P\u00e5 hemst\u00e4llan av huru stort underh\u00e5ll f\u00f6rsamlingen ville f\u00f6r n\u00e4rvarande tilldela detta fattiga hush\u00e5ll, besl\u00f6ts att Sundberg skulle genast erh\u00e5lla 1\/8-dels tunna r\u00e5g och hustrun j\u00e4mte barnen vara till\u00e5tet att genom omkring vandrande inom socknen s\u00f6ka sitt uppeh\u00e4lle. Fr\u00e5ga v\u00e4cktes v\u00e4l om Sundbergs f\u00f6rs\u00e4ndande till l\u00e4nets lasarett, men avg\u00f6randet d\u00e4rmed borde dr\u00f6ja intill dess verkan av de fr\u00e5n socknens apotek meddelade medikamenter hunnit visa sig.<\/em><\/p>\n\n\n\n<p class=\"has-large-font-size\" id=\"wnd_TextBlock_57062_inner_2\"><em>2:a Till pastors\u00e4mbetet hade fr\u00e5n kronobefallningsman Hasselstr\u00f6m i Nora ankommit en skrivelse med antydan att pastors\u00e4mbetet ville tillse den f\u00f6rre koldr\u00e4ngen Gustaf Larsson, f\u00f6r flera \u00e5r sedan genom br\u00e4nnskada of\u00f6rm\u00f6gen till arbete, komma i \u00e5tnjutande av det fattigunderh\u00e5ll varav han kunde vara i behov, med anledning h\u00e4rav och d\u00e5 Gustaf Larsson nu vare fr\u00e5n \u00d6rebro lasarett till f\u00f6rsamlingen \u00e5terkommen och idag vid sockenst\u00e4mman sig infann, pr\u00f6vade f\u00f6rsamlingen sk\u00e4ligt bevilja till hans underh\u00e5ll f\u00f6r \u00e5ret 20 Rd Rgs, vilka penningar dock skulle av brodern Jacob Larsson vid L\u00f6v\u00e5storp emottas och Gustaf Larsson efter behov tilldelas.<\/em><\/p>\n\n\n\n<p class=\"has-large-font-size\" id=\"wnd_TextBlock_57062_inner_3\"><em>3:e. Kvinnan Stina Larsdotter vid Lilla Kristj\u00e4rn, som f\u00f6r n\u00e4rvarande legat sjuk i gruvkammaren vid Kristtjerns silvergruva, beviljades 1\/8 tunna r\u00e5g.<\/em><\/p>\n\n\n\n<p class=\"has-large-font-size\" id=\"wnd_TextBlock_57062_inner_4\"><em>4:e. Of\u00e4rdiga p\u00e5 kryckor g\u00e5ende inhysesmannen Erik Larsson vid K\u00e4lltj\u00e4rn, hade j\u00e4mv\u00e4l anh\u00e5llt om n\u00e5got underst\u00f6d. Men som han ans\u00e5gs \u00e4nnu \u00e4ga styrkan att idka skomakerhantverket och d\u00e4rigenom s\u00e4kerligen vara i tillf\u00e4lle sig f\u00f6rs\u00f6rja, s\u00e5 kunde f\u00f6rsamlingen ej denna g\u00e5ng bevilja honom n\u00e5got underh\u00e5ll av fattigf\u00f6rs\u00f6rjningen.<\/em><\/p>\n\n\n\n<p class=\"has-large-font-size\" id=\"wnd_TextBlock_57062_inner_5\"><em>5:e. Anders Erssons fr\u00e5n Alderfallet \u00e4nka med tre barn av vilka det yngsta vore 7 \u00e5r gammalt, inst\u00e4llde sig och anh\u00f6ll om n\u00e5gon hj\u00e4lp till f\u00f6da f\u00f6r sig och barnen, som nu kunde h\u00e5llas i skola. F\u00f6rsamlingen ans\u00e5g bem\u00e4rkta \u00e4nka, s\u00e5som fullt arbetsf\u00f6r, \u00e4nnu kunna sig sj\u00e4lv f\u00f6rs\u00f6rja vadan hennes beg\u00e4ran om underst\u00f6d avslogs: D\u00e4remot vad hennes barn betr\u00e4ffade s\u00e5 skulle dem vara till\u00e5tet, att lika med andra fattiga barn s\u00f6ka sitt uppeh\u00e5lle genom att vandra g\u00e5rd emellan inom socknen och f\u00f6r \u00f6vrigt skulle barnal\u00e4raren f\u00f6r deras undervisning i l\u00e4sning erh\u00e5lla sin betalning av f\u00f6rsamlingens fattigkassa eller skolfond.<\/em><\/p>\n\n\n\n<p class=\"has-large-font-size\" id=\"wnd_TextBlock_57062_inner_6\"><em>S\u00e5lunda \u00f6verenskommet och beslutat intyga \u00e5 f\u00f6rsamlingens v\u00e4gnar:<br>J.D. Westholm Ordf\u00f6rande, Pastor, Eric Jansson, Erik Segerstr\u00f6m, Bengt (&#8230;)<\/em><\/p>\n\n\n\n<hr class=\"wp-block-separator has-alpha-channel-opacity\"\/>\n\n\n\n<h3 class=\"wp-block-heading\" id=\"wnd_TextBlock_57062_inner_8\">Kommentar:<\/h3>\n\n\n\n<p class=\"has-large-font-size\" id=\"wnd_TextBlock_57062_inner_9\">Kolning p\u00e5 1800-talet var ett farligt arbete. Hugget virke skulle staplas s\u00e5 t\u00e4tt som m\u00f6jligt och t\u00e4ckas med jord och flis, men med s\u00e4rskilda \u00f6ppningar f\u00f6r att kunna kontrollera den blivande f\u00f6rbr\u00e4nningen. Kolmilans inneh\u00e5ll f\u00f6rbr\u00e4ndes d\u00e4rf\u00f6r utan att &#8221;brinna upp&#8221; tack vara den kontrollerade syrefattiga milj\u00f6n. Att kola en mila tog ett par veckor och kunde ge en god f\u00f6rtj\u00e4nst &#8211; s\u00e5 l\u00e4nge den inte brann!<\/p>\n\n\n\n<p class=\"has-large-font-size\" id=\"wnd_TextBlock_57062_inner_10\">Allt eftersom det f\u00e4rska virket f\u00f6rkolnades s\u00e5 krympte milan och n\u00e4r den satte sig, s\u00e5 var det kolarens uppgift att snabbt packa ner t\u00e4tskiktet av jord och fylla p\u00e5 med mer material s\u00e5 att det inte skapades luftfickor som kunde explodera. En av de st\u00f6rsta farorna f\u00f6r kolaren var n\u00e4r dessa riskabla fickor beh\u00f6vde packas ner &#8211; det h\u00e4nde att kolare ramlade igenom, rakt ner i milan med hemska f\u00f6ljder. Inte s\u00e4llan d\u00f6den.<\/p>\n\n\n\n<p class=\"has-large-font-size\" id=\"wnd_TextBlock_57062_inner_11\">N\u00e5got s\u00e5dant h\u00e4nde Gustaf Larsson i Ljusnarsberg. Han blev sv\u00e5rt br\u00e4nd vid en olycka p\u00e5 sin kolmila 1828, men \u00f6verlevde. Antingen s\u00e5 exploderade hans mila med brinnande material, eller s\u00e5 ramlade han igenom &#8221;locket&#8221;. Br\u00e4nnskadorna var s\u00e5 allvarliga att han aldrig mer kunde f\u00f6rs\u00f6rja sig sj\u00e4lv och blev h\u00e4nvisad till roteg\u00e5ng enligt husf\u00f6rh\u00f6rsl\u00e4ngden.<\/p>\n\n\n\n<p class=\"has-large-font-size\" id=\"wnd_TextBlock_57062_inner_12\">Detta innebar att uppgjorda g\u00e5rdar i socknen fick ta ansvar om hjonets f\u00f6rs\u00f6rjning efter sitt mantal. Dvs antal dagar per g\u00e5rd avgjordes av dess skattekraft. Gustaf var inlagd \u00d6rebro lasarett redan efter olyckan men ocks\u00e5 1835 och h\u00f6sten 1839, vilket antyds i protokollet, som noterar att han infann sig hos sockenst\u00e4mman efter \u00e5terkomsten fr\u00e5n \u00d6rebro. Gustaf bodde hos sin bror Jacob p\u00e5 L\u00f6v\u00e5storp som f\u00f6rs\u00f6rjde honom genom socknens fattigunderh\u00e5ll. Han avled senare p\u00e5 v\u00e5ren efter sitt bes\u00f6k hos sockenst\u00e4mman (1840-05-27).<\/p>\n\n\n\n<p><\/p>\n","protected":false},"excerpt":{"rendered":"<p>Mitt i vintern, tredje s\u00f6ndagen efter trettondagen, har sockenst\u00e4mman sitt f\u00f6rsta m\u00f6te p\u00e5 1840-talet. H\u00e4r infann sig den br\u00e4nnskadade kolardr\u00e4ngen Gustaf Larsson och ans\u00f6kte om fattigunderst\u00f6d. Han hade blivit sv\u00e5rt br\u00e4nd vid en olycka p\u00e5 sin kolmila f\u00f6r drygt 10 \u00e5r sedan, men \u00f6verlevt. D\u00f6md till resten av livet som of\u00f6rm\u00f6gen till arbete och ett [&hellip;]<\/p>\n","protected":false},"author":1,"featured_media":658,"comment_status":"closed","ping_status":"closed","sticky":false,"template":"","format":"standard","meta":{"footnotes":""},"categories":[114,21],"tags":[113,41,6,112,5],"class_list":["post-20","post","type-post","status-publish","format-standard","has-post-thumbnail","hentry","category-114","category-sockenstammoprotokoll","tag-alderfallet","tag-jan-jansson-sundberg","tag-kalltjarn","tag-lovastorp","tag-stora-kumlan"],"_links":{"self":[{"href":"https:\/\/www.ljusnaren.se\/index.php\/wp-json\/wp\/v2\/posts\/20","targetHints":{"allow":["GET"]}}],"collection":[{"href":"https:\/\/www.ljusnaren.se\/index.php\/wp-json\/wp\/v2\/posts"}],"about":[{"href":"https:\/\/www.ljusnaren.se\/index.php\/wp-json\/wp\/v2\/types\/post"}],"author":[{"embeddable":true,"href":"https:\/\/www.ljusnaren.se\/index.php\/wp-json\/wp\/v2\/users\/1"}],"replies":[{"embeddable":true,"href":"https:\/\/www.ljusnaren.se\/index.php\/wp-json\/wp\/v2\/comments?post=20"}],"version-history":[{"count":7,"href":"https:\/\/www.ljusnaren.se\/index.php\/wp-json\/wp\/v2\/posts\/20\/revisions"}],"predecessor-version":[{"id":196,"href":"https:\/\/www.ljusnaren.se\/index.php\/wp-json\/wp\/v2\/posts\/20\/revisions\/196"}],"wp:featuredmedia":[{"embeddable":true,"href":"https:\/\/www.ljusnaren.se\/index.php\/wp-json\/wp\/v2\/media\/658"}],"wp:attachment":[{"href":"https:\/\/www.ljusnaren.se\/index.php\/wp-json\/wp\/v2\/media?parent=20"}],"wp:term":[{"taxonomy":"category","embeddable":true,"href":"https:\/\/www.ljusnaren.se\/index.php\/wp-json\/wp\/v2\/categories?post=20"},{"taxonomy":"post_tag","embeddable":true,"href":"https:\/\/www.ljusnaren.se\/index.php\/wp-json\/wp\/v2\/tags?post=20"}],"curies":[{"name":"wp","href":"https:\/\/api.w.org\/{rel}","templated":true}]}}