{"id":23,"date":"2024-12-28T23:19:39","date_gmt":"2024-12-28T23:19:39","guid":{"rendered":"https:\/\/www.ljusnaren.se\/?p=23"},"modified":"2025-04-27T18:46:46","modified_gmt":"2025-04-27T18:46:46","slug":"1840-03-05","status":"publish","type":"post","link":"https:\/\/www.ljusnaren.se\/index.php\/2024\/12\/28\/1840-03-05\/","title":{"rendered":"1840-03-08"},"content":{"rendered":"\n<p class=\"has-large-font-size\">Knappt tv\u00e5 m\u00e5nader har g\u00e5tt sedan det f\u00f6rra och f\u00f6rsta m\u00f6tet p\u00e5 1840-talet och st\u00e4mman sammantr\u00e4der med pastor Westerholm och det ledande skiktet i Ljusnarsberg igen. Det har hunnit bli mars i Ljusnarsberg d\u00e4r v\u00e5rvintrar \u00e4r den v\u00e4rsta perioden f\u00f6r de allra fattigaste: F\u00f6rr\u00e5den \u00e4r slut och inget g\u00e5r att odla \u00e4nnu f\u00f6r de ljusnarsbergare som lever ur hand i mun&#8230;<\/p>\n\n\n\n<hr class=\"wp-block-separator has-alpha-channel-opacity\"\/>\n\n\n\n<h3 class=\"wp-block-heading\"><em>\u00c5r 1840 den 8:e mars h\u00f6lls, efter f\u00f6rut skedd laglig p\u00e5 lysning allm\u00e4n sockenst\u00e4mma med Ljusnarsbergs f\u00f6rsamling.<\/em><\/h3>\n\n\n\n<p class=\"has-large-font-size\"><em>\u00a71 F\u00f6redrogs herr A.G Anderssons vid Ljusnarsbergs G\u00e5rd r\u00e4kning upp\u00e5 omkostnader efter dels avs\u00e4gelse fr\u00e5n l\u00e4rarbefattningen, f\u00f6r bestridandet av l\u00e4sningen \u00e5 Myrbo skola under v\u00e5rterminen 1839, uppg\u00e5ende till en summa av 84 riksdaler banco. F\u00f6rsamlingens ledam\u00f6ter vilka v\u00e4l ans\u00e5g denna summa alltf\u00f6r h\u00f6g n\u00e4r den vida \u00f6verstiger beloppet av den \u00e5t landcasterl\u00e4raren anslagna \u00e5rliga l\u00f6nen, ville dock s\u00e5som en g\u00e4rd av sin erk\u00e4nsla f\u00f6r herr Anderssons \u00e5dagalagda nit och skicklighet under den tid han vid n\u00e4mnda skola undervisningen f\u00f6rest\u00e5tt, \u00e5t honom ansl\u00e5 en summa av 50 riksdaler banco, vilka medel besl\u00f6ts b\u00f6r av skolkassan utg\u00e5.<\/em><\/p>\n\n\n\n<p class=\"has-large-font-size\"><em>\u00a72 Upp\u00e5 d\u00e4rom gjord anm\u00e4lan beviljades \u00e5t nedanskrivna fattiga till hj\u00e4lp uti deras n\u00f6dst\u00e4llda bel\u00e4genhet f\u00f6ljande<\/em><\/p>\n\n\n\n<p class=\"has-large-font-size\"><em>1. Per Janssons \u00e4nka vid F\u00e4bobacken 1\/4 tunna r\u00e5g<\/em><\/p>\n\n\n\n<p class=\"has-large-font-size\"><em>2. Enkan Maria Persdotter fr\u00e5n Elfsh\u00f6jds skriftlag 1\/4 tunna r\u00e5g<\/em><\/p>\n\n\n\n<p class=\"has-large-font-size\"><em>3. Gamla och of\u00e4rdiga dr\u00e4ngen Anders Gunnarsson vid H\u00f6rks hytta 1\/4 tunna r\u00e5g<\/em><\/p>\n\n\n\n<p class=\"has-large-font-size\"><em>4. Jan Jansson Sundberg fr\u00e5n Stora Kumlan 1\/4 tunna r\u00e5g<\/em><\/p>\n\n\n\n<p class=\"has-large-font-size\"><em>5. Anders Hansson vid Bj\u00f6rk\u00e4ng vilken angivits vara i s\u00e5 utblottat tillst\u00e5nd att han ej \u00e4ga det ringaste blida plagg att skyla sig med, skulle av byggnadskassan till detta behov uppfyllande erh\u00e5lla medel och uppdrogs \u00e5t byggnadskass\u00f6ren herr patron Adler att d\u00e4rom draga f\u00f6rf\u00e5ng mot en summa af 13 riksdaler 16 S banco<\/em><\/p>\n\n\n\n<p class=\"has-large-font-size\"><em>6. P\u00e4r Jansson vid R\u00e4lln vilken \u00e4ven om avsaknad av n\u00f6diga kl\u00e4der, men \u00e4gde en fordran av Lars Samuelsson p\u00e5 R\u00e4lln varom likv\u00e4l uppst\u00e5tt tvist skulle till dess den blive bilagd, f\u00f6rskottsvis av byggnadskassan anh\u00e5lla underst\u00f6d for ovann\u00e4mnda \u00e4ndam\u00e5l.<\/em><\/p>\n\n\n\n<p class=\"has-large-font-size\"><em>7. F\u00f6rrymde s\u00e5 kallade Skrots kvarl\u00e4mnade hustru Maja Jansdotter vid Tennkullen f\u00e5r 1\/8 tunna r\u00e5g<\/em><\/p>\n\n\n\n<p class=\"has-large-font-size\"><em>8. Skomakaren Erik Ersson vid Tall\u00e5sen, som f\u00f6rlorat sin enda ko hade hos kyrkoherden anm\u00e4lt att f\u00e5 en stambok uppr\u00e4ttad f\u00f6r att vid denna socken kunna s\u00f6ka n\u00e5gon hj\u00e4lp i sin olycka. Men d\u00e5 kyrkoherden icke ans\u00e5g sig ber\u00e4ttigad att utan f\u00f6rsamlingens h\u00f6rande en dylik stambok utf\u00e4rda anm\u00e4ldes nu av honom detta \u00e4rende; och ans\u00e5go f\u00f6rsamlingens ledam\u00f6ter det vara tj\u00e4nligare att, i st\u00e4llet f\u00f6r beviljandet av stambok, tilldela Erik Ersson utav byggnadskassan 13 riksdaler 16 S banco.<\/em><\/p>\n\n\n\n<p class=\"has-large-font-size\"><em>9. \u00c5t Gerzelii hustru vid Gunnarstorp vilken under en tid av 3 veckor, sk\u00f6tt och v\u00e5rdat Sundbergs hustru vid Myrbo, som nu l\u00e5g illa sjuk, beviljades 1 riksdaler per vecka vilket anslag \u00e4ven till den som h\u00e4danefter \u00e5tar sig Sundbergs hustrus sk\u00f6tsel under dess sjukdom b\u00f6r erl\u00e4ggas.<\/em><\/p>\n\n\n\n<p class=\"has-large-font-size\"><em>10. O\u00e4kta m\u00f6derl\u00f6sa flickan Stina Lovisa Bj\u00f6rnberg fr\u00e5n Nya V\u00e4gs skriftlag, omkring 9 \u00e5r gammal, skulle enligt sockenst\u00e4mmans beslut av den 10:e november 1839, hos n\u00e5got beskedligt folk inackorderas till f\u00f6rs\u00f6rjning och uppfostran mot en ers\u00e4ttning av 13 riksdaler 16 S banco om \u00e5ret; och borde p\u00e5 lysning d\u00e4rom fr\u00e5n predikstolen n\u00e4stkommande s\u00f6ndag.<\/em><\/p>\n\n\n\n<p class=\"has-large-font-size\"><em>11. Inhyses Erik Nilssons fr\u00e5n Elgfall d\u00f6vstumma son Erik, p\u00e5 15:e \u00e5ret emottogs p\u00e5 ett \u00e5rs tid av Gustaf Ersson till f\u00f6rs\u00f6rjning och v\u00e5rd mot ers\u00e4ttning av f\u00f6rsamlingen med 13 16 S riksdaler banco.<\/em><\/p>\n\n\n\n<p><em>12.Begravningskostnader f\u00f6r v\u00e4rml\u00e4nningen Blank som avlidit vid Laggarbo, skulle n\u00e4r ingen upplysning kunde erh\u00e5llas vilken f\u00f6rsamling denna man h\u00f6rde, av fattigkassan erl\u00e4ggas med 3 riksdaler 16 S banco.<\/em><\/p>\n\n\n\n<p class=\"has-large-font-size\"><em>Inspektor S\u00f6derfeldt vid Norra Bredsj\u00f6n hade skriftligen anm\u00e4lt dagkarlen Jan Perssons \u00e4nka d\u00e4rst\u00e4des till erh\u00e5llande av n\u00e5got underst\u00f6d av fattigmedlen. Men d\u00e5 herr S\u00f6derfeldt sj\u00e4lv anm\u00e4rkte att denna kvinna uti 10 \u00e5rs tid arbetat \u00e5t \u00e4garen av Norra Bredsj\u00f6n, herr brukspatron G. Eriksson p\u00e5 Ramsbergs bruk, ans\u00e5g f\u00f6rsamlingens ledam\u00f6ter r\u00e4ttvist att n\u00e4mndee herr brukspatron sj\u00e4lv borde den ge f\u00f6rsorg om Jan Persson \u00e4nkas underh\u00e5ll.<\/em><\/p>\n\n\n\n<p class=\"has-large-font-size\"><em>\u00a73. Till ledam\u00f6ter uti detta \u00e5rs beredningskommitt\u00e9, som sammantr\u00e4der den 15:e n\u00e4stkommande april uti sockenstugan, valdes herr postm\u00e4staren P.A Carlberg, p\u00e5 Abrahamsg\u00e5rd, herr inspektor A. Magnusson p\u00e5 Stjernfors, bergsbruksidkaren och handlaren herr J.F Behrling vid Sundet, h\u00e4radsdomaren J. Adler p\u00e5 kyrkbacken, sexmannen Erik Jansson vid Stenn\u00e4s och bergsman Jan Jansson i Viktorp.<\/em><\/p>\n\n\n\n<p class=\"has-large-font-size\"><em>S\u00e5lunda beslutat och valt, uppl\u00e4st och erk\u00e4nt betyga a f\u00f6rsamlingens v\u00e4gnar:<br>J.D. Westholm Ordf\u00f6rande, Pastor<br>Hindric Jansson vid Trumslagartorp<br>J.W (&#8230;), J.F Bostr\u00f6m b\u00e5da fr\u00e5n Tappen<\/em><\/p>\n\n\n\n<hr class=\"wp-block-separator has-alpha-channel-opacity is-style-default\"\/>\n\n\n\n<h3 class=\"wp-block-heading\">Kommentar<\/h3>\n\n\n\n<p class=\"has-large-font-size\">Jan Jansson Sundberg (\u00a72:4) f\u00f6ddes den 29:e maj 1800 som o\u00e4kta utan k\u00e4nd far i Stora Kumlan. Han var tidigt d\u00f6md <em>&#8217;som av sjukdom of\u00e4rdig&#8217;<\/em> och fick som fattighjon hysas in med fru och barn d\u00e4r det gick. Han fick tillsammans med hustrun Anna Matsdotter tv\u00e5 barn; Stina och Per Gustaf Jansson Sundberg. Dottern Stina var vid tillf\u00e4llet 1480 fem \u00e5r gammal. Hon var min morfars farmor&#8230;<\/p>\n\n\n\n<p class=\"has-large-font-size\">Redan i f\u00f6reg\u00e5ende sockenst\u00e4mma (sex veckor tidigare), fick Jan Jansson Sundberg 1\/8 tunna r\u00e5g och \u00e4r allts\u00e5 fortfarande utblottad och kan ej f\u00f6rs\u00f6rja f\u00f6r sin familj &#8211; denna g\u00e5ng f\u00e5r han dubbelt s\u00e5 mycket som senast: 1\/4 tunna r\u00e5g. Samtidigt s\u00e5 finns inga f\u00f6rv\u00e4ntningar p\u00e5 frun och barnens sockeng\u00e5ng, varf\u00f6r jag antar att r\u00e5gen var avsedd att f\u00f6rs\u00f6rja alla fyra.<\/p>\n\n\n\n<h4 class=\"wp-block-heading\">R\u00e5g<\/h4>\n\n\n\n<p class=\"has-large-font-size\">Spannm\u00e5let var den vanligast f\u00f6rekommande som odlades under 1800-talet och uppgick till en tredjedel av allt uts\u00e4de. En stor m\u00e4ngd k\u00f6ps \u00e5rligen in till Ljusnarsberg och blir den valuta som ofta utbetalas som fattigunderst\u00f6d.<br>Innan det metriska systemet inf\u00f6rdes (1870-talet), s\u00e5 var en tunna med torra varors volym ca 125 liter, vilket inneb\u00e4r att en fj\u00e4rdedels tunna motsvarar ca 30 liter. Denna volym i formen av r\u00e5gk\u00e4rnor torde v\u00e4gt ca tjugo kg beroende p\u00e5 storlek och densitet. Omr\u00e4knat i mald form skulle det ge r\u00e5gkross och mj\u00f6l som motsvarade cirka tv\u00e5hundra rej\u00e4la portioner r\u00e5ggr\u00f6t. Tre s\u00e5dana gr\u00f6ttallrikar om dagen skulle ge tillr\u00e4ckligt med energi (1000 kcal) f\u00f6r att \u00f6verleva (sv\u00e4ltgr\u00e4nsen s\u00e4gs ligga p\u00e5 ca 500 kcl\/dygn). Ett tillskott p\u00e5 1\/4 tunna r\u00e5g skulle r\u00e4cka i ca 2 m\u00e5nader f\u00f6r en person utan annan kost tillhanda&#8230;<\/p>\n\n\n\n<h4 class=\"wp-block-heading\">F\u00f6rrymde koldr\u00e4ngen Skrot (\u00a77)<\/h4>\n\n\n\n<p class=\"has-large-font-size\">Men h\u00e4r finns ocks\u00e5 m\u00e5nga m\u00e5nga fler utsatta som beh\u00f6vde st\u00f6d; \u00e4nkan Maria Persdotter, Anders Hansson, P\u00e4r Jansson och den gamla of\u00e4rdiga dr\u00e4ngen Anders Gunnarsson vid H\u00f6rks hytta och s\u00e5 vidare. En liten komplettering tarvar omkring kvarl\u00e4mnade hustrun Maja Jansdotter som s\u00f6kte underst\u00f6d vid denna st\u00e4mma;<\/p>\n\n\n\n<p class=\"has-large-font-size\">Maja gifte sig 1828, vid en \u00e5lder om 49, med den 16 \u00e5r yngre Petter Jansson Skrot fr\u00e5n S\u00e4fsn\u00e4s. Han kom till Ljusnarsberg n\u00e4rmast fr\u00e5n Ramsberg \u00e5ret innan, d\u00e4r det finns en notering om avsaknad av konfirmation. Till Ljusnarsberg tycks han dock f\u00e5tt det f\u00f6rv\u00e4ntade pr\u00e4stbeviset f\u00f6r att kunna f\u00e5 r\u00e4tten att flytta till annan socken. Petter Jansson Skrot ben\u00e4mns som <em>&#8217;m\u00e4stersven&#8217;<\/em> i lysnings- och vigselboken, men detta tycks vara en egen konstruerad och f\u00f6rsk\u00f6nande omskrivning d\u00e5 han s\u00e5v\u00e4l f\u00f6re som efter endast haft uppgifter som kolardr\u00e4ng vid de smedjor han jobbat vid och inget om att vara m\u00e4stersmedens n\u00e4rmaste man.<\/p>\n\n\n\n<p class=\"has-large-font-size\">I Ljusnarsberg f\u00e5r han arbete vid Hedens hammarsmedja d\u00e4r han \u00e4r skriven med hustrun Maja, men redan 1832 h\u00e4nder n\u00e5got d\u00e5 han rymmer fr\u00e5n socknen. Sp\u00e5r finns efter Majas man i Skinnskatteberg dit ocks\u00e5 Maja Jansdotter ans\u00f6ker om pr\u00e4stbevis f\u00f6r att flytta till. En resa hon aldrig f\u00f6retar, men varf\u00f6r pr\u00e4sten tycks anta att det var dit mannen Petter Jansson Skrot rymt till.&nbsp;<\/p>\n\n\n\n<p class=\"has-large-font-size\">Petter l\u00e4mnar sp\u00e5r i kyrkb\u00f6ckerna i Njut\u00e5nger och Ovansj\u00f6 efterf\u00f6ljande de \u00e5ren. I den sistn\u00e4mnda socknen har han anst\u00e4llning 1836 men har ocks\u00e5 d\u00e4rifr\u00e5n rymt. Till var vet ingen och han saknas i register \u00f6ver d\u00f6da och begravna. Han f\u00f6rsvinner helt ur tiden. Han l\u00e4mnade Maja i Ljusnarsberg och d\u00e4r han sedermera varit skriven, har han h\u00e4vdat att hustrun i Ljusnarsberg har <em>&#8217;avlidit&#8217;<\/em>.&nbsp;<\/p>\n\n\n\n<p class=\"has-large-font-size\">Hemma i Ljusnarsberg noterades Maja vara <em>&#8217;gift eller \u00e4nka&#8217;<\/em> efter Petter&#8230;<\/p>\n","protected":false},"excerpt":{"rendered":"<p>Knappt tv\u00e5 m\u00e5nader har g\u00e5tt sedan det f\u00f6rra och f\u00f6rsta m\u00f6tet p\u00e5 1840-talet och st\u00e4mman sammantr\u00e4der med pastor Westerholm och det ledande skiktet i Ljusnarsberg igen. Det har hunnit bli mars i Ljusnarsberg d\u00e4r v\u00e5rvintrar \u00e4r den v\u00e4rsta perioden f\u00f6r de allra fattigaste: F\u00f6rr\u00e5den \u00e4r slut och inget g\u00e5r att odla \u00e4nnu f\u00f6r de ljusnarsbergare [&hellip;]<\/p>\n","protected":false},"author":1,"featured_media":350,"comment_status":"closed","ping_status":"closed","sticky":false,"template":"","format":"standard","meta":{"footnotes":""},"categories":[114,59,21],"tags":[19,4,20,17,60,10,13,5,14],"class_list":["post-23","post","type-post","status-publish","format-standard","has-post-thumbnail","hentry","category-114","category-skola","category-sockenstammoprotokoll","tag-elfshojden","tag-fabobacken","tag-horken","tag-laggarbo","tag-landcasterundervisning","tag-myrbo","tag-ralln","tag-stora-kumlan","tag-tallasen"],"_links":{"self":[{"href":"https:\/\/www.ljusnaren.se\/index.php\/wp-json\/wp\/v2\/posts\/23","targetHints":{"allow":["GET"]}}],"collection":[{"href":"https:\/\/www.ljusnaren.se\/index.php\/wp-json\/wp\/v2\/posts"}],"about":[{"href":"https:\/\/www.ljusnaren.se\/index.php\/wp-json\/wp\/v2\/types\/post"}],"author":[{"embeddable":true,"href":"https:\/\/www.ljusnaren.se\/index.php\/wp-json\/wp\/v2\/users\/1"}],"replies":[{"embeddable":true,"href":"https:\/\/www.ljusnaren.se\/index.php\/wp-json\/wp\/v2\/comments?post=23"}],"version-history":[{"count":12,"href":"https:\/\/www.ljusnaren.se\/index.php\/wp-json\/wp\/v2\/posts\/23\/revisions"}],"predecessor-version":[{"id":660,"href":"https:\/\/www.ljusnaren.se\/index.php\/wp-json\/wp\/v2\/posts\/23\/revisions\/660"}],"wp:featuredmedia":[{"embeddable":true,"href":"https:\/\/www.ljusnaren.se\/index.php\/wp-json\/wp\/v2\/media\/350"}],"wp:attachment":[{"href":"https:\/\/www.ljusnaren.se\/index.php\/wp-json\/wp\/v2\/media?parent=23"}],"wp:term":[{"taxonomy":"category","embeddable":true,"href":"https:\/\/www.ljusnaren.se\/index.php\/wp-json\/wp\/v2\/categories?post=23"},{"taxonomy":"post_tag","embeddable":true,"href":"https:\/\/www.ljusnaren.se\/index.php\/wp-json\/wp\/v2\/tags?post=23"}],"curies":[{"name":"wp","href":"https:\/\/api.w.org\/{rel}","templated":true}]}}