{"id":25,"date":"2025-01-01T23:20:27","date_gmt":"2025-01-01T23:20:27","guid":{"rendered":"https:\/\/www.ljusnaren.se\/?p=25"},"modified":"2025-04-27T18:46:46","modified_gmt":"2025-04-27T18:46:46","slug":"1840-03-25","status":"publish","type":"post","link":"https:\/\/www.ljusnaren.se\/index.php\/2025\/01\/01\/1840-03-25\/","title":{"rendered":"1840-03-25"},"content":{"rendered":"\n<p class=\"has-large-font-size\">Redan drygt tv\u00e5 veckor efter f\u00f6reg\u00e5ende st\u00e4mma har ett nytt m\u00f6te sammankallats. Denna g\u00e5ng redan mitt i veckan p\u00e5 en onsdag, d\u00e4r annars s\u00f6ndagar \u00e4r g\u00e4ngse tillf\u00e4lle, direkt efter gudstj\u00e4nsten. Denna g\u00e5ng har st\u00e4mman sammankallats efter att en gosse \u00e5terv\u00e4nt till Ljusnarsberg fr\u00e5n \u00d6rebro d\u00e4r han suttit h\u00e4ktad f\u00f6r st\u00f6ld, men nu p\u00e5 fri fot&#8230;.<\/p>\n\n\n\n<p><\/p>\n\n\n\n<p>Carl Gustaf Ersson, 14 \u00e5r belv h\u00e4ktad i \u00d6rebro slottsh\u00e4kte f\u00f6r \u00e5tskilliga st\u00f6lder under h\u00f6sten 1839 Carl Gustaf var 14 \u00e5r vid tillf\u00e4llet. Han beskrivs ha <em>&#8221;svart h\u00e5r, bruna \u00f6gon trubbig n\u00e4sa, liten till v\u00e4xten&#8221;.<\/em> Carl Gustaf blev skickad till Nora f\u00f6r rannsakning vid Urtima ting, d\u00e4rst\u00e4des<\/p>\n\n\n\n<p>Justitiekanslern -1974, Huvudarkivet EIIIcc:854 (1840) Bild 2210<\/p>\n\n\n\n<p>Justitiekanslern -1974, Huvudarkivet EIIIcc:854 (1840) Bild 2350<\/p>\n\n\n\n<hr class=\"wp-block-separator has-alpha-channel-opacity\"\/>\n\n\n\n<p><\/p>\n\n\n\n<h3 class=\"wp-block-heading\"><em>Protokoll h\u00e5llet i allm\u00e4n sockenst\u00e4mma med Ljusnarsbergs f\u00f6rsamling den 25:e Mars 1840<\/em><\/h3>\n\n\n\n<p class=\"has-large-font-size\"><em>\u00a71 Ordf\u00f6randen anm\u00e4lde behovet att hos n\u00e5got allvarsamt folk f\u00e5 inackorderd v\u00e4rnl\u00f6se gossen Carl Ersson, eller den s\u00e5 kallade &#8217;Lencalle&#8217;, vilken f\u00f6r st\u00f6ld varit en l\u00e4ngre tid h\u00e4ktad i \u00d6rebro, men nu p\u00e5 fri fot f\u00f6rsatt, till f\u00f6rsamlingen \u00e5terkommit. Och som enligt hans egen uppgift han \u00e4ger fallenhet f\u00f6r skomakarhantverket, besl\u00f6ts att han hos n\u00e5gon skomakare borde inackorderas; varf\u00f6r p\u00e5 lysning n\u00e4sta s\u00f6ndag skulle ske om n\u00e5gon f\u00f6r sk\u00e4ligt pris vore h\u00e5gad att honom emottaga.<\/em><\/p>\n\n\n\n<p class=\"has-large-font-size\"><em>\u00a72. Sundbergs hustru vid Myrbo vilken \u00e4nnu, ehuru p\u00e5 b\u00e4ttringsv\u00e4gen efter sin sv\u00e5ra sjukdom, voro of\u00f6rm\u00f6gen att sj\u00e4lv sig f\u00f6rs\u00f6rja, skulle av fattigf\u00f6rest\u00e5ndaren herr J. Adler p\u00e5 kyrkbacken erh\u00e5lla vad som kunde beh\u00f6vas till sitt uppeh\u00e4lle under sitt sjukdomstillst\u00e5nd.<br>S\u00e5lunda beslutat intyga p\u00e5 f\u00f6rsamlingens v\u00e4gnar:<\/em><\/p>\n\n\n\n<p class=\"has-large-font-size\"><em>Andersson i K\u00f6rartorp, P\u00e4r P\u00e4rsson i Br\u00e4nnbyn.<\/em><\/p>\n\n\n\n<hr class=\"wp-block-separator has-alpha-channel-opacity\"\/>\n\n\n\n<p>Det blev ingen inackordering f\u00f6r Carl Gustaf d\u00e5 ingen sockenmedlem ville ta in honom. Johan Dan Westholm tog sig dock an pojken enligt Fattigv\u00e5rdsstyrelsens protokoll:<\/p>\n\n\n\n<h3 class=\"wp-block-heading\"><strong>Fattigv\u00e5rdsstyrelsen f\u00f6r Ljusnarsbergs socken d. 27 september 1840<\/strong><\/h3>\n\n\n\n<p><em>&#8221;I sammanhang h\u00e4rmed tillk\u00e4nnagav ordf\u00f6randen, att han vid b\u00f6rjan av detta \u00e5r upptog av tiggargatan v\u00e4rnl\u00f6sa och f\u00f6r st\u00f6ld tilltalade gossen Carl Gustaf Ersson, Len Calle, kallad, alldeles utblottad p\u00e5 kl\u00e4der. P\u00e5 allm\u00e4n sockenst\u00e4mma den 25:e sistlidna mars besl\u00f6ts v\u00e4l att n\u00e4mnda gosse skulle p\u00e5 fattigkassans bekostnad erh\u00e5lla n\u00f6diga kl\u00e4der och inackorderas hos n\u00e5got beskedligt folk. Men d\u00e5 ingen i anseende till de vanarter varf\u00f6re han vore k\u00e4nd ville honom emottaga, s\u00e5 hade dock undertecknad beh\u00e5llit honom i sitt hus f\u00f6r att om m\u00f6jligt f\u00f6ra honom p\u00e5 b\u00e4ttre v\u00e4g. N\u00e5gon ers\u00e4ttning av f\u00f6rsamlingens f\u00f6r gossens f\u00f6dande och v\u00e5rdande \u00e4skades icke; men hemst\u00e4llde om icke f\u00f6rsamlingen ville p\u00e5 fattigv\u00e5rdskassans beskostnad best\u00e5 gossen en ny kl\u00e4dning till vintern. Fattigv\u00e5rdens ledam\u00f6ter beviljade detta och trodde att f\u00f6rsamlingen icke skulle ha n\u00e5got d\u00e4remot inv\u00e4nda&#8221;<\/em><\/p>\n\n\n\n<p>Ljusnarsberg (T) KV:2 (1834-1868) Bild 210<\/p>\n\n\n\n<h3 class=\"wp-block-heading\">Kommentar:<\/h3>\n\n\n\n<h4 class=\"wp-block-heading\"><em>V\u00e4rnl\u00f6se gossen Lencalle<\/em><\/h4>\n\n\n\n<p class=\"has-large-font-size\">Ben\u00e4mningen &#8217;gosse&#8217; avser manspersoner yngre \u00e4n 15 (innan de genomf\u00f6rt konfirmationen) och d\u00e5 vi har sp\u00e5ret av en Carl Gustaf Ersson f\u00f6dd i Nya Kopparberget varandes 14 \u00e5r gammal, anno 1840, s\u00e5 var han f\u00f6dd 1826. Men inga ytterligare sp\u00e5r har hittats. Domboken i Nora \u00e4r i skrivande stund ej tillg\u00e4nglig via n\u00e4tet, varf\u00f6r denna fr\u00e5ga f\u00e5r bida sin tid&#8230;<\/p>\n\n\n\n<p class=\"has-large-font-size\"><\/p>\n\n\n\n<h4 class=\"wp-block-heading\"><em>Sundbergs hustru vid Myrbo<\/em><\/h4>\n\n\n\n<p class=\"has-large-font-size\">Hon hette egentligen Cathrina Persdotter och var f\u00f6dd 1768 i Grang\u00e4rde. Hon flyttade in till Ljusnarsberg och gifte sig i oktober 1800 med den \u00e5tta \u00e5r \u00e4ldre Eric Magnusson (f: 1776-01-31) som vid tillf\u00e4llet bodde vid Svepargruvan. De fick sonen Jan Eric redan sommaren efter, men som avled som 3-\u00e5ring (d: 1804-01-21). Samtidigt hade en lillebror kommit till v\u00e4rlden i samma vinterm\u00e5nad: Anders (f: 1801-01-08).<\/p>\n\n\n\n<p class=\"has-large-font-size\">Eric avlider och Cathrina blir \u00e4nka f\u00f6r f\u00f6rsta g\u00e5ngen. Hon flyttar runt mellan Sund och Norra Bj\u00f6rkberg och ben\u00e4mns som <em>&#8217;inhyses fattighjon&#8217;<\/em> tills hon 1818 gifter om sig med den med den tjugo \u00e5r yngre dagkarlen Jan Peter Sundberg (f: 25:e april 1788, i Heden).&nbsp;<\/p>\n\n\n\n<p class=\"has-large-font-size\">Sedermera boende p\u00e5 Myrbo d\u00e4r hon vid denna tid hunnit bli 72 \u00e5r och hamnat i n\u00f6d och sjukdom och i behov av f\u00f6rsamlingens fattighj\u00e4lp&#8230;<\/p>\n\n\n\n<p class=\"has-large-font-size\">Vad ingen vet \u00e4r att Cathrina vid detta tillf\u00e4lle endast har ett \u00e5r kvar i livet: Den<em> &#8217;gudfruktiga&#8217;<\/em> Cathrina avlider ensam den 21 april 1841 av <em>&#8217;gikt och \u00e5lderdomsbr\u00e4cklighet&#8217;<\/em>. I noterna st\u00e5r att hon var l\u00e4mnad av den<em> &#8217;f\u00f6rrymde&#8217;<\/em> maken vid tillf\u00e4llet d\u00e5 hon dog. Hon efterl\u00e4mnade en son; Eric (f: 1823-10-16)<\/p>\n\n\n\n<h4 class=\"wp-block-heading\">K\u00e4llor:<\/h4>\n\n\n\n<p class=\"has-large-font-size\">Ljusnarsberg (T) EI:2 (1775-1819) Bild 100<br>Ljusnarsberg (T) C:11 (1803-1815) Bild 15<br>Ljusnarsberg (T) AI:13a (1805-1813) Bild 93 \/ sid 71b<br>Ljusnarsberg (T) AI:14b (1813-1819) Bild 2220 \/ sid 460<br>Ljusnarsberg (T) AI:14a (1813-1819) Bild 178 \/ sid 165<br>Ljusnarsberg (T) AI:15b (1820-1829) Bild 98 \/ sid 332<\/p>\n","protected":false},"excerpt":{"rendered":"<p>Redan drygt tv\u00e5 veckor efter f\u00f6reg\u00e5ende st\u00e4mma har ett nytt m\u00f6te sammankallats. Denna g\u00e5ng redan mitt i veckan p\u00e5 en onsdag, d\u00e4r annars s\u00f6ndagar \u00e4r g\u00e4ngse tillf\u00e4lle, direkt efter gudstj\u00e4nsten. Denna g\u00e5ng har st\u00e4mman sammankallats efter att en gosse \u00e5terv\u00e4nt till Ljusnarsberg fr\u00e5n \u00d6rebro d\u00e4r han suttit h\u00e4ktad f\u00f6r st\u00f6ld, men nu p\u00e5 fri fot&#8230;. [&hellip;]<\/p>\n","protected":false},"author":1,"featured_media":661,"comment_status":"closed","ping_status":"closed","sticky":false,"template":"","format":"standard","meta":{"footnotes":""},"categories":[114,25,21],"tags":[10,22,11],"class_list":["post-25","post","type-post","status-publish","format-standard","has-post-thumbnail","hentry","category-114","category-brott","category-sockenstammoprotokoll","tag-myrbo","tag-stold","tag-sund"],"_links":{"self":[{"href":"https:\/\/www.ljusnaren.se\/index.php\/wp-json\/wp\/v2\/posts\/25","targetHints":{"allow":["GET"]}}],"collection":[{"href":"https:\/\/www.ljusnaren.se\/index.php\/wp-json\/wp\/v2\/posts"}],"about":[{"href":"https:\/\/www.ljusnaren.se\/index.php\/wp-json\/wp\/v2\/types\/post"}],"author":[{"embeddable":true,"href":"https:\/\/www.ljusnaren.se\/index.php\/wp-json\/wp\/v2\/users\/1"}],"replies":[{"embeddable":true,"href":"https:\/\/www.ljusnaren.se\/index.php\/wp-json\/wp\/v2\/comments?post=25"}],"version-history":[{"count":13,"href":"https:\/\/www.ljusnaren.se\/index.php\/wp-json\/wp\/v2\/posts\/25\/revisions"}],"predecessor-version":[{"id":1503,"href":"https:\/\/www.ljusnaren.se\/index.php\/wp-json\/wp\/v2\/posts\/25\/revisions\/1503"}],"wp:featuredmedia":[{"embeddable":true,"href":"https:\/\/www.ljusnaren.se\/index.php\/wp-json\/wp\/v2\/media\/661"}],"wp:attachment":[{"href":"https:\/\/www.ljusnaren.se\/index.php\/wp-json\/wp\/v2\/media?parent=25"}],"wp:term":[{"taxonomy":"category","embeddable":true,"href":"https:\/\/www.ljusnaren.se\/index.php\/wp-json\/wp\/v2\/categories?post=25"},{"taxonomy":"post_tag","embeddable":true,"href":"https:\/\/www.ljusnaren.se\/index.php\/wp-json\/wp\/v2\/tags?post=25"}],"curies":[{"name":"wp","href":"https:\/\/api.w.org\/{rel}","templated":true}]}}