{"id":27,"date":"2025-01-02T09:28:21","date_gmt":"2025-01-02T09:28:21","guid":{"rendered":"https:\/\/www.ljusnaren.se\/?p=27"},"modified":"2025-04-27T18:46:46","modified_gmt":"2025-04-27T18:46:46","slug":"1840-04-03","status":"publish","type":"post","link":"https:\/\/www.ljusnaren.se\/index.php\/2025\/01\/02\/1840-04-03\/","title":{"rendered":"1840-04-03"},"content":{"rendered":"\n<p>Sockenst\u00e4mman har samlats  ett kort m\u00f6te p\u00e5 en fredag, d\u00e4r endast en enskild punkt finns p\u00e5 dagordningen: Huruvida en avskedskollekt till den avflyttande organisten P.A Sohlfeldt ska anordnas? <\/p>\n\n\n\n<p>Men vem var organisten Per Adolf Sohlfeldt och var kom han ifr\u00e5n? N\u00e5gra korta rader om ett s\u00e4rskilt avsked i gudstj\u00e4nsten har ocks\u00e5 livs\u00f6den bakom &#8211; ber\u00e4ttelser bakom historien\u2026<\/p>\n\n\n\n<figure class=\"wp-block-image size-full\"><img loading=\"lazy\" decoding=\"async\" width=\"50\" height=\"48\" src=\"https:\/\/www.ljusnaren.se\/wp-content\/uploads\/2025\/01\/Ljusnaren-small.png\" alt=\"\" class=\"wp-image-173\"\/><\/figure>\n\n\n\n<p><\/p>\n\n\n\n<hr class=\"wp-block-separator has-alpha-channel-opacity\"\/>\n\n\n\n<h3 class=\"wp-block-heading\" id=\"wnd_TextBlock_99560_inner_1\"><em>Protokoll h\u00e5llet i allm\u00e4n sockenst\u00e4mma med Ljusnarsbergs f\u00f6rsamling den 3:e april 1840<\/em><\/h3>\n\n\n\n<p class=\"has-large-font-size\" id=\"wnd_TextBlock_99560_inner_2\"><em>\u00a71 Upp\u00e5 d\u00e4rom gjord anm\u00e4lan beviljades enh\u00e4lligt av f\u00f6rsamlingens n\u00e4rvarande ledam\u00f6ter en avskedskollekt \u00e5t den avflyttande organisten P.A Sohlfeldt att uppb\u00e4ras \u00e5 h\u00f6gm\u00e4ssan den 19:e i denna m\u00e5nad.<\/em><\/p>\n\n\n\n<p class=\"has-large-font-size\" id=\"wnd_TextBlock_99560_inner_3\"><em>S\u00e5lunda beslutat intyga p\u00e5 f\u00f6rsamlingens v\u00e4gnar:<\/em><\/p>\n\n\n\n<p class=\"has-large-font-size\" id=\"wnd_TextBlock_99560_inner_4\"><em>J.D Westholm Ordf\u00f6rande<\/em><\/p>\n\n\n\n<hr class=\"wp-block-separator has-alpha-channel-opacity\"\/>\n\n\n\n<p><\/p>\n\n\n\n<p><\/p>\n\n\n\n<h3 class=\"wp-block-heading\" id=\"wnd_TextBlock_99560_inner_6\">Kommentar:<\/h3>\n\n\n\n<p class=\"has-large-font-size\" id=\"wnd_TextBlock_99560_inner_7\">Per Adolf Sohlfeldt var f\u00f6dd 1804 i Risinge, \u00d6sterg\u00f6tland och kom till Ljusnarsberg 1828 som vice organist i f\u00f6rsamlingen. Efter n\u00e5gra \u00e5r tr\u00e4ffade han sex \u00e5r yngre Maria Andersdotter som kom fr\u00e5n Gr\u00f6nhult. N\u00e4r han fick tj\u00e4nsten som ordinarie organist fick han ocks\u00e5 boende i ett rum i sockenstugan dit han och hustrun flyttade tidigt 1830-tal.<\/p>\n\n\n\n<p class=\"has-large-font-size\" id=\"wnd_TextBlock_99560_inner_8\">De fick tre barn tillsammans, som f\u00f6ddes i sockenstugan:<\/p>\n\n\n\n<ol id=\"wnd_TextBlock_99560_inner_9\" class=\"wp-block-list\">\n<li class=\"has-medium-font-size\">Emelie Augusta (f: 1831-07-12) blev endast sju \u00e5r d\u00e5 hon dog den 18:e maj, 1839 (<em>d\u00f6d av v\u00e5delig h\u00e4ndelse, krossad av<\/em><em> konsten)<\/em>.<\/li>\n\n\n\n<li class=\"has-medium-font-size\">Richard 1833-06-30<\/li>\n\n\n\n<li class=\"has-medium-font-size\">Axel Sebastian&nbsp; (f: 1837-05-02) gick ur tiden som tv\u00e5\u00e5ring den 13:e augusti, 1839. (<em>r\u00f6dsot)<\/em><\/li>\n<\/ol>\n\n\n\n<p class=\"has-large-font-size\" id=\"wnd_TextBlock_99560_inner_10\">Per Adolf och hustrun Maria och sonen Richard flyttar till S\u00f6dert\u00e4lje den 23:e april 1840 och detta belut \u00e4r det som f\u00f6ranlett avskedskollekten som f\u00f6rsamlingen vill ge till sin avflyttande organist. Adressen som var S\u00f6dert\u00e4lje dit familjen flyttade 1840, var egentligen Klockareg\u00e5rden i H\u00f6l\u00f6 (som sedermera uppg\u00e5r i S\u00f6dert\u00e4lje kommun) d\u00e4r husfadern f\u00e5tt uppdraget som organist.<\/p>\n\n\n\n<p class=\"has-large-font-size\" id=\"wnd_TextBlock_99560_inner_10\">Sonen Richard Sohlfeldt, f\u00f6dd i Ljusnarsberg hade \u00e4rvt sin fars musikaliska talang och blir sedermera musikl\u00e4rare i Uppsala. <\/p>\n\n\n\n<p class=\"has-large-font-size\" id=\"wnd_TextBlock_99560_inner_10\">Men det finns ytterligare en person i ekvationen Sohlfeldt som i slutet ocks\u00e5 har en koppling till H\u00f6l\u00f6 som vi tar fr\u00e5n b\u00f6rjan:<\/p>\n\n\n\n<h4 class=\"wp-block-heading\" id=\"wnd_TextBlock_99560_inner_11\">Barnhusbarnet Adolf Victor Str\u00f6mberg Sohlfeldt<\/h4>\n\n\n\n<p class=\"has-large-font-size\" id=\"wnd_TextBlock_99560_inner_12\">Per Adolf Sohlfeldt har tidigare, innan Ljusnarsberg, f\u00e5tt en son f\u00f6re \u00e4ktenskap med ok\u00e4nd kvinna, Adolf Victor (f: 1827-08-17, Stockholm). Modern ok\u00e4nd men Per hade erk\u00e4nt honom som sin. Oklart vad som h\u00e4nt med modern eller situationen i stort, men Per satte sin o\u00e4kta son p\u00e5 Barnhuset i Stockholm dit han betalade 12 Rd\/\u00e5r f\u00f6r pojkens uppeh\u00e4lle och flyttade till Ljusnarsberg. F\u00f6rst 1833 tog han hem pojken till Ljusnarsberg och sin familj. D\u00e4r levde Adolf Victor som halvbror till sina nyfunna syskon i organistfamiljen \u00e4nda fram tills de flyttade fr\u00e5n socknen 1840.<\/p>\n\n\n\n<p class=\"has-large-font-size\" id=\"wnd_TextBlock_99560_inner_13\">Men Adolf Victor var bara halvbror och fick som tretton\u00e5ring inte f\u00f6lja med till S\u00f6dert\u00e4lje &#8211; han flyttade visserligen samma datum (1840-04-23) men med adress Lindesberg utan att d\u00e4r kunna hittas vart han tog v\u00e4gen. Oklart om han ens stannat till d\u00e4r, d\u00e5 han tycks befinna sig i Stockholm senare under samma \u00e5rtionde&#8230;.<\/p>\n\n\n\n<p class=\"has-large-font-size\" id=\"wnd_TextBlock_99560_inner_14\">Sp\u00e5r efter Adolf Victor finns att hitta i Stockholm, sex \u00e5r sedan flytten fr\u00e5n Ljusnarsberg, tas en yngling vid namn <em>&#8221;Adolf Fredrik Str\u00f6mberg&#8221;<\/em>  in i arresten, den 30:e januari, 1846, men inte f\u00f6r n\u00e5got brott utan f\u00f6r att ha varit <em>&#8221;sjuk&#8221;<\/em>. D\u00e4r blir han kvar i 4 veckor d\u00e5 han fyra veckor senare under namnet &#8221;<em>Adolf Victor Str\u00f6mberg<\/em>&#8221; blir avf\u00f6rd till Kungliga Serafimerlasarettet p\u00e5 Kungsholmen (21:a februari 1846).<\/p>\n\n\n\n<p class=\"has-large-font-size\" id=\"wnd_TextBlock_99560_inner_14\">Han blev intagen i januari efter att ha uppt\u00e4ckts p\u00e5 gatan sjuk, men i vilket tillst\u00e5nd \u00e4r oklart. Sedan till Serafimerlasarettet i slutet av februari &#8211; samt senare under \u00e5ret inskriven p\u00e5 Sal 4, Danvik Sickla\u00f6 i Stockholm. Ovan tyder p\u00e5 psykiska problem men inget s\u00e4kert g\u00e5r att s\u00e4ga. Det finns en notering med fr\u00e5getecken om att han kommit till Sthlm fr\u00e5n H\u00f6le(!) <\/p>\n\n\n\n<p>1849 s\u00f6ker Adolf Victor ett betyg och f\u00f6rsvinner fr\u00e5n Danvik Sickla\u00f6 och historien&#8230;..<\/p>\n\n\n\n<p><\/p>\n\n\n\n<h4 class=\"wp-block-heading\" id=\"wnd_TextBlock_99560_inner_15\">Konsten (Konstg\u00e5ng)<\/h4>\n\n\n\n<p class=\"has-large-font-size\" id=\"wnd_TextBlock_99560_inner_16\">Konstg\u00e5ng (ocks\u00e5 kallad st\u00e5ngg\u00e5ng) \u00e4r en \u00e4ldre anordning f\u00f6r mekanisk kraft\u00f6verf\u00f6ring \u00f6ver kortare str\u00e4ckor.<\/p>\n\n\n\n<h4 class=\"wp-block-heading\" id=\"wnd_TextBlock_99560_inner_17\">R\u00f6dsot<\/h4>\n\n\n\n<p class=\"has-large-font-size\" id=\"wnd_TextBlock_99560_inner_18\">R\u00f6dsot var den historiska ben\u00e4mningen p\u00e5 dysenteri &#8211; en blodig intensiv tarminflammation &#8211; som l\u00e4tt blir en epidemi d\u00e5 den \u00e4r v\u00e4ldigt smittsam. 1840 tycks Ljusnarsberg drabbats av r\u00f6dsot &#8211; ett hundratal avled och de allra flesta var unga under 15&#8230;<\/p>\n\n\n\n<h4 class=\"wp-block-heading has-medium-font-size\" id=\"wnd_TextBlock_99560_inner_19\">K\u00e4llor:<\/h4>\n\n\n\n<p class=\"has-large-font-size\">Risinge (E) C:3 (1697-1823) Bild 456 \/ sid 905<br>Ljusnarsberg (T) AI:15b (1820-1829) Bild 19 \/ sid 257\u2028Ljusnarsberg (T) AI:16b (1830-1841) Bild 35 \/ sid 496\u2028Ljusnarsberg (T) F:5 (1817-1840) Bild 226<br>Ljusnarsberg (T) B:4 (1826-1851) Bild 44<br>Justitiekanslern -1974, Huvudarkivet EIIIcc:1089 (1846) Bild 1600<br>Justitiekanslern -1974, Huvudarkivet EIIIcc:1089 (1846) Bild 1200<br>https:\/\/sok.stadsarkivet.stockholm.se\/Bildarkiv\/Egenproducerat\/SE-SSA-0809\/Barnhuspdf2008\/06_03984.pdf<\/p>\n","protected":false},"excerpt":{"rendered":"<p>Sockenst\u00e4mman har samlats ett kort m\u00f6te p\u00e5 en fredag, d\u00e4r endast en enskild punkt finns p\u00e5 dagordningen: Huruvida en avskedskollekt till den avflyttande organisten P.A Sohlfeldt ska anordnas? Men vem var organisten Per Adolf Sohlfeldt och var kom han ifr\u00e5n? N\u00e5gra korta rader om ett s\u00e4rskilt avsked i gudstj\u00e4nsten har ocks\u00e5 livs\u00f6den bakom &#8211; ber\u00e4ttelser [&hellip;]<\/p>\n","protected":false},"author":1,"featured_media":350,"comment_status":"closed","ping_status":"closed","sticky":false,"template":"","format":"standard","meta":{"footnotes":""},"categories":[114,59,21],"tags":[60,10,61,8],"class_list":["post-27","post","type-post","status-publish","format-standard","has-post-thumbnail","hentry","category-114","category-skola","category-sockenstammoprotokoll","tag-landcasterundervisning","tag-myrbo","tag-skola","tag-sockenstugan"],"_links":{"self":[{"href":"https:\/\/www.ljusnaren.se\/index.php\/wp-json\/wp\/v2\/posts\/27","targetHints":{"allow":["GET"]}}],"collection":[{"href":"https:\/\/www.ljusnaren.se\/index.php\/wp-json\/wp\/v2\/posts"}],"about":[{"href":"https:\/\/www.ljusnaren.se\/index.php\/wp-json\/wp\/v2\/types\/post"}],"author":[{"embeddable":true,"href":"https:\/\/www.ljusnaren.se\/index.php\/wp-json\/wp\/v2\/users\/1"}],"replies":[{"embeddable":true,"href":"https:\/\/www.ljusnaren.se\/index.php\/wp-json\/wp\/v2\/comments?post=27"}],"version-history":[{"count":31,"href":"https:\/\/www.ljusnaren.se\/index.php\/wp-json\/wp\/v2\/posts\/27\/revisions"}],"predecessor-version":[{"id":662,"href":"https:\/\/www.ljusnaren.se\/index.php\/wp-json\/wp\/v2\/posts\/27\/revisions\/662"}],"wp:featuredmedia":[{"embeddable":true,"href":"https:\/\/www.ljusnaren.se\/index.php\/wp-json\/wp\/v2\/media\/350"}],"wp:attachment":[{"href":"https:\/\/www.ljusnaren.se\/index.php\/wp-json\/wp\/v2\/media?parent=27"}],"wp:term":[{"taxonomy":"category","embeddable":true,"href":"https:\/\/www.ljusnaren.se\/index.php\/wp-json\/wp\/v2\/categories?post=27"},{"taxonomy":"post_tag","embeddable":true,"href":"https:\/\/www.ljusnaren.se\/index.php\/wp-json\/wp\/v2\/tags?post=27"}],"curies":[{"name":"wp","href":"https:\/\/api.w.org\/{rel}","templated":true}]}}