{"id":336,"date":"2025-01-09T20:33:36","date_gmt":"2025-01-09T20:33:36","guid":{"rendered":"https:\/\/www.ljusnaren.se\/?p=336"},"modified":"2025-04-27T18:46:34","modified_gmt":"2025-04-27T18:46:34","slug":"1840-09-13","status":"publish","type":"post","link":"https:\/\/www.ljusnaren.se\/index.php\/2025\/01\/09\/1840-09-13\/","title":{"rendered":"1840-09-13"},"content":{"rendered":"\n<p>Anna Stina Stolpe strider f\u00f6r sin r\u00e4tt till bostad, Finnhytte kvarns bost\u00e4lle, \u00e4ven en\u00e4r hon blivit \u00e4nka efter mj\u00f6lnaren och backstugesittaren Jan Larsson Lacke f\u00e5r en respeng f\u00f6r att ta sig till \u00d6rebro och behandla sin gikt&#8230;<\/p>\n\n\n\n<h3 class=\"wp-block-heading\">\u00c5r 1840 den 13:e Sept. h\u00f6lls efter derom skedd laglig p\u00e5lysning med tillk\u00e4nnagivande av \u00e4mnet f\u00f6r \u00f6verl\u00e4ggningen allm\u00e4n sockenst\u00e4mma vid Ljusnarsbergs f\u00f6rsamling<\/h3>\n\n\n\n<p><em>\u00a71. F\u00f6reg\u00e5ende sockenst\u00e4mmoprotocoll uppl\u00e4stes, erk\u00e4ndes och underskrevs.<\/em><\/p>\n\n\n\n<p><em>\u00a72. F\u00f6redrogs \u00e4nkan Anna Stina Stolpes vid Finnhytte kvarn till H\u00f6gv\u00f6rdiga Landsh\u00f6vdinge\u00e4mbetet i \u00d6rebro ingivna och till pastors\u00e4mbetet h\u00e4rst\u00e4des remitterade skriftliga anh\u00e5llan det Ljusnarsbergs f\u00f6rsamling en\u00e4r hon j\u00e4mte barn och modern genom Landsh\u00f6vdinge\u00e4mbetets utslag af den 27:e juni d.\u00e5 blivit \u00e5lagd avflytta fr\u00e5n Finnhytte kvarn bost\u00e4lle, varest hon hittills bott, m\u00e5tte f\u00f6rbindas att henne, hennes barn och moder med husrum s\u00f6rja. F\u00f6rsamlingens ledam\u00f6ter ans\u00e5g att i enlighet med det h\u00e4rst\u00e4des antagna reglemente f\u00f6r fattigv\u00e5rden och tillh\u00f6rde Finnhytte kvarn\u00e4gare att dess personer h\u00e4rb\u00e4rgera. De vid detta tillf\u00e4lle n\u00e4rvarande \u00e4gare av n\u00e4mnda kvarn, ibland vilka m\u00e5 n\u00e4mnas herr patron P.I Lundbom p\u00e5 L\u00f6fn\u00e4s, medgav \u00e4ven det Ljusnarsbergs f\u00f6rsamling ej vore skyldig att \u00e5t \u00e4nkan Stolpe och dess familj f\u00f6rskaffa husrum, med vilket det ans\u00e5gs n\u00e4mnda \u00e4nka sj\u00e4lv b\u00f6ra, s\u00e5som ung och arbetsf\u00f6r, kunna sig f\u00f6rse, dock ville de, om behoven s\u00e5 p\u00e5kallade, ej undandra sig att d\u00e4rom g\u00e5 i f\u00f6rfattning. Till f\u00f6rfallande av den utav konungens befallningshavande f\u00f6rsamlingen uti detta m\u00e5l \u00e5lagda f\u00f6rklaring uts\u00e5gs herr inspekt\u00f6r A. Magnusson p\u00e5 Stjernfors.<\/em><\/p>\n\n\n\n<p><em>\u00a73. Backstugesittaren Jan Larsson Lacke, vilken enligt n\u00e4st f\u00f6reg\u00e5ende sockenst\u00e4mmas beslut, p\u00e5 f\u00f6rsamlingens bekostnad, skulle \u00e5 lasarettet underg\u00e5 provkur f\u00f6r gikt, skulle av Fattigv\u00e5rdskassan erh\u00e5lla 4 RD Banco, till hj\u00e4lp under resan till \u00d6rebro.<\/em><\/p>\n\n\n\n<p><em>\u00a74. Ordf\u00f6randen fr\u00e5gade f\u00f6rsamlingens ledam\u00f6ter, om de ville till\u00e5ta smeden Anders Jaevert, att h\u00e4r i socknen sig bos\u00e4tta och mantalsskrivas. De flesta av sockenm\u00e4nnen svarade att de ej hade d\u00e4rom n\u00e5got att inv\u00e4nda, helst som Jaevert vore f\u00f6dd i socknen och d\u00e4r sin mesta tid tillbragt.<\/em><\/p>\n\n\n\n<p><em>S\u00e5lunda \u00f6verenskommet, beslutat, uppl\u00e4st och erk\u00e4nt betyga \u00e5 f\u00f6rsamlingens v\u00e4gnar<\/em><\/p>\n\n\n\n<p><em>J.D Westholm Ordf\u00f6rande Pastor<br>Erik Jansson, Stenn\u00e4s<br>Jan Israelsson<\/em><\/p>\n\n\n\n<p><\/p>\n\n\n\n<h3 class=\"wp-block-heading\">Kommentar<\/h3>\n\n\n\n<h4 class=\"wp-block-heading\">Jan Larsson Lacke<\/h4>\n\n\n\n<p>Jan Larsson Lacke lider av gikt i s\u00e5dan omfattning att han tar sig fram p\u00e5 kryckor och \u00e4r noterad som fattighjon och livet \u00e4r rimligen fullt av umb\u00e4randen och brist p\u00e5 allt. Vid st\u00e4mman \u00e4r han 61 \u00e5r gammal och han tar livet av sig 2 \u00e5r senare genom att h\u00e4nga sig i en g\u00e4rdesg\u00e5rd&#8230;<\/p>\n\n\n\n<p>D\u00f6dboken noterar torftigt och k\u00e4nslol\u00f6st att:<\/p>\n\n\n\n<p><em>&#8221;H\u00e4ngde sig vid en g\u00e4rdesg\u00e5rd. Svag till sinnes&#8221;<\/em><\/p>\n\n\n\n<h4 class=\"wp-block-heading\">Anders J\u00e4vert<\/h4>\n\n\n\n<p>Anders J\u00e4vert fick mantalsskrivas och han bosatte sig i Afl\u00e5ngsvik d\u00e4r han sedermera gifter sig med Johanna Ersdotter. Han d\u00f6r \u00e5ret efter i en \u00e5lder om 26 \u00e5r, av <em>&#8221;hetsig feber&#8221;<\/em>.<\/p>\n\n\n\n<p><\/p>\n\n\n\n<p>Ljusnarsberg (T) KI:8 (1832-1848) Bild 800<br>Ljusnarsberg (T) AI:17b (1841-1851) Bild 197 \/ sid 477<br>Ljusnarsberg (T) F:6 (1840-1856) Bild 32<br>Ljusnarsberg (T) F:6 (1840-1856) Bild 107<\/p>\n\n\n\n<p><\/p>\n","protected":false},"excerpt":{"rendered":"<p>Anna Stina Stolpe strider f\u00f6r sin r\u00e4tt till bostad, Finnhytte kvarns bost\u00e4lle, \u00e4ven en\u00e4r hon blivit \u00e4nka efter mj\u00f6lnaren och backstugesittaren Jan Larsson Lacke f\u00e5r en respeng f\u00f6r att ta sig till \u00d6rebro och behandla sin gikt&#8230; \u00c5r 1840 den 13:e Sept. h\u00f6lls efter derom skedd laglig p\u00e5lysning med tillk\u00e4nnagivande av \u00e4mnet f\u00f6r \u00f6verl\u00e4ggningen allm\u00e4n [&hellip;]<\/p>\n","protected":false},"author":1,"featured_media":337,"comment_status":"closed","ping_status":"closed","sticky":false,"template":"","format":"standard","meta":{"footnotes":""},"categories":[114,21],"tags":[69,67,68],"class_list":["post-336","post","type-post","status-publish","format-standard","has-post-thumbnail","hentry","category-114","category-sockenstammoprotokoll","tag-hangning","tag-lacke","tag-sjalvmord"],"_links":{"self":[{"href":"https:\/\/www.ljusnaren.se\/index.php\/wp-json\/wp\/v2\/posts\/336","targetHints":{"allow":["GET"]}}],"collection":[{"href":"https:\/\/www.ljusnaren.se\/index.php\/wp-json\/wp\/v2\/posts"}],"about":[{"href":"https:\/\/www.ljusnaren.se\/index.php\/wp-json\/wp\/v2\/types\/post"}],"author":[{"embeddable":true,"href":"https:\/\/www.ljusnaren.se\/index.php\/wp-json\/wp\/v2\/users\/1"}],"replies":[{"embeddable":true,"href":"https:\/\/www.ljusnaren.se\/index.php\/wp-json\/wp\/v2\/comments?post=336"}],"version-history":[{"count":3,"href":"https:\/\/www.ljusnaren.se\/index.php\/wp-json\/wp\/v2\/posts\/336\/revisions"}],"predecessor-version":[{"id":668,"href":"https:\/\/www.ljusnaren.se\/index.php\/wp-json\/wp\/v2\/posts\/336\/revisions\/668"}],"wp:featuredmedia":[{"embeddable":true,"href":"https:\/\/www.ljusnaren.se\/index.php\/wp-json\/wp\/v2\/media\/337"}],"wp:attachment":[{"href":"https:\/\/www.ljusnaren.se\/index.php\/wp-json\/wp\/v2\/media?parent=336"}],"wp:term":[{"taxonomy":"category","embeddable":true,"href":"https:\/\/www.ljusnaren.se\/index.php\/wp-json\/wp\/v2\/categories?post=336"},{"taxonomy":"post_tag","embeddable":true,"href":"https:\/\/www.ljusnaren.se\/index.php\/wp-json\/wp\/v2\/tags?post=336"}],"curies":[{"name":"wp","href":"https:\/\/api.w.org\/{rel}","templated":true}]}}