{"id":342,"date":"2025-01-09T20:49:44","date_gmt":"2025-01-09T20:49:44","guid":{"rendered":"https:\/\/www.ljusnaren.se\/?p=342"},"modified":"2025-04-27T18:46:34","modified_gmt":"2025-04-27T18:46:34","slug":"1840-09-27","status":"publish","type":"post","link":"https:\/\/www.ljusnaren.se\/index.php\/2025\/01\/09\/1840-09-27\/","title":{"rendered":"1840-09-27"},"content":{"rendered":"\n<p>St\u00e4mman avser v\u00e4lja fullm\u00e4ktige f\u00f6r att senare i november fastst\u00e4lla dels \u00e5rlig markeg\u00e5ng p\u00e5 \u00e5rets sk\u00f6rd och persedlar enligt formul\u00e4r, dels \u00e5rspris p\u00e5 s\u00e5 kallade huvudpersedlar, framf\u00f6r allt spannm\u00e5l och sm\u00f6r enligt priserna under sex m\u00e5nader kring senaste \u00e5rsskifte, dels s\u00e5 kallad <em>markeg\u00e5ngsdel<\/em>, som var medeltalet av \u00e5rsprisen f\u00f6r de senaste tio \u00e5ren, l\u00f6pande \u00e5r inber\u00e4knat.<\/p>\n\n\n\n<h3 class=\"wp-block-heading\">Protocoll h\u00e5llet i allm\u00e4n sockenst\u00e4mma med Ljusnarsbergs f\u00f6rsamling d. 27 September 1840<\/h3>\n\n\n\n<p><em>Med anledning av Landsh\u00f6vdinge\u00e4mbetets kung\u00f6relse av d. 1 innevarande september voro genom lagligen skedd p\u00e5lysning f\u00f6rsamlingens ledam\u00f6ter kallade f\u00f6r att v\u00e4lja fullm\u00e4ktige att j\u00e4mte kronofogden stadga att pris, som f\u00f6r h\u00e4radet \u00e5 priskuranten f\u00f6r markeg\u00e5ngss\u00e4ttningen skall intagas, och f\u00f6r i \u00e5r utse deputerade f\u00f6r detta h\u00e4rad till markeg\u00e5ngs\u00e4ttningen i \u00d6rebro den 3:e n\u00e4stkommande november, och bli till fullm\u00e4ktige utsedde bergs- (och) sexmannen Erik Mattsson vid Str\u00e5tg\u00e5rden och n\u00e4mndemannen Erik Persson i Wiken.<\/em><\/p>\n\n\n\n<p><em>S\u00e5lunda valt, uppl\u00e4st och justerat betyga \u00e5 f\u00f6rsamlingens v\u00e4gnar<\/em><\/p>\n\n\n\n<p>J<em>.D Westholm Ordf\u00f6rande Pastor<\/em><\/p>\n\n\n\n<p><\/p>\n","protected":false},"excerpt":{"rendered":"<p>St\u00e4mman avser v\u00e4lja fullm\u00e4ktige f\u00f6r att senare i november fastst\u00e4lla dels \u00e5rlig markeg\u00e5ng p\u00e5 \u00e5rets sk\u00f6rd och persedlar enligt formul\u00e4r, dels \u00e5rspris p\u00e5 s\u00e5 kallade huvudpersedlar, framf\u00f6r allt spannm\u00e5l och sm\u00f6r enligt priserna under sex m\u00e5nader kring senaste \u00e5rsskifte, dels s\u00e5 kallad markeg\u00e5ngsdel, som var medeltalet av \u00e5rsprisen f\u00f6r de senaste tio \u00e5ren, l\u00f6pande \u00e5r [&hellip;]<\/p>\n","protected":false},"author":1,"featured_media":343,"comment_status":"closed","ping_status":"closed","sticky":false,"template":"","format":"standard","meta":{"footnotes":""},"categories":[114,37,21],"tags":[54,53,52,55],"class_list":["post-342","post","type-post","status-publish","format-standard","has-post-thumbnail","hentry","category-114","category-ekonomi-2","category-sockenstammoprotokoll","tag-fullmaktige","tag-kronofogde","tag-markegang","tag-priskurant"],"_links":{"self":[{"href":"https:\/\/www.ljusnaren.se\/index.php\/wp-json\/wp\/v2\/posts\/342","targetHints":{"allow":["GET"]}}],"collection":[{"href":"https:\/\/www.ljusnaren.se\/index.php\/wp-json\/wp\/v2\/posts"}],"about":[{"href":"https:\/\/www.ljusnaren.se\/index.php\/wp-json\/wp\/v2\/types\/post"}],"author":[{"embeddable":true,"href":"https:\/\/www.ljusnaren.se\/index.php\/wp-json\/wp\/v2\/users\/1"}],"replies":[{"embeddable":true,"href":"https:\/\/www.ljusnaren.se\/index.php\/wp-json\/wp\/v2\/comments?post=342"}],"version-history":[{"count":3,"href":"https:\/\/www.ljusnaren.se\/index.php\/wp-json\/wp\/v2\/posts\/342\/revisions"}],"predecessor-version":[{"id":669,"href":"https:\/\/www.ljusnaren.se\/index.php\/wp-json\/wp\/v2\/posts\/342\/revisions\/669"}],"wp:featuredmedia":[{"embeddable":true,"href":"https:\/\/www.ljusnaren.se\/index.php\/wp-json\/wp\/v2\/media\/343"}],"wp:attachment":[{"href":"https:\/\/www.ljusnaren.se\/index.php\/wp-json\/wp\/v2\/media?parent=342"}],"wp:term":[{"taxonomy":"category","embeddable":true,"href":"https:\/\/www.ljusnaren.se\/index.php\/wp-json\/wp\/v2\/categories?post=342"},{"taxonomy":"post_tag","embeddable":true,"href":"https:\/\/www.ljusnaren.se\/index.php\/wp-json\/wp\/v2\/tags?post=342"}],"curies":[{"name":"wp","href":"https:\/\/api.w.org\/{rel}","templated":true}]}}