{"id":364,"date":"2025-01-10T17:16:39","date_gmt":"2025-01-10T17:16:39","guid":{"rendered":"https:\/\/www.ljusnaren.se\/?p=364"},"modified":"2025-04-27T18:46:33","modified_gmt":"2025-04-27T18:46:33","slug":"1841-01-19","status":"publish","type":"post","link":"https:\/\/www.ljusnaren.se\/index.php\/2025\/01\/10\/1841-01-19\/","title":{"rendered":"1841-01-19"},"content":{"rendered":"\n<p><\/p>\n\n\n\n<p>Maja fr\u00e5n S\u00e4fsen kom till Ljusnarsberg och gifte sig med gruvarbetaren Jan Ersson. Men de fick bara 11 \u00e5r tillsammans, d\u00e5 han omkom i ett ras i Hellsj\u00f6 gruva. D\u00e4refter d\u00f6md till obest\u00e5nd och fattigdom som \u00e4nka..<\/p>\n\n\n\n<p><\/p>\n\n\n\n<h3 class=\"wp-block-heading\"><em>\u00c5r 1841 den 19:e Januari h\u00f6lls allm\u00e4n sockenst\u00e4mma med Ljusnarsbergs f\u00f6rsamling enligt laglig p\u00e5lysning och tillk\u00e4nnagivande av \u00e4mnene f\u00f6r \u00f6verl\u00e4ggninarna<\/em><\/h3>\n\n\n\n<p><em>\u00a71. Inhysesmannen Erik Hindersson fr\u00e5n Elfstorp i Grythytte socken hade hos pastor anm\u00e4lt sin \u00f6nskan att i f\u00f6rsamlingen inkomma och bos\u00e4tta sig p\u00e5 bergsman Erik Erssons i St\u00e4lldalen hytteskog vid \u00d6. Elfsh\u00f6jden. F\u00f6rsamlingen kunde till s\u00e5 mycket mindre l\u00e4mna sitt bifall, som Erik Ersson sj\u00e4lv uti en vid dess tillf\u00e4lle inl\u00e4mnad skrift protesterade mot Erik Hinderssons intagande i socknen. Den h\u00e4rmed missn\u00f6jde \u00e4ger att f\u00f6re kl 12 \u00e5 21:a dagen h\u00e4r efter sina besv\u00e4r hos Landsh\u00f6vdinge\u00e4mbetet inkomma, inom samma tid tillk\u00e4nnes gifva om besv\u00e4r anf\u00f6rs och inom andra 21 dygn ifr\u00e5n fataliedagen detta med bevis fr\u00e5n vederb\u00f6rlig att bestyrka.<\/em><\/p>\n\n\n\n<p><em>\u00a72. \u00c5t Jan Larsson Lacke, vilken som \u00e5terkommit fr\u00e5n lasarettet utan att ha blivit befriad fr\u00e5n sin giktv\u00e4rk anslogs tillsvidare 1\/4 tunna r\u00e5g.<\/em><\/p>\n\n\n\n<p><em>\u00a73. Tillk\u00e4nnagavs att Nils Erssons \u00e4nka Maja Larsdotter fr\u00e5n \u00d6rtjern, \u00e5t vilken, vid fattigregleringen f\u00f6r innevarande \u00e5r, anslog att underst\u00f6d av 10 Rd Banco, nu blivit ur st\u00e5nd att sj\u00e4lv sig v\u00e5rda, vadan det henne medgiva fattiganslaget blivit otillr\u00e4ckligt. I anledning d\u00e4rav, besl\u00f6ts f\u00f6rsamlingens ledam\u00f6ter att hon tillsvidare skulle f\u00e4rdas g\u00e5rd mellan, d\u00e5 ingen f\u00f6rv\u00e4gra att henne emottaga. Det n\u00e4mnda fattiganslaget skulle d\u00e4rf\u00f6r indragas.<\/em><\/p>\n\n\n\n<p><em>\u00a74. Herr direkt\u00f6r Hellstr\u00f6m hade till pastor inkommit en r\u00e4kning \u00e5 fattiga barns undervisning i Myrbo skola, vilken r\u00e4kning nu uppl\u00e4stes \u00e5 godk\u00e4ndes till betalning, som borde efter (\u2026)heten utg\u00e5 av skolfonden. \u00c4ven besl\u00f6t f\u00f6rsamlingens ledam\u00f6ter att de hushyresmedel vilka varit den f\u00f6re lancasterl\u00e4raren medgivna, \u00e4ven skulle fortfarande f\u00e5 uppb\u00e4ras av f\u00f6rsamlingens organist vilket nu och h\u00e4danefter tillika \u00e4r l\u00e4rare i n\u00e4mnda skola.<\/em><\/p>\n\n\n\n<p><em>S\u00e5lunda beslutat och \u00f6verenskommet, samt uppl\u00e4st och erk\u00e4nt, betyga \u00e5 f\u00f6rsamlingens v\u00e4gnar<\/em><\/p>\n\n\n\n<p><em>J.D Westholm Ordf\u00f6rande Pastor<br>Andersson i K\u00f6rartorp<br>B. Borgstr\u00f6m S\u00f6hrsj\u00f6n<\/em><\/p>\n\n\n\n<h3 class=\"wp-block-heading\">Kommentar<\/h3>\n\n\n\n<h4 class=\"wp-block-heading\">\u00c4nkan Maja Larsdotter vid \u00d6rtjern<\/h4>\n\n\n\n<p>Maja Lisa Larsdotter (f: 1789-07-07, S\u00e4fsen) gifte sig med Nils Ersson (1797-03-07, L\u00e5ngudden), anno 1825. <\/p>\n\n\n\n<p>Maja blev \u00e4nka sommaren 1836-07-02 n\u00e4r hennes man omkom i ett gruvras i Hellsj\u00f6 gruva och hamnade p\u00e5 obest\u00e5nd, var sjuklig och levde som fattighjon. I och med ovan beslut fick hon skaffa sin f\u00f6rs\u00f6rjning genom sockenvandring.<\/p>\n\n\n\n<p>Ljusnarsberg (T) AI:16a (1830-1841) Bild 165 \/ sid 151<\/p>\n\n\n\n<p>Ljusnarsberg (T) F:5 (1817-1840) Bild 197<\/p>\n\n\n\n<p><\/p>\n\n\n\n<p><\/p>\n","protected":false},"excerpt":{"rendered":"<p>Maja fr\u00e5n S\u00e4fsen kom till Ljusnarsberg och gifte sig med gruvarbetaren Jan Ersson. Men de fick bara 11 \u00e5r tillsammans, d\u00e5 han omkom i ett ras i Hellsj\u00f6 gruva. D\u00e4refter d\u00f6md till obest\u00e5nd och fattigdom som \u00e4nka.. \u00c5r 1841 den 19:e Januari h\u00f6lls allm\u00e4n sockenst\u00e4mma med Ljusnarsbergs f\u00f6rsamling enligt laglig p\u00e5lysning och tillk\u00e4nnagivande av \u00e4mnene [&hellip;]<\/p>\n","protected":false},"author":1,"featured_media":365,"comment_status":"closed","ping_status":"closed","sticky":false,"template":"","format":"standard","meta":{"footnotes":""},"categories":[122,72,21],"tags":[73,67,60],"class_list":["post-364","post","type-post","status-publish","format-standard","has-post-thumbnail","hentry","category-122","category-gruva","category-sockenstammoprotokoll","tag-gruvras","tag-lacke","tag-landcasterundervisning"],"_links":{"self":[{"href":"https:\/\/www.ljusnaren.se\/index.php\/wp-json\/wp\/v2\/posts\/364","targetHints":{"allow":["GET"]}}],"collection":[{"href":"https:\/\/www.ljusnaren.se\/index.php\/wp-json\/wp\/v2\/posts"}],"about":[{"href":"https:\/\/www.ljusnaren.se\/index.php\/wp-json\/wp\/v2\/types\/post"}],"author":[{"embeddable":true,"href":"https:\/\/www.ljusnaren.se\/index.php\/wp-json\/wp\/v2\/users\/1"}],"replies":[{"embeddable":true,"href":"https:\/\/www.ljusnaren.se\/index.php\/wp-json\/wp\/v2\/comments?post=364"}],"version-history":[{"count":4,"href":"https:\/\/www.ljusnaren.se\/index.php\/wp-json\/wp\/v2\/posts\/364\/revisions"}],"predecessor-version":[{"id":680,"href":"https:\/\/www.ljusnaren.se\/index.php\/wp-json\/wp\/v2\/posts\/364\/revisions\/680"}],"wp:featuredmedia":[{"embeddable":true,"href":"https:\/\/www.ljusnaren.se\/index.php\/wp-json\/wp\/v2\/media\/365"}],"wp:attachment":[{"href":"https:\/\/www.ljusnaren.se\/index.php\/wp-json\/wp\/v2\/media?parent=364"}],"wp:term":[{"taxonomy":"category","embeddable":true,"href":"https:\/\/www.ljusnaren.se\/index.php\/wp-json\/wp\/v2\/categories?post=364"},{"taxonomy":"post_tag","embeddable":true,"href":"https:\/\/www.ljusnaren.se\/index.php\/wp-json\/wp\/v2\/tags?post=364"}],"curies":[{"name":"wp","href":"https:\/\/api.w.org\/{rel}","templated":true}]}}