{"id":385,"date":"2025-01-13T16:33:09","date_gmt":"2025-01-13T16:33:09","guid":{"rendered":"https:\/\/www.ljusnaren.se\/?p=385"},"modified":"2025-04-27T18:46:33","modified_gmt":"2025-04-27T18:46:33","slug":"1841-03-14","status":"publish","type":"post","link":"https:\/\/www.ljusnaren.se\/index.php\/2025\/01\/13\/1841-03-14\/","title":{"rendered":"1841-03-14"},"content":{"rendered":"\n<p>Socknens fattiga s\u00f6ker underh\u00e5ll f\u00f6r sin \u00f6verlevnad och tonen fr\u00e5n st\u00e4mman mot den fattiga gruvdr\u00e4ngen Erik i Kiststj\u00e4rn \u00e4r h\u00e5rd. Till Bus-Lisas dotter som tar sig fram p\u00e5 kryckor, ger st\u00e4mman en slant s\u00e5 hon kan delta i nattvardsl\u00e4sningen.<\/p>\n\n\n\n<h3 class=\"wp-block-heading\">Protocoll h\u00e5llet vid allm\u00e4n sockenst\u00e4mma med Ljusnarsbergs f\u00f6rsamling den 14:e mars 1841, efter derom skedd laglig p\u00e5lysning med \u00e4mnenas tilll\u00e4nnagivanden.<\/h3>\n\n\n\n<p><\/p>\n\n\n\n<p><em>\u00a71. Till Ledam\u00f6ter i detta \u00e5rets beredningskommitt\u00e9 vilken sammantr\u00e4der den 21:a n\u00e4stkommande april, valdes: Hr patron P.I Lundbom p\u00e5 L\u00f6fn\u00e4s, Handlanden I \u00c5kergren vid Stora Bergsg\u00e5rden, Hr Inspekt\u00f6r Magnusson p\u00e5 Stjernfors, sex- och n\u00e4mndemannen Erik Jansson p\u00e5 Stenn\u00e4s, B: Jan Olsson i St\u00e4llbergst\u00e4kt och hemmans\u00e4garen Erik Persson i Valltorp<\/em>.<\/p>\n\n\n\n<p><em>\u00a72. Nedanskrivna fattiga och torftiga personer hade f\u00f6rsamlingens kyrkoherde anm\u00e4lt sig till erh\u00e5llande av n\u00e5got underst\u00f6d utav f\u00f6rsamlingen, n\u00e4mligen:<\/em><\/p>\n\n\n\n<ol class=\"wp-block-list\">\n<li><em>Gruvdr\u00e4ngen Erik Andersson i Kisttjern, vilken s\u00e5som bekant \u00e4r, hade s\u00e5 illa f\u00f6rkylt sina h\u00e4nder att 7 fingrar d\u00e4r \u00e5 av l\u00e4karen m\u00e5st amputeras: F\u00f6rsamlingen ehuru den k\u00e4nde att Erik Andersson sj\u00e4lv varit skulden till sin olycka, ville likv\u00e4l inte undandraga sig att hj\u00e4lpa uslingen varf\u00f6r \u00e5t honom till en b\u00f6rjan nu anslogs 1\/4 tunna r\u00e5g och 32 ps Banco i pengar.<\/em><\/li>\n\n\n\n<li><em>Inhyses Jan Perssons \u00e4nka fr\u00e5n Druckenstorp. Hennes man hade efter en kort sjukdom nyligen of\u00f6rmodat avlidit efterl\u00e4mnandes \u00e4nkan, 5 sm\u00e5 barn, varav det yngsta blott n\u00e5gra veckor gammalt. D\u00e5 \u00e4ven n\u00e4mnda \u00e4nka sj\u00e4lv nu vore sjuk och ur st\u00e5ndsatt att sig dels sina barn \u00e5tminstone nu f\u00f6r tillf\u00e4llet f\u00f6rs\u00f6rja, beviljades henne av f\u00f6rsamlingen 1\/2 tunna r\u00e5g och 1 Rd Banco.<\/em><\/li>\n\n\n\n<li><em>Jan Janssons \u00e4nka fr\u00e5n Kalk\u00e5sen, vilken \u00e5tskilliga g\u00e5nger f\u00f6r det av f\u00f6rsamlingen erh\u00e5llit n\u00e5got tillf\u00e4lligt underst\u00f6d. F\u00f6rsamlingen ans\u00e5g henne \u00e4nnu kunna sj\u00e4lv f\u00f6rtj\u00e4na sitt uppeh\u00e4lle, men d\u00e5 hon f\u00f6rklarade sig ej \u00e4ga den minsta arbetsf\u00f6rtj\u00e4nst beviljades henne 1\/8 tunna r\u00e5g med f\u00f6rbeh\u00e5ll att hon sedermera f\u00f6rskaffar sig arbete medelst bokning eller dylikt.<\/em><\/li>\n\n\n\n<li><em>Zachris Ersson fr\u00e5n H\u00f6rksmossarna, vilken s\u00e5som pl\u00e5gad av gikt var mindre arbetsf\u00f6r och sig utan alla tillg\u00e5ngar. Men som ingen nu var n\u00e4rvarande vilken n\u00e4rmare kunde upplysa och bestyrka hans uppgift, kunde i detta m\u00e5l n\u00e5got beslut f\u00f6r denna g\u00e5ng icke fattas.<\/em><\/li>\n\n\n\n<li><em>Kvinnan Lisa Ersdotter \/ Buslisa \/ fr tilln\u00e4mnda st\u00e4lle hade anh\u00e5llit om n\u00e5gon hj\u00e4lp f\u00f6r sin of\u00e4rdiga p\u00e5 kryckor g\u00e5ende dotter, men som nu hunnit den \u00e5lder at hon borde bedjas till sin f\u00f6rsta nattvardsg\u00e5ng. F\u00f6rsamlingen besl\u00f6t att i fall hon vid ankomsten hit fram till kyrkan f\u00f6r att uppskrivas och f\u00f6rh\u00f6ras, av pastor befinnes vara i sv\u00e5r bel\u00e4genhet som hennes moder uppgivit, \u00e5t henne ansl\u00e5 32 ps Banco i varje vecka under den tid l\u00e4sningen med nattvardsbarnen varade.<\/em><\/li>\n\n\n\n<li><em>S\u00e5som begravningshj\u00e4lp f\u00f6r fattiga kvinnan Stina Zachrisdotter vilken avlidit vid \u00d6. Kumlan, beviljades att av fattigkassan utg\u00e5 2 Rb. Banco vilka medel nu av pastor \u00f6verl\u00e4mnade \u00e5t den avlidnes m\u00e5g, gifta dr\u00e4ngen Anders Jonsson p\u00e5 \u00d6. Kumlan.<\/em><\/li>\n<\/ol>\n\n\n\n<p><em>\u00a73. Mantalsl\u00e4ngden f\u00f6redrogs \u00e5nyo granskades och befunnen utan anm\u00e4rkning underskrevs.<\/em><\/p>\n\n\n\n<p><em>S\u00e5lunda valt, \u00f6verenskommet och beslutat betyga \u00e5 f\u00f6rsamlingens v\u00e4gnar<\/em><\/p>\n\n\n\n<p><em>J.D Westholm Ordf\u00f6rande, pastor<br>J. \u00c5kergren<br>Erik Zachrisson<br>A Andersson<\/em><\/p>\n\n\n\n<h3 class=\"wp-block-heading\">Kommentar<\/h3>\n\n\n\n<h4 class=\"wp-block-heading\">Erik Andersson i Kisttjern<\/h4>\n\n\n\n<p>Erik var gruvarbetare och vad som h\u00e4nt hans fingrar g\u00e5r inte att veta. St\u00e4mmans notering att han var en <em>&#8221;usling&#8221;<\/em> sticker ut och fr\u00e5gan \u00e4r vad som fanns i hans historia som p\u00e5kallade slikt omd\u00f6me? Inga noteringar finns f\u00f6rutom ovan. Pr\u00e4sten har dock noterat en brist p\u00e5 (kyrk)f\u00f6rh\u00f6r p\u00e5 tre \u00e5r..<\/p>\n\n\n\n<p>Ljusnarsberg (T) AI:17a (1841-1851) Bild 192 \/ sid 182<\/p>\n\n\n\n<p><\/p>\n\n\n\n<h4 class=\"wp-block-heading\">(Jan Perssons \u00e4nka) Gretha Forsberg fr\u00e5n Druckenstorp<\/h4>\n\n\n\n<p>Jan Persson var fr\u00e5n \u00d6stra Sahlbofall och gick bort 1841-01-21 av <em>&#8221;h\u00e5ll och styng&#8221;<\/em> (lunginflammation), vid en \u00e5lder av 36. Det gamla namnet anspelar p\u00e5 den stickande sm\u00e4rta som \u00e4r anknuten d\u00f6dsorsaken.<\/p>\n\n\n\n<p>Gretha l\u00e4mnades s\u00e5ledes av mannens fr\u00e5nf\u00e4lle med sina tre hemmavarande sm\u00e5barn: 10-\u00e5riga Anders Pehr, 8-\u00e5rige Johan Erik, 5-\u00e5rige Carl Fredric, samt den lilla flickan Anna Stina som f\u00f6ddes innevarande \u00e5r, 31:a januari.<\/p>\n\n\n\n<p>Ljusnarsberg (T) AI:17c (1841-1851) Bild 411 \/ sid 977<br>Ljusnarsberg (T) AI:16b (1830-1841) Bild 413 \/ sid 875<br>Ljusnarsberg (T) F:6 (1840-1856) Bild 13<\/p>\n\n\n\n<h4 class=\"wp-block-heading\">(Jan Janssons \u00e4nka) Fredrica Jansdotter, fr\u00e5n Kalk\u00e5sen<\/h4>\n\n\n\n<p>Jan Jansson var nybyggare p\u00e5 Lundboms skog i Kalk\u00e5sen och han gifte sig med Fredrica Jansdotter, 1825. De fick \u00e5tta barn varav fem dog innan n\u00e5gon av dem hann bli tv\u00e5 \u00e5r. 1838, den 10:e mars, dog Jan av <em>&#8221;br\u00f6stsjukdom&#8221;.<\/em><\/p>\n\n\n\n<p>Ljusnarsberg (T) AI:16a (1830-1841) Bild 209 \/ sid 193<br>Ljusnarsberg (T) AI:17b (1841-1851) Bild 183 \/ sid 462<br>Ljusnarsberg (T) F:5 (1817-1840) Bild 211<\/p>\n\n\n\n<h4 class=\"wp-block-heading\">Zachris Ersson<\/h4>\n\n\n\n<p>Zachris f\u00f6ddes p\u00e5 Rundberget den 15:e juli, 1776 av Erik Zachrisson och Kerstin Svensdotter. Han gifte sig med Cathrina Matsdotter fr\u00e5n S\u00f6dra H\u00f6rken som gick bort f\u00f6re honom.<\/p>\n\n\n\n<p>Han fick 12 barn var 3 \u00f6verlevde honom n\u00e4r han gick bort i en \u00e5lder av 75 \u00e5r, den 28:e juli 1851.<\/p>\n\n\n\n<p>Ljusnarsberg (T) AI:17b (1841-1851) Bild 269 \/ sid 549<br>Ljusnarsberg (T) F:6 (1840-1856) Bild 134<\/p>\n\n\n\n<h4 class=\"wp-block-heading\">Fattiga kvinnan Stina Zachrisdotter<\/h4>\n\n\n\n<p>Stina var f\u00f6dd 1782-09-27 i \u00d6stra Kumlan av modern Anna Andersdotter och fadern Zachris Mattsson. Modern Anna tycks ha d\u00f6tt tidigt.<\/p>\n\n\n\n<p>Hon var aldrig gift men fick tv\u00e5 barn; Jan Petter den 9:e mars 1810 och dottern Anna Stina den 22:a maj 1815. Hon stannade hos sin far och levde s\u00e5ledes hela sitt liv som utfattigt inhyseshjon vid \u00d6stra Kumlan. Anna Stina gick ur tiden den 5:e mars 1841 &#8211; nio dagar f\u00f6re denna st\u00e4mma. Orsak; <em>&#8221;lungsot&#8221;<\/em> och begravdes exakt en vecka, den 21:a mars, efter denna st\u00e4mma&#8230;<\/p>\n\n\n\n<p><\/p>\n\n\n\n<p><\/p>\n\n\n\n<p><\/p>\n","protected":false},"excerpt":{"rendered":"<p>Socknens fattiga s\u00f6ker underh\u00e5ll f\u00f6r sin \u00f6verlevnad och tonen fr\u00e5n st\u00e4mman mot den fattiga gruvdr\u00e4ngen Erik i Kiststj\u00e4rn \u00e4r h\u00e5rd. Till Bus-Lisas dotter som tar sig fram p\u00e5 kryckor, ger st\u00e4mman en slant s\u00e5 hon kan delta i nattvardsl\u00e4sningen. Protocoll h\u00e5llet vid allm\u00e4n sockenst\u00e4mma med Ljusnarsbergs f\u00f6rsamling den 14:e mars 1841, efter derom skedd laglig [&hellip;]<\/p>\n","protected":false},"author":1,"featured_media":390,"comment_status":"closed","ping_status":"closed","sticky":false,"template":"","format":"standard","meta":{"footnotes":""},"categories":[122,21],"tags":[79,77,81,80,78],"class_list":["post-385","post","type-post","status-publish","format-standard","has-post-thumbnail","hentry","category-122","category-sockenstammoprotokoll","tag-begravningshjalp","tag-fattigunderhall","tag-kalkasen","tag-ostra-kumlan","tag-rag"],"_links":{"self":[{"href":"https:\/\/www.ljusnaren.se\/index.php\/wp-json\/wp\/v2\/posts\/385","targetHints":{"allow":["GET"]}}],"collection":[{"href":"https:\/\/www.ljusnaren.se\/index.php\/wp-json\/wp\/v2\/posts"}],"about":[{"href":"https:\/\/www.ljusnaren.se\/index.php\/wp-json\/wp\/v2\/types\/post"}],"author":[{"embeddable":true,"href":"https:\/\/www.ljusnaren.se\/index.php\/wp-json\/wp\/v2\/users\/1"}],"replies":[{"embeddable":true,"href":"https:\/\/www.ljusnaren.se\/index.php\/wp-json\/wp\/v2\/comments?post=385"}],"version-history":[{"count":6,"href":"https:\/\/www.ljusnaren.se\/index.php\/wp-json\/wp\/v2\/posts\/385\/revisions"}],"predecessor-version":[{"id":656,"href":"https:\/\/www.ljusnaren.se\/index.php\/wp-json\/wp\/v2\/posts\/385\/revisions\/656"}],"wp:featuredmedia":[{"embeddable":true,"href":"https:\/\/www.ljusnaren.se\/index.php\/wp-json\/wp\/v2\/media\/390"}],"wp:attachment":[{"href":"https:\/\/www.ljusnaren.se\/index.php\/wp-json\/wp\/v2\/media?parent=385"}],"wp:term":[{"taxonomy":"category","embeddable":true,"href":"https:\/\/www.ljusnaren.se\/index.php\/wp-json\/wp\/v2\/categories?post=385"},{"taxonomy":"post_tag","embeddable":true,"href":"https:\/\/www.ljusnaren.se\/index.php\/wp-json\/wp\/v2\/tags?post=385"}],"curies":[{"name":"wp","href":"https:\/\/api.w.org\/{rel}","templated":true}]}}