{"id":396,"date":"2025-01-13T18:48:36","date_gmt":"2025-01-13T18:48:36","guid":{"rendered":"https:\/\/www.ljusnaren.se\/?p=396"},"modified":"2025-04-27T18:46:33","modified_gmt":"2025-04-27T18:46:33","slug":"1841-04-18","status":"publish","type":"post","link":"https:\/\/www.ljusnaren.se\/index.php\/2025\/01\/13\/1841-04-18\/","title":{"rendered":"1841-04-18"},"content":{"rendered":"\n<p>Barnmorskan vill omf\u00f6rhandla ers\u00e4ttning, vilken urvattnats av all f\u00f6rdyring som upplevs. Men st\u00e4mman kan inte bifalla denna \u00f6nskan. D\u00e4remot hittar de en mellanv\u00e4g genom att erbjuda henne 4-5 stavrum huggen ved!<\/p>\n\n\n\n<h3 class=\"wp-block-heading\"><em>\u00c5r 1841 d. 18 April h\u00f6lls allm\u00e4n Sockenst\u00e4mma med Ljusnarsbergs f\u00f6rsamling, efter derom 8 dagar f\u00f6rut skedde laglig p\u00e5lysning med \u00e4mnenas tillk\u00e4nnagivande<\/em><\/h3>\n\n\n\n<p><em>\u00a71.Till revisorer som skola granska kyrkans, de fattigas, skolfondens, bokkassans, lasarettets samt byggnads- och fattigv\u00e5rdskassornas r\u00e4kenskaper, valdes: Herr Magnusson p\u00e5 Stjernfors, Handlanden J. \u00c5kergren vid Norra Bergsg\u00e5rden och N\u00e4mndeman Anders Andersson i K\u00f6rartorp.<\/em><\/p>\n\n\n\n<p><em>\u00a72. Att s\u00e5som socknens fullm\u00e4ktig f\u00f6lja bev\u00e4ringsynglingarna till m\u00f6nstringen i Ramsberg d. 23:e n\u00e4stkommande maj, valdes bergsmannen Anders Andersson i Bj\u00f6rk\u00e4ng.<\/em><\/p>\n\n\n\n<p><em>\u00a73. Barnmorskan uti f\u00f6rsamlingen \u00e4nkefru Eva Christina Nordgren hade till pastor inl\u00e4mnat en ans\u00f6kan om f\u00f6rb\u00e4ttrade l\u00f6nef\u00f6rm\u00e5ner s\u00e5 lydande:<\/em><\/p>\n\n\n\n<p class=\"has-text-align-center\"><em>&#8221;\u00d6dmjuk anh\u00e5llan<br>Sedan jag efter erh\u00e5llen undervisning och inf\u00f6r H\u00f6glofs. Sundhetskollegium underg\u00e5tt beh\u00f6rig examen, samt denne respektive f\u00f6rsamling till medlem d\u00e4rav antagit mig s\u00e5som barnmorska hava sedan 30 \u00e5r f\u00f6rflutit.<\/em><br><em>Min annalkande \u00e5lder g\u00f6r att jag icke med ungdomlig f\u00e4rdighet nu mera kan f\u00f6rtj\u00e4na, vad som f\u00f6rr genom handarbete, s\u00e5som bitr\u00e4de till min l\u00f6n jag f\u00f6rv\u00e4rvat.<\/em><br><em>Tiderna hava j\u00e4mte pris p\u00e5 livsmedlen f\u00f6r\u00e4ndrats och det icke till minst min samt fleras b\u00e5tnad. \u00d6vertygad att den godhet varmed jag st\u00e4dse varit omfattad, \u00e4nnu fordrar, v\u00e5gar jag anropa den hederv\u00e4rda f\u00f6rsamlingens \u00e4delmodiga behj\u00e4rtande, d\u00e5 jag i \u00f6dmjukhet f\u00f6resl\u00e5r att n\u00e5gon till\u00f6kning i mina l\u00f6nevillkor m\u00e5tte beviljas, jag kan icke f\u00f6resl\u00e5, utan lemnar det till Respective f\u00f6rsamlingens gottfinnande. \u00d6vertygad att icke blifva f\u00f6rskjuten d\u00e5 \u00e5ren nalkas och jag varder s\u00e4gande de behaga mig icke.<br>Med f\u00f6rhoppning om bifall framh\u00e4rdar m.m. <\/em><\/p>\n\n\n\n<p class=\"has-text-align-right\"><em>Ljusnarsberg d.15 April 1841<br>Eva Christ. Nordgren&#8221;<\/em><\/p>\n\n\n\n<p><em>Pastor hemst\u00e4llde med anledning h\u00e4rav till f\u00f6rsamlingens ompr\u00f6vande om icke med h\u00e4nseende till fru Nordgrens l\u00e5ngvariga tj\u00e4nstetid, henne kunde beviljas 4 a 5 stavrum ved ist\u00e4llet f\u00f6r det vad som hon till f\u00f6rens haft av gruvans skattved, f\u00f6re socknens skattl\u00e4ggande, samt n\u00e5gon till\u00f6kning uti hennes obetydliga penningl\u00f6n. F\u00f6rsamlingens ledam\u00f6ter h\u00e4rtill att de voro so tungt beskattade med utgifter att de ej kunde till fru Nordgrens beg\u00e4ran om l\u00f6netill\u00f6kning l\u00e4mna bifall, helst som de f\u00f6rmodade att hennes l\u00f6nef\u00f6rm\u00e5ner ej vore obetydliga.<\/em><\/p>\n\n\n\n<p><em>\u00a74. Med anledning av h\u00f6glovliga Kungliga sundhetskollegiums skrivelse av den 8:e sistlidna mars och Landsh\u00f6vdinge\u00e4mbetets meddelande d\u00e4r av uti kung\u00f6relse av den 26:e i samma m\u00e5nad hemst\u00e4llde undertecknad ordf\u00f6rande, till f\u00f6rsamlingens ompr\u00f6vande huruvida det kunde vara f\u00f6rsamlingens \u00f6nskan och med dess sannskyldiga b\u00e4sta \u00f6verensst\u00e4mmande att en av de extra provinsiall\u00e4kare, f\u00f6r vilka rikets f\u00f6rsamlade h\u00f6glovliga st\u00e4nder anslagit en l\u00f6n p\u00e5 stat av 250 Rd Banco \u00e5rligen, bleve h\u00e4r stationerad. F\u00f6rsamlingens n\u00e4rvarande ledam\u00f6ter f\u00f6rklarade att de l\u00e4nge och genom tid efter annan intr\u00e4ffade olycksh\u00e4ndelser och h\u00e4rjande farsoter varit och blivit alltmer \u00f6vertygade om beh\u00f6vligheten att ha en p\u00e5litlig och vederb\u00f6rligen examinerad l\u00e4kare boende inom socknen och att det s\u00e5ledes vore h\u00f6gst maktp\u00e5liggande begagna tillf\u00e4llet att hos Kongl. Majt i all underd\u00e5nighet an\u00e5lla att en av de nya extra provinsiall\u00e4karna m\u00e5tte bli h\u00e4r stationerad. Under f\u00f6rhoppning att Hans Majt Konungen i n\u00e5der bifaller denna underd\u00e5niga b\u00f6nfallan, f\u00f6rband sig f\u00f6rsamlingen att till den kronol\u00f6n som till extra provinsiall\u00e4karen blivit anslagen bidra med etthundratrettiotre Rd 16 S Banco samt 25 stavrum ved; svaremot f\u00f6rutsattes att den blivande l\u00e4karen skulle utan n\u00e5gon s\u00e4rskild betalning tillhandag\u00e5 f\u00f6rsamlingens utfattiga med l\u00e4karv\u00e5rd. H\u00e4rj\u00e4mte yttrade f\u00f6rsamlingen den \u00f6nskan, s\u00e5 vida det vore med l\u00e4karkallet f\u00f6renligt och ej emot lag stridande, h\u00e4rvarande sockenapotek m\u00e5tte av den tillf\u00f6rordnad l\u00e4karen \u00f6vertas och handhavas. F\u00f6r \u00f6vrigt och som \u00e4mnets vikt fordrade ett moget \u00f6verv\u00e4gnade besl\u00f6t f\u00f6rsamlingen att f\u00f6r utarbetande av betecknande, som i detta maktp\u00e5liggande \u00e4rende borde till H. Mt Konungen ing\u00e5 och g\u00e4lla s\u00e5som Nya Kopparbergs f\u00f6rsamlings gemensamma \u00f6nskan, v\u00e4lja en kommitt\u00e9. Till ordf\u00f6rande i denna kommitt\u00e9 valdes herr bergm\u00e4staren B.G. Bredberg och till ledam\u00f6ter f\u00f6rsamlingens kyrkoherde J.D Westholm, herr patron P.I Lundbom p\u00e5 L\u00f6fn\u00e4s, herr inspektor A. Magnusson p\u00e5 Stjernfors, handlanden herr J. F Behrling vid Sundet och n\u00e4mndeman Anders Andersson i K\u00f6rartorp. F\u00f6rsamlingen f\u00f6rbeh\u00f6ll sig likv\u00e4l att det av kommitt\u00e9 lade uppgjort f\u00f6rslag till bet\u00e4nkande skulle p\u00e5 allm\u00e4n sockenst\u00e4mma f\u00f6rsamlingen delgivas och dess pr\u00f6vning underst\u00e4llas.<\/em><\/p>\n\n\n\n<p><em>\u00a75. Till erh\u00e5llande av n\u00e5got underst\u00f6d ut ur f\u00f6rsamlingens fattigv\u00e5rdskassa anm\u00e4lde sig f\u00f6ljande fattiga:<\/em><\/p>\n\n\n\n<ol class=\"wp-block-list\">\n<li><em>Aron Schytt fr\u00e5n Gr\u00f6nhult anh\u00f6ll om n\u00e5got till kl\u00e4der: F\u00f6rsamlingen ans\u00e5g Schytt \u00e4nnu icke sakna arbetsf\u00f6rm\u00e5ga och trodde att om han ville iaktta ett ordentligt och sparsamt levnadss\u00e4tt han v\u00e4l \u00e4nnu kunde b\u00e5de f\u00f6da och kl\u00e4da sig, utan att d\u00e4rmed beh\u00f6va belasta f\u00f6rsamlingens fattigv\u00e5rd, varf\u00f6r ock hans beg\u00e4ran om underst\u00f6d avslogs.<\/em><\/li>\n\n\n\n<li><em>Jan Jansson Pot fr\u00e5n R\u00e4llsfall anh\u00f6ll likaledes om n\u00e5gon bekl\u00e4dnadshj\u00e4lp. F\u00f6rsamlingen som redan f\u00e5tt vidk\u00e4nnas en icks obetydlig utgift f\u00f6r Jan Janssons nyligen avlidna hustru fann icke f\u00f6r n\u00e4rvarande n\u00e5got sk\u00e4l att bevilja Jan Jansson det av honom beg\u00e4rda underst\u00f6d; men lovade att n\u00e4r omst\u00e4ndigheterna s\u00e5 kr\u00e4va, skulle honom meddelas det bist\u00e5nd som behovet kunde p\u00e5kalla.<\/em><\/li>\n\n\n\n<li><em>Peter Persson vid Sandbacken vilken f\u00f6r sjuklighet en l\u00e4ngre tid varit of\u00f6rm\u00f6gen att f\u00f6rs\u00f6rja sig och sina barn, anm\u00e4ldes f\u00f6r n\u00e4rvarande ligga sjuk vid Kandla och vara i stort behov av n\u00e5got underh\u00e5ll. Men behj\u00e4rtande av hans beklagansv\u00e4rda bel\u00e4genhet beviljades honom f\u00f6r tillf\u00e4llet 1\/2 tunna r\u00e5g eller i dess st\u00e4lle fem Rd Banco.<\/em><\/li>\n\n\n\n<li><em>Anders Erssons hustru vid Kisttjern vore av sjukdom s\u00e4ngliggande och f\u00f6r \u00f6vrigt befinna sig i h\u00f6gst torftiga omst\u00e4ndigheter. \u00c5t honom anslogs en tillf\u00e4llig hj\u00e4lp av 1\/8 tunna r\u00e5g och 2 Rd rgs i penningar.<\/em><\/li>\n\n\n\n<li><em>Eric Anderssons \u00e4nka vid K\u00f6hlsj\u00f6fall som hade fel p\u00e5 synen och vars medell\u00f6shet vitsordats av hemmans\u00e4garen Erik Jansson d\u00e4rst\u00e4des, beviljades likaledes f\u00f6r tillf\u00e4llet 1\/4 tunna r\u00e5g<\/em>.<\/li>\n\n\n\n<li><em>Sundbergs hustru vid Myrbo hade 10 veckors tid varit till den grad sjuk att hon icke allenast mest best\u00e4ndigt h\u00e5llas vid s\u00e4ngen utan ock under tiden m\u00e5st sk\u00f6tas s\u00e5som ett barn. Med tillk\u00e4nnagivande av detta yrkade Jan Nilssons hustru vid Myrbo att f\u00f6rsamlingen ville f\u00f6r besv\u00e4r och tidsh\u00e5llan med sjuka hustru Sundbergs sk\u00f6tsel giva henne ers\u00e4ttning. F\u00f6rsamlingen tog hennes beg\u00e4ran i \u00f6verv\u00e4gande och beviljade henne 5 Rds f\u00f6r den tid hon hittills v\u00e5rdat den sjuka hustrun samt lovade henne f\u00f6r fortfarande v\u00e5rd 2 Rgs i m\u00e5naden. Till den sjukas underh\u00e5ll anslogs 18 ps i veckan.<\/em><\/li>\n\n\n\n<li><em>Slutligen beg\u00e4rdes \u00e4ven underst\u00f6d f\u00f6r Stephan Holms fr\u00e5n Vik\u00e4ngen efterl\u00e4mnade \u00e4nka; och som hennes behov av underh\u00e5ll blev av flera av de n\u00e4rvarande f\u00f6rsamlingens ledam\u00f6ter intygat s\u00e5 beviljades henne f\u00f6r tillf\u00e4llet 1 \u00e5tting r\u00e5g och 1 Rd Rgs.<\/em><\/li>\n<\/ol>\n\n\n\n<p><em>S\u00e5lunda valt, beslutat och \u00f6verenskommet betyga \u00e5 f\u00f6rsamlingens v\u00e4gnar<\/em><\/p>\n\n\n\n<p><em>J.D Westholm Ordf\u00f6rande, pastor<br>P.I Lundbom<br>A. Magnusson<\/em><\/p>\n\n\n\n<h3 class=\"wp-block-heading\">Kommentar<\/h3>\n\n\n\n<h4 class=\"wp-block-heading\">Stavrum ved till barnmorskan Lindgren &#8211; hur mycket var det?<\/h4>\n\n\n\n<p><strong>Stavrum<\/strong> \u00e4r ett \u00e4ldre m\u00e5tt p\u00e5 m\u00e4ngd ved. Det har s\u00e4rskilt anv\u00e4nts inom bergshanteringen, t.ex. f\u00f6r att kvantifiera den m\u00e4ngd ved som \u00e5tgick vid tillmakning. Storleken p\u00e5 ett stavrum har kunnat variera n\u00e5got, men var fr\u00e5n 1620 vid Falu koppargruva i allm\u00e4nhet 3 x 3 x 1 alnar.<\/p>\n\n\n\n<p>En aln = 0,593808m fram till metersystemet inf\u00f6rdes (1889). Ett stavrum inneb\u00e4r s\u00e5ledes ca 1,8m x 1,8m x 0,6m \u22482 kubik ved.<\/p>\n\n\n\n<p>St\u00e4mmans f\u00f6rslag var till barnmorskan var att ers\u00e4tta nuvarande ers\u00e4ttning i ved till 4-5 stavrum (\u2248 8-10 kubikmeter ved) <\/p>\n\n\n\n<h4 class=\"wp-block-heading\">Aron Schytt<\/h4>\n\n\n\n<p>Aron var en dr\u00e4ng fr\u00e5n L\u00f6a, Ramsberg men som flyttade till Ljusnarsberg d\u00e4r han levde 1784-1847. Han var s\u00e5 kallad <em>f\u00f6rst\u00e4rkningskarl<\/em>. Det var ett system som beslutades vid 1810 \u00e5rs riksdag vilket innebar att 50&#8217;000 man togs ut som f\u00f6rst\u00e4rkning till befintliga regementen. Systemet upplevde starka protester och avskaffades. Titeln f\u00f6ljde Aron till d\u00f6den. D\u00e5 som <em>&#8221;f.d f\u00f6rst\u00e4rkningskarl&#8221;<\/em>.<\/p>\n\n\n\n<p>Han noterades som tiggare d\u00e5 han gick ur tiden och dog, med orsaken <em>&#8221;vattusot&#8221;<\/em><\/p>\n\n\n\n<p>Ljusnarsberg (T) F:6 (1840-1856) Bild 16<\/p>\n\n\n\n<p><\/p>\n\n\n\n<h4 class=\"wp-block-heading\">Jan Jansson Pot<\/h4>\n\n\n\n<p>Se <a href=\"https:\/\/www.ljusnaren.se\/index.php\/2025\/01\/02\/1840-04-12\/\" data-type=\"link\" data-id=\"https:\/\/www.ljusnaren.se\/index.php\/2025\/01\/02\/1840-04-12\/\">protokoll 1840-04-12<\/a><\/p>\n\n\n\n<p><\/p>\n\n\n\n<h4 class=\"wp-block-heading\">Peter Persson, Sandbacken<\/h4>\n\n\n\n<p>Peter fick aldrig h\u00e4lsan \u00e5ter, utan gick bort den 15:e juli samma sommar.<\/p>\n\n\n\n<p>Ljusnarsberg (T) AI:16b (1830-1841) Bild 426 \/ sid 888<\/p>\n\n\n\n<h4 class=\"wp-block-heading\">Anders Erssons fru Lisa Andersdotter, i Kisttj\u00e4rn<\/h4>\n\n\n\n<p>Hon var f\u00f6dd 1772 och s\u00e4ngliggande i sjukdom detta \u00e5r 1841. Hon levde till 1851, tv\u00e5 \u00e5r l\u00e4ngre \u00e4n sin man, d\u00e5 hon gick bort, 79 \u00e5r gammal.<\/p>\n\n\n\n<p><\/p>\n\n\n\n<h4 class=\"wp-block-heading\">Eric Anderssons \u00e4nka vid K\u00f6lsj\u00f6fall; Maja Zachrisdotter<\/h4>\n\n\n\n<p>Hon var f\u00f6dd 1780-08-13 och blev \u00e4nka f\u00f6r en halvannan vecka f\u00f6re denna st\u00e4mma, d\u00e5 Eric gick ur tiden som 67-\u00e5ring.<\/p>\n\n\n\n<h4 class=\"wp-block-heading\">Sundbergs hustru<\/h4>\n\n\n\n<p>Se protokoll:<\/p>\n\n\n\n<p><a href=\"https:\/\/www.ljusnaren.se\/index.php\/2025\/01\/01\/1840-03-25\/\" data-type=\"post\" data-id=\"25\">Protokoll 1840-03-25<\/a><\/p>\n\n\n\n<p><a href=\"https:\/\/www.ljusnaren.se\/index.php\/2025\/01\/02\/1840-04-12\/\" data-type=\"post\" data-id=\"178\">Protokoll 1840-04-12<\/a><\/p>\n\n\n\n<p><a href=\"https:\/\/www.ljusnaren.se\/index.php\/2025\/01\/06\/1840-05-24\/\" data-type=\"post\" data-id=\"274\">Protokoll 1840-05-24<\/a><\/p>\n\n\n\n<p><a href=\"https:\/\/www.ljusnaren.se\/index.php\/2025\/01\/09\/1840-08-30\/\" data-type=\"post\" data-id=\"325\">Protokoll 1840-08-30<\/a><\/p>\n\n\n\n<p><\/p>\n\n\n\n<p>Stephan Holm vid Vik\u00e4ngen<\/p>\n\n\n\n<h4 class=\"wp-block-heading\">Stephan Holms \u00e4nka i Vik\u00e4ngen<\/h4>\n\n\n\n<p>Varken n\u00e5gon Holm eller en plats som heter Vik\u00e4ngen tycks finnas i socknen&#8230;.<\/p>\n\n\n\n<p><\/p>\n","protected":false},"excerpt":{"rendered":"<p>Barnmorskan vill omf\u00f6rhandla ers\u00e4ttning, vilken urvattnats av all f\u00f6rdyring som upplevs. Men st\u00e4mman kan inte bifalla denna \u00f6nskan. D\u00e4remot hittar de en mellanv\u00e4g genom att erbjuda henne 4-5 stavrum huggen ved! \u00c5r 1841 d. 18 April h\u00f6lls allm\u00e4n Sockenst\u00e4mma med Ljusnarsbergs f\u00f6rsamling, efter derom 8 dagar f\u00f6rut skedde laglig p\u00e5lysning med \u00e4mnenas tillk\u00e4nnagivande \u00a71.Till revisorer [&hellip;]<\/p>\n","protected":false},"author":1,"featured_media":399,"comment_status":"closed","ping_status":"closed","sticky":false,"template":"","format":"standard","meta":{"footnotes":""},"categories":[122,21],"tags":[85,88,87,86,10,84],"class_list":["post-396","post","type-post","status-publish","format-standard","has-post-thumbnail","hentry","category-122","category-sockenstammoprotokoll","tag-aron-skytt","tag-jan-jansson-pot","tag-kistjarn","tag-kolsjofall","tag-myrbo","tag-sundberg"],"_links":{"self":[{"href":"https:\/\/www.ljusnaren.se\/index.php\/wp-json\/wp\/v2\/posts\/396","targetHints":{"allow":["GET"]}}],"collection":[{"href":"https:\/\/www.ljusnaren.se\/index.php\/wp-json\/wp\/v2\/posts"}],"about":[{"href":"https:\/\/www.ljusnaren.se\/index.php\/wp-json\/wp\/v2\/types\/post"}],"author":[{"embeddable":true,"href":"https:\/\/www.ljusnaren.se\/index.php\/wp-json\/wp\/v2\/users\/1"}],"replies":[{"embeddable":true,"href":"https:\/\/www.ljusnaren.se\/index.php\/wp-json\/wp\/v2\/comments?post=396"}],"version-history":[{"count":6,"href":"https:\/\/www.ljusnaren.se\/index.php\/wp-json\/wp\/v2\/posts\/396\/revisions"}],"predecessor-version":[{"id":679,"href":"https:\/\/www.ljusnaren.se\/index.php\/wp-json\/wp\/v2\/posts\/396\/revisions\/679"}],"wp:featuredmedia":[{"embeddable":true,"href":"https:\/\/www.ljusnaren.se\/index.php\/wp-json\/wp\/v2\/media\/399"}],"wp:attachment":[{"href":"https:\/\/www.ljusnaren.se\/index.php\/wp-json\/wp\/v2\/media?parent=396"}],"wp:term":[{"taxonomy":"category","embeddable":true,"href":"https:\/\/www.ljusnaren.se\/index.php\/wp-json\/wp\/v2\/categories?post=396"},{"taxonomy":"post_tag","embeddable":true,"href":"https:\/\/www.ljusnaren.se\/index.php\/wp-json\/wp\/v2\/tags?post=396"}],"curies":[{"name":"wp","href":"https:\/\/api.w.org\/{rel}","templated":true}]}}