{"id":402,"date":"2025-01-14T17:40:02","date_gmt":"2025-01-14T17:40:02","guid":{"rendered":"https:\/\/www.ljusnaren.se\/?p=402"},"modified":"2025-04-27T18:46:33","modified_gmt":"2025-04-27T18:46:33","slug":"1841-05-09","status":"publish","type":"post","link":"https:\/\/www.ljusnaren.se\/index.php\/2025\/01\/14\/1841-05-09\/","title":{"rendered":"1841-05-09"},"content":{"rendered":"\n<p>Ljusnarsberg f\u00f6rs\u00f6ker kratta f\u00f6r att f\u00e5 in en provinsiall\u00e4kare till socknen och i F\u00e4bobacken har uppsyningsmannen l\u00e4mnat in en styrkt skrivelse med \u00e4skande om \u00e5tg\u00e4rder att vidta f\u00f6r att f\u00e5 den <em>&#8221;vanartiga och f\u00f6r samh\u00e4llet farliga<\/em> ynglingen Jan Fredrik (Brask) att underkasta sig samh\u00e4llets regler.<\/p>\n\n\n\n<p><\/p>\n\n\n\n<h3 class=\"wp-block-heading\">\u00c5r 1841 d. 9:e Maj h\u00f6lls allm\u00e4n Sockenst\u00e4mma med Ljusnarsbergs f\u00f6rsamling, efter derom skedd laglig kung\u00f6relse med tillk\u00e4nnagivande av \u00e4mnena f\u00f6r \u00f6verl\u00e4ggningarna.<\/h3>\n\n\n\n<p><em>\u00a71. Tillk\u00e4nnagavs att f\u00f6rslag till bet\u00e4nkande ang\u00e5ende en extra provinsiall\u00e4kares stationerande inom denna socken, vilket i anledning av sockenst\u00e4mmobeslutet f\u00f6r den 18:e sistlidna april av vissa d\u00e4rtill (\u2026) kommitterade skulle utarbetas, nu kommit ordf\u00f6randen tillhanda. Detta f\u00f6rslag blev nu uppl\u00e4st och lydde ord f\u00f6r ord som f\u00f6ljer:<\/em><\/p>\n\n\n\n<p class=\"has-text-align-left\"><em>&#8221;Nya Kopparbergs sockenm\u00e4n omfatta med unders\u00e5tlig tacksamhet det tillf\u00e4lle Kongl. Majt behagat dem bereda, att p\u00e5 sitt Kongl Sundhets Collegii Circulaire och Konungens Resp. Befallningshavandes d\u00e4rp\u00e5 grundade kung\u00f6relse best\u00e4mma, s\u00e5t till tronen framf\u00f6ra denna menighets \u00f6nskan och behov uti en s\u00e5 allm\u00e4nt viktig angel\u00e4genhet, som en f\u00f6rb\u00e4ttrad l\u00e4karv\u00e5rd. Denna sockens l\u00e5nga avst\u00e5nd fr\u00e5n n\u00e4rmaste l\u00e4karstation, dess vidstr\u00e4ckthet och folkm\u00e4ngd, beskaffenheten av dels allm\u00e4nnaste n\u00e4ringsf\u00e5ng, varigenom den arbetande klassen mera \u00e4n p\u00e5 skattlandet \u00e4r blottst\u00e4lld f\u00f6r yttre skador och \u00e5kommor, vilka fordra skyndsam l\u00e4karhj\u00e4lp och slutligen socknens of\u00f6rm\u00e5ga att ensam bekosta, vad en kunnig l\u00e4karavl\u00f6ning minst erfordras: alla dessa f\u00f6rh\u00e5llanden sammanlagda g\u00f6r det nu sockenm\u00e4nnen delgivna Konungs och St\u00e4nders beslut b\u00e5de efterl\u00e4ngtat och k\u00e4rt i samma m\u00e5n de anse sig \u00e4ga grundade anledningar att hoppas delaktighet i de f\u00f6rm\u00e5ner, som d\u00e4rav b\u00f6r bli en f\u00f6ljd.&#8221;<\/em><\/p>\n\n\n\n<p><em>De omst\u00e4ndigheter som torde f\u00e5 anses b\u00e5de varf\u00f6r sig och \u00e4nnu mer d\u00e5 de sammanl\u00e4ggas, bevisande denna uti verkliga behov av en n\u00e4rmare l\u00e4karv\u00e5rd, m\u00e5 det till\u00e5tes h\u00e4r nedan i korthet andraga:<br>Nya Kopparbergs sockens areal utg\u00f6r 4 1\/2 a 5 kvadratmil; dess folkm\u00e4ngd var enligt sista r\u00e4kningen 1840: 5600 personer uti 897 hush\u00e5ll, af vilka enligt sista quinqvennii-tabellen voro:<\/em><\/p>\n\n\n\n<p><em>Ecklesiastik- Civilstaten h\u00f6rande              14<br>Bergsm\u00e4n                                                       72<br>Hemmans\u00e4gare                                         139<br>Lantb\u00f6nder och torpare                           148<br>G\u00e4rningsm\u00e4n och hantverkare                30<br>Nybyggare                                                  280<br>Gruv- och hyttarbetare samt kolare     207<br>                                                      (totalt)  897<\/em><\/p>\n\n\n\n<p><em>I avseende p\u00e5 f\u00f6rm\u00f6genheten upplyser quinqvennii-tabellen att<br>25 hush\u00e5ll kunna anses \u00e4ga n\u00e5got mera \u00e4n till deras uppeh\u00e4lle erfordras;<br>477 n\u00e5gorlunda berga sig;<br>395 beh\u00f6va till st\u00f6rre eller mindre del p\u00e5r\u00e4kna fr\u00e4mmande underst\u00f6d.<br>897<\/em><\/p>\n\n\n\n<p><br><em>Ortens n\u00e4ringsf\u00e5ng huvudsakligen och n\u00e4stan att f\u00e5 s\u00e4ga uteslutande bergshantering, gruvbrytning, tackj\u00e4rnsbl\u00e5sning och kolning; varav ock f\u00f6rklaras den stora personal som i tabellerna upptas h\u00e4rmed sysselsatta. Olyckor av ras, bergs(..), gruvskott, br\u00e4nnskador i hyttor eller vid milarbetet h\u00f6ra d\u00e4rf\u00f6r icke till de s\u00e4llsynta tilldragelserna. \u00c4ven b\u00f6r anm\u00e4rkas hur som denna ort i alla tider varit s\u00e4rdeles besv\u00e4rad av venerisk smitta och \u00e5ren 1809 och 1810 till den grad att s\u00e4rskilt kurhus h\u00e4r vid kyrkan d\u00e5 var inr\u00e4ttad. Avst\u00e5ndet fr\u00e5n nuvarande n\u00e4rmaste provinsiall\u00e4karstation (Nora) \u00e4r till socknens sydligaste \u00e4nda 3 3\/4 mil och till dess nordligaste 8 1\/4 mil, i medeltal s\u00e5ledes 6 mi. Denna omst\u00e4ndighet ensamt g\u00f6r att \u00e4ven den om varande utm\u00e4rkt skicklige provinsiall\u00e4karen icke har i sin f\u00f6rm\u00e5ga utr\u00e4tta n\u00e5got egentligt f\u00f6r denna ort. D\u00e5 sjukdomsfall \u00e5komma blir tidsutdragen och kostnaden i och f\u00f6r l\u00e4karens h\u00e4mtning f\u00f6r betydliga att den mindre bemedlade allm\u00e4nheten vanligen (\u2026) tid, d\u00e5 det redan blivit f\u00f6rsent och all hj\u00e4lp f\u00f6rg\u00e4ves. D\u00e4rmest \u00f6mmande exempel h\u00e4rp\u00e5 kunna fr\u00e5nsett f\u00f6rflutna \u00e5ren andragas, d\u00e4r dugliga personer av arbetsklassen i sin b\u00e4sta manna\u00e5lder bortryckts fr\u00e5n talrika familjer endast och allenast d\u00e4rf\u00f6r att l\u00e4karhj\u00e4lpen kom f\u00f6r sent. En skicklig provinisiall\u00e4kare har dessutom alltid i sin n\u00e4rmaste ort en vidstr\u00e4ckt praktik och varken tid eller f\u00f6rm\u00e5ga kan r\u00e4cka till att utstr\u00e4cka den \u00f6ver en viss l\u00e4mplig krets, vars omf\u00e5ng s\u00e4kerligen skall befinnas b\u00f6ra bli mindre \u00e4n det nuvarande distriktet som omfattar st\u00f6rsta tredjedelen av \u00d6rebro l\u00e4n och en folkm\u00e4ngd av n\u00e4rmare 30&#8217;000 m\u00e4nniskor.<\/em><\/p>\n\n\n\n<p><em>Under f\u00f6ruts\u00e4ttning att en extra provinsiall\u00e4kare i n\u00e5der beviljas denna ort med station vid Nya Kopparbergs kyrka, framst\u00e4lles dessa i \u00f6dmjukhet det f\u00f6rslag att Hjulsj\u00f6, Ramshytte och Nya Kopparbergs socknar m\u00e5tte bliva best\u00e4mda s\u00e5som ett s\u00e4rskilt l\u00e4kardistrikt, vilket d\u00e5 komma att uti en f\u00f6r \u00e4ndam\u00e5lsenlig l\u00e4karv\u00e5rd lagom stor areal innesluta en folkm\u00e4ngd av omkring 10&#8217;000 m\u00e4nniskor.<\/em><\/p>\n\n\n\n<p><em>D\u00e5 Nya Kopperbergs sockenm\u00e4n p\u00e5 ovann\u00e4mnda grunder (\u2026) sina f\u00f6rhoppning att erh\u00e5lla en f\u00f6rb\u00e4ttrad l\u00e4karv\u00e5rd, hava de dessutom varit bet\u00e4nkta p\u00e5 att genom erbjudande av ett efter tillg\u00e5ngarna l\u00e4mpat bidrag bereda en till\u00f6kning i den kronol\u00f6n, som till extra provinsiall\u00e4karen blivit anslagen. Detta bidrag har p\u00e5 f\u00f6reg\u00e5ende sockenst\u00e4mma blivit best\u00e4mt till Banco Rd 133: 16 samt 25 stavrum ved, bj\u00f6rk tall och gran; var j\u00e4mte sockenm\u00e4nnen anse sig b\u00f6ra uttrycka den \u00f6vertygelse att en l\u00e4kare p\u00e5 denna plats kan p\u00e5r\u00e4kna n\u00e4stan lika mycket till i best\u00e4mda \u00e5rliga arvoden av enskilda inom socken boende bergsbruksidkande fastighets\u00e4gare och n\u00e5gra st\u00e5ndspersoner, utom vad av de andra angr\u00e4nsade socknarna b\u00f6r ber\u00e4knas kunna bli anslagna.<\/em><\/p>\n\n\n\n<p><br><em>Tillf\u00e4lle till l\u00e4mplig bostad finns inom socken att tillg\u00e5 mot l\u00e5g och billig hyra, och torde dessutom b\u00f6ra till\u00e4ggas att det sockenapotek, som finns inom socken kan f\u00e5 \u00f6vertas av provinsiall\u00e4karen, ifall han finner sin r\u00e4kning d\u00e4rvid.<\/em><\/p>\n\n\n\n<p><br><em>Utom den direkta och n\u00e4rmaste f\u00f6rdelen de tre ovann\u00e4mnda socknarna komma att dra av den f\u00f6rb\u00e4ttrade l\u00e4karv\u00e5rden genom extra provinsiall\u00e4kare stationerade \u00e4r i Nya Kopparberget, skulle detsamma f\u00f6rdelaktigt inverka p\u00e5 vissa delar av de inom Falu l\u00e4n bel\u00e4gna S\u00e4fsens och Grang\u00e4rdes socknar av vilka den senare inom sig sluter en vidstr\u00e4ckt och talrikt befolkad gruvtrakt, Gr\u00e4ngesberget.<\/em><\/p>\n\n\n\n<p><em>Nya Kopparbergs sockenm\u00e4n v\u00e5ga slutligen uttrycka den f\u00f6rhoppning att till H.H Konungen blir genom h\u00f6ga vederb\u00f6rande framf\u00f6rd denna orts underd\u00e5niga anh\u00e5llan att h\u00f6gst densamma m\u00e5tte behj\u00e4rtas deeras verkliga och k\u00e4nnbara behov av en n\u00e4rmare l\u00e4karv\u00e5rd, och vilket behov \u00e4n ytterligare blivit \u00e5dagalagt genom 2:ne vid innevarande riksm\u00f6te gjorda motioner, den ena inom h\u00f6gv\u00f6rdiga pr\u00e4stst\u00e5ndet genom stiftets d\u00e5varande domprost herr biskopen doktor Bruhn, den andra genom en av dessa bergslagsorters riksdagsm\u00e4n inom hederv\u00e4rda bondest\u00e5ndet bergsexmannen Per Persson i Vassland.<\/em><\/p>\n\n\n\n<p><em>Sockenm\u00e4nnen utbedja sig i st\u00f6rsta \u00f6dmjukhet att detta deras yttrande m\u00e5tte i sin helhet f\u00e5 \u00e5tf\u00f6ljas de handlingar som i detta angel\u00e4gna \u00e4rende till Kongl. Majt. ing\u00e5.<\/em><\/p>\n\n\n\n<p><em>Efter n\u00e5gon stunds \u00f6verl\u00e4ggning antogs detta f\u00f6rslag av de flesta f\u00f6rsamlingens n\u00e4rvarande ledam\u00f6ter, vilka besl\u00f6t att det s\u00e5som f\u00f6rsamlingens gemensamma \u00f6nskan borde till H.Mt Konungen ing\u00e5. Under sj\u00e4lva \u00f6verl\u00e4ggningen l\u00e4t likv\u00e4l patron J.N Eriksson p\u00e5 Laxbro inl\u00e4mna f\u00f6ljande skriftliga anf\u00f6rande.<\/em><\/p>\n\n\n\n<p class=\"has-text-align-center\"><em>&#8221;Till Sockenst\u00e4mmoprotocollet!<br>Jag har trott att det \u00e4r allas v\u00e5r skyldighet s\u00f6ka f\u00f6rkomma alla skatteb\u00f6rdor och utgifter f\u00f6r samh\u00e4llet som m\u00f6jligen kunna undvikas; har d\u00e4rf\u00f6r varit bet\u00e4nkt \u00e4ven som n\u00e5gra n\u00e5gra av grannarna, att ej bliva n\u00e5gon orsak till en utgift , som kunde r\u00e4cka b\u00e5de v\u00e4l och l\u00e4nge &#8211; trodde d\u00e4rf\u00f6r b\u00e4st vara fr\u00e5n den ssaken &#8211; i men som jag h\u00f6rt flera \u00f6nska vara att genom en h\u00f6gst lindrig utgift \u00e5tkomma l\u00e4kare sedan staten till det m\u00e5ste honom avl\u00f6na, medgiver jag en taxering efter organisttaxor av 150 a 200 Rd Rgs att som l\u00f6n utg\u00e5: men ej det ringaste mer under vad namn som helst d\u00e5 det ock b\u00f6r bli l\u00e4karens skyldighet att utan n\u00e5gon vidare betalning bes\u00f6ka \u00e5tminstone de mindre f\u00f6rm\u00f6gna inom f\u00f6rsamlingen.<\/em><br><\/p>\n\n\n\n<p>                                                         <em>               Laxbro, den 9:e Maj 1841<br>                                                                                              Joh. Nicl. Ericsson<\/em>&#8221;<\/p>\n\n\n\n<p><em>Uti detta anf\u00f6rande h\u00f6rdes v\u00e4l n\u00e5gra f\u00e5 av f\u00f6rsamlingens ledam\u00f6ter inst\u00e4mma, varibland p\u00e5 n\u00e4mndeman Lars Bengtsson i Skarpt\u00e4kt och Anders Larsson p\u00e5 R\u00e4lln, men d\u00e5 redan i den n\u00e4st f\u00f6reg\u00e5ende sockenst\u00e4mman beslut ang\u00e5ende l\u00e4karens avl\u00f6ning av f\u00f6rsamlingen blivit fattat, ans\u00e5g de flesta av sockenm\u00e4nnen detta ej b\u00f6r rubbas och s\u00e5ledes n\u00e5got avseende \u00e5t patron Erikssons nu efter\u00e5t avgivna protest d\u00e4remot, ej b\u00f6r f\u00e4stas.<\/em><\/p>\n\n\n\n<p><em>\u00a72. Torparen Per Svenssons fr\u00e5n Norrb\u00e4rke beg\u00e4ran att f\u00e5 i f\u00f6rsamlingen inkomma och neds\u00e4tta sig hos Lb Jan Israelsson i Norra Bredsj\u00f6n, blev i enlighet med fattigv\u00e5rdsreglementets f\u00f6reskrift av f\u00f6rsamlingen avslagen.<\/em><\/p>\n\n\n\n<p><em>\u00a73. Uppl\u00e4stes och underskrevs avkortningsl\u00e4ngden, utan att n\u00e5gon anm\u00e4rkning d\u00e4rvid gjordes.<\/em><\/p>\n\n\n\n<p><em>\u00a74. Med anledning av ett fr\u00e5n uppsyningsmannen i F\u00e4bobacks skriftlag till pastor inl\u00e4mnat skriftligt intyg, vitsordat av flera bland skriftlagets medlemmar, det o\u00e4kta ynglingen Jan Fredrik skriven inom n\u00e4mnda skriftlag var vanartad och f\u00f6r samh\u00e4llet farlig medlem och som han dessutom \u00e4nnu ej inh\u00e4mtat den ringaste kristendomskunskap, besl\u00f6ts att skoll\u00e4raren Peter Andersson skulle vidtalas att honom emotta och undervisa samt genom tj\u00e4nliga f\u00f6rest\u00e4llningar f\u00f6rm\u00e5 honom till ett f\u00f6rb\u00e4ttrat levnadss\u00e4tt. F\u00f6r undervisningen skulle Peter Andersson erh\u00e5lla betalning av skolfonden och f\u00f6r kosten till Jan Fredric av f\u00f6rsamlingens fattigv\u00e5rdskassa efter ackord.<\/em><\/p>\n\n\n\n<p><em>Den h\u00e4rmed missn\u00f6jde \u00e4ger att f\u00f6re klockan 12 p\u00e5 den 21:a dagen h\u00e4refter, sina besv\u00e4r hos landsh\u00f6vdinge\u00e4mbetet inkomma inom samma tid tillk\u00e4nnage om besv\u00e4r anf\u00f6rs och inom andra 21 dygn fr\u00e5n fataliedagen detta med bevis fr\u00e5n vederb\u00f6rlig ort kyrka.<\/em><\/p>\n\n\n\n<p><em>S\u00e5lunda \u00f6verenskommet och beslutat intyga \u00e5 f\u00f6rsamlingens v\u00e4gnar<\/em><\/p>\n\n\n\n<p><em>J.D Westholm Ordf\u00f6rande, pastor<br>Anders Andersson vid Bj\u00f6rk\u00e4ng<\/em><\/p>\n\n\n\n<p><em>F\u00f6reg\u00e5ende sockenst\u00e4mmoprotokoll r\u00f6rande en extra provinsiall\u00e4kars stationerande i Nya Kopparberget \u00e4r fr\u00e5n Ljusnarsbergs kyrkas predikstol uppl\u00e4st Kristi himmelsf\u00e4rdsdag den 20:e maj 1841, av<\/em><\/p>\n\n\n\n<p>                                                                     <em>         J.D Westolm, kyrkoherde<\/em><\/p>\n\n\n\n<h3 class=\"wp-block-heading\">Kommentar<\/h3>\n\n\n\n<h4 class=\"wp-block-heading\">Jan Fredrik (Brask) i F\u00e4bobacken<\/h4>\n\n\n\n<p>Det finns en person boende i F\u00e4bobacken som var o\u00e4kta med detta med namn och i r\u00e4tt \u00e5lder (f:1825), f\u00f6r att vara en yngling tidigt 1840-tal.<\/p>\n\n\n\n<p>Denne Jan Fredrik tog tidigt efternamnet Brask och  bodde p\u00e5 Norra Bredsj\u00f6 under 1850-talet men uppgiften som dr\u00e4ng var inget f\u00f6r honom, d\u00e5 han rymde fr\u00e5n tj\u00e4nsten 1857. Senare finns han att hitta p\u00e5 70-talet i Grang\u00e4rde d\u00e4r han f\u00f6rblir. Att vi har r\u00e4tt Jan Fredrik kanske kan st\u00e4rkas av att denne person blivit d\u00f6md till 3 m\u00e5naders straffarbete av Grang\u00e4rde h\u00e4radsr\u00e4tt den 10:e april 1893 f\u00f6r misshandel &#8211; allts\u00e5 i en \u00e5lder av 68 \u00e5r.<\/p>\n\n\n\n<p>M\u00f6jligen \u00e4r att denne Jan Fredrik var den som uppsyningsmannen avs\u00e5g i sin skrivelse och att skoll\u00e4raren Peter Andersson aldrig fick ordning p\u00e5 den <em>&#8221;vanartiga och f\u00f6r samh\u00e4llet farliga&#8221;<\/em> yngling&#8230;.<\/p>\n\n\n\n<p><\/p>\n\n\n\n<p><\/p>\n","protected":false},"excerpt":{"rendered":"<p>Ljusnarsberg f\u00f6rs\u00f6ker kratta f\u00f6r att f\u00e5 in en provinsiall\u00e4kare till socknen och i F\u00e4bobacken har uppsyningsmannen l\u00e4mnat in en styrkt skrivelse med \u00e4skande om \u00e5tg\u00e4rder att vidta f\u00f6r att f\u00e5 den &#8221;vanartiga och f\u00f6r samh\u00e4llet farliga ynglingen Jan Fredrik (Brask) att underkasta sig samh\u00e4llets regler. \u00c5r 1841 d. 9:e Maj h\u00f6lls allm\u00e4n Sockenst\u00e4mma med Ljusnarsbergs [&hellip;]<\/p>\n","protected":false},"author":1,"featured_media":406,"comment_status":"closed","ping_status":"closed","sticky":false,"template":"","format":"standard","meta":{"footnotes":""},"categories":[122,21],"tags":[],"class_list":["post-402","post","type-post","status-publish","format-standard","has-post-thumbnail","hentry","category-122","category-sockenstammoprotokoll"],"_links":{"self":[{"href":"https:\/\/www.ljusnaren.se\/index.php\/wp-json\/wp\/v2\/posts\/402","targetHints":{"allow":["GET"]}}],"collection":[{"href":"https:\/\/www.ljusnaren.se\/index.php\/wp-json\/wp\/v2\/posts"}],"about":[{"href":"https:\/\/www.ljusnaren.se\/index.php\/wp-json\/wp\/v2\/types\/post"}],"author":[{"embeddable":true,"href":"https:\/\/www.ljusnaren.se\/index.php\/wp-json\/wp\/v2\/users\/1"}],"replies":[{"embeddable":true,"href":"https:\/\/www.ljusnaren.se\/index.php\/wp-json\/wp\/v2\/comments?post=402"}],"version-history":[{"count":7,"href":"https:\/\/www.ljusnaren.se\/index.php\/wp-json\/wp\/v2\/posts\/402\/revisions"}],"predecessor-version":[{"id":651,"href":"https:\/\/www.ljusnaren.se\/index.php\/wp-json\/wp\/v2\/posts\/402\/revisions\/651"}],"wp:featuredmedia":[{"embeddable":true,"href":"https:\/\/www.ljusnaren.se\/index.php\/wp-json\/wp\/v2\/media\/406"}],"wp:attachment":[{"href":"https:\/\/www.ljusnaren.se\/index.php\/wp-json\/wp\/v2\/media?parent=402"}],"wp:term":[{"taxonomy":"category","embeddable":true,"href":"https:\/\/www.ljusnaren.se\/index.php\/wp-json\/wp\/v2\/categories?post=402"},{"taxonomy":"post_tag","embeddable":true,"href":"https:\/\/www.ljusnaren.se\/index.php\/wp-json\/wp\/v2\/tags?post=402"}],"curies":[{"name":"wp","href":"https:\/\/api.w.org\/{rel}","templated":true}]}}