{"id":436,"date":"2025-01-19T17:38:46","date_gmt":"2025-01-19T17:38:46","guid":{"rendered":"https:\/\/www.ljusnaren.se\/?p=436"},"modified":"2025-04-27T18:46:33","modified_gmt":"2025-04-27T18:46:33","slug":"1841-07-04","status":"publish","type":"post","link":"https:\/\/www.ljusnaren.se\/index.php\/2025\/01\/19\/1841-07-04\/","title":{"rendered":"1841-07-04"},"content":{"rendered":"\n<p>Anna Stina Gr\u00f6nberg som vi tr\u00e4ffat tidigare under 1840 i protokollen har efter en tid p\u00e5 \u00d6rebro lasarett med sin fallandesjuka nu bed\u00f6mts som obotlig och det formella beslutet att f\u00e5 henne inl\u00f6st till Vadstena tas nu&#8230;<\/p>\n\n\n\n<h3 class=\"wp-block-heading\">\u00c5r 1841 d 4 juli h\u00f6lls allm\u00e4n sockenst\u00e4mma med Ljusnarsbergs f\u00f6rsamling efter d\u00e4rom samma dag utf\u00e4rdade kung\u00f6relse med tilll\u00e4nnagivande av \u00e4mnet f\u00f6r f\u00f6rsamlingens \u00f6verl\u00e4ggning.<\/h3>\n\n\n\n<p><\/p>\n\n\n\n<p><em>\u00a71. Uppl\u00e4ste pastor den av lasarettsl\u00e4karen herr doktor Ingman avgivna attest om obotligheten av Jan Persson fr\u00e5n Skomakareb\u00e4ckens \u00e4nka Anna Stina Persdotters epilepsie och d\u00e4rav h\u00e4rr\u00f6rande f\u00e5nighet sam d\u00e4refter lasarettssysslomannen kamrer Bellqvists skrivelse med beg\u00e4ran att Ljusnarsbergs f\u00f6rsamling skulle h\u00f6ras huruvida f\u00f6rsamlingens \u00f6nskande att samma \u00e4nka antingen nu genast fr\u00e5n lasarettet avh\u00e4mtades eller emot stadgad betalning kvarstannade \u00e5 lasarettet intill dess Kong Ordens Gillet l\u00e4mnat sitt bifall till hennes inl\u00f6sen \u00e5 Vadstena Hospital. Med anledning av sistn\u00e4mnda skrivelse besl\u00f6t f\u00f6rsamlingen enh\u00e4lligt , att till herr kamrer Bellqvist det svar skulle ges att f\u00f6rsamlingen med tacksamhet emottog anbudet att bem\u00e4lta \u00e4nka finge mot den fastst\u00e4llda betalningen kvarstanna \u00e5 \u00d6rebro lasarett intill dess hon finge \u00e5 Vadstena Hospital inl\u00f6sas. D\u00e5 nu f\u00f6rsamlingen fattat detta beslut hemst\u00e4llde pastor till f\u00f6rsamlingens ompr\u00f6vande om i h\u00e4ndelse den andra fallsjuka kvinnan Anna Stina Gr\u00f6nberg efter full\u00e4ndad provkur skulle befinnas vara obotlig, det icke vore l\u00e4mpligast att \u00e4ven hon finge \u00e5 \u00d6rebro lasarett kvarstanna till dess Ordens Gillet l\u00e4mnat sin till\u00e5telse till hennes emottagande \u00e5 Vadstena Hospital. F\u00f6rsamlingens ledam\u00f6ter f\u00f6rklarade att vad de beslutat ang\u00e5ende \u00e4nkan Anna Stina Persdotter fr\u00e5n Skomakarb\u00e4cken skulle g\u00e4lla \u00e4ven f\u00f6r Anna Stina Gr\u00f6nberg utan f\u00f6rsamlingens vidare h\u00f6rande.<\/em><\/p>\n\n\n\n<p><em>H\u00e4refter anm\u00e4ldes att avlidne n\u00e4mndemannen G. Tengmans \u00e4nka p\u00e5 Bergsg\u00e5rds \u00e4gor befann sig i ett uselt och utblottat tillst\u00e5nd, vadan hon vore i stort behov av n\u00e5got underst\u00f6d. Ehuru v\u00e4l att den nu v\u00e4ckta fr\u00e5ganom underst\u00f6d ocke f\u00f6rr\u00e4n vid detta tillf\u00e4lle blivit till pastor anm\u00e4ld och s\u00e5ledes icke heller detta \u00f6verl\u00e4ggnings\u00e4mne kunnat fr\u00e5n predikstolen kung\u00f6ras, s\u00e5 en\u00e4r f\u00f6rh\u00e5llandet om beh\u00f6vligheten av n\u00e5got underst\u00f6d f\u00f6r Tengmans \u00e4nka vitsordades av de flesta n\u00e4rvarande sockensledam\u00f6ter och upp\u00e5 deras beg\u00e4ran upptogs denna fr\u00e5ga till bepr\u00f6vning och beviljades f\u00f6r tillf\u00e4llet ett underst\u00f6d av 2 Rd Rgs samt 1\/4 tunna r\u00e5g \u00e5t n\u00e4mndeman Tengmans \u00e4nka<\/em>.<\/p>\n\n\n\n<p><em>S\u00e5lunda beslutat intyga \u00e5 f\u00f6rsamlingens v\u00e4gnar<\/em><\/p>\n\n\n\n<p><em>J.D Westholm Ordf\u00f6rande, pastor<\/em><\/p>\n\n\n\n<h3 class=\"wp-block-heading\">Kommentar<\/h3>\n\n\n\n<p>H\u00e4r f\u00e5r vi det formella beslutet p\u00e5 tidigare ber\u00e4ttelse om Anna Stina Gr\u00f6nbergs \u00f6de (se <a href=\"https:\/\/www.ljusnaren.se\/index.php\/2025\/01\/02\/1840-04-12\/\" data-type=\"post\" data-id=\"178\">protokoll 1840-04-12<\/a> och <a href=\"https:\/\/www.ljusnaren.se\/index.php\/2025\/01\/10\/1840-12-06\/\" data-type=\"post\" data-id=\"359\">protokoll 1840-12-06<\/a>)<\/p>\n\n\n\n<p><\/p>\n","protected":false},"excerpt":{"rendered":"<p>Anna Stina Gr\u00f6nberg som vi tr\u00e4ffat tidigare under 1840 i protokollen har efter en tid p\u00e5 \u00d6rebro lasarett med sin fallandesjuka nu bed\u00f6mts som obotlig och det formella beslutet att f\u00e5 henne inl\u00f6st till Vadstena tas nu&#8230; \u00c5r 1841 d 4 juli h\u00f6lls allm\u00e4n sockenst\u00e4mma med Ljusnarsbergs f\u00f6rsamling efter d\u00e4rom samma dag utf\u00e4rdade kung\u00f6relse med [&hellip;]<\/p>\n","protected":false},"author":1,"featured_media":427,"comment_status":"closed","ping_status":"closed","sticky":false,"template":"","format":"standard","meta":{"footnotes":""},"categories":[122,21],"tags":[90,31,92,91,74],"class_list":["post-436","post","type-post","status-publish","format-standard","has-post-thumbnail","hentry","category-122","category-sockenstammoprotokoll","tag-epilepsi","tag-fallandesot","tag-gronberg","tag-orebro-lasarett","tag-vadstena-hospital"],"_links":{"self":[{"href":"https:\/\/www.ljusnaren.se\/index.php\/wp-json\/wp\/v2\/posts\/436","targetHints":{"allow":["GET"]}}],"collection":[{"href":"https:\/\/www.ljusnaren.se\/index.php\/wp-json\/wp\/v2\/posts"}],"about":[{"href":"https:\/\/www.ljusnaren.se\/index.php\/wp-json\/wp\/v2\/types\/post"}],"author":[{"embeddable":true,"href":"https:\/\/www.ljusnaren.se\/index.php\/wp-json\/wp\/v2\/users\/1"}],"replies":[{"embeddable":true,"href":"https:\/\/www.ljusnaren.se\/index.php\/wp-json\/wp\/v2\/comments?post=436"}],"version-history":[{"count":4,"href":"https:\/\/www.ljusnaren.se\/index.php\/wp-json\/wp\/v2\/posts\/436\/revisions"}],"predecessor-version":[{"id":569,"href":"https:\/\/www.ljusnaren.se\/index.php\/wp-json\/wp\/v2\/posts\/436\/revisions\/569"}],"wp:featuredmedia":[{"embeddable":true,"href":"https:\/\/www.ljusnaren.se\/index.php\/wp-json\/wp\/v2\/media\/427"}],"wp:attachment":[{"href":"https:\/\/www.ljusnaren.se\/index.php\/wp-json\/wp\/v2\/media?parent=436"}],"wp:term":[{"taxonomy":"category","embeddable":true,"href":"https:\/\/www.ljusnaren.se\/index.php\/wp-json\/wp\/v2\/categories?post=436"},{"taxonomy":"post_tag","embeddable":true,"href":"https:\/\/www.ljusnaren.se\/index.php\/wp-json\/wp\/v2\/tags?post=436"}],"curies":[{"name":"wp","href":"https:\/\/api.w.org\/{rel}","templated":true}]}}