{"id":440,"date":"2025-01-19T18:40:13","date_gmt":"2025-01-19T18:40:13","guid":{"rendered":"https:\/\/www.ljusnaren.se\/?p=440"},"modified":"2025-04-27T18:46:33","modified_gmt":"2025-04-27T18:46:33","slug":"1841-07-25","status":"publish","type":"post","link":"https:\/\/www.ljusnaren.se\/index.php\/2025\/01\/19\/1841-07-25\/","title":{"rendered":"1841-07-25"},"content":{"rendered":"\n<p>Kyrkans ljuskronor har sotats och en kostnad f\u00f6r upputsning lockar inte st\u00e4mmans ledam\u00f6ter att binda sig till. Men arbetaren p\u00e5 Krokfors, Berndt, har kikat p\u00e5 fr\u00e5gan och har ett erbjudande&#8230;.<\/p>\n\n\n\n<p>&#8221;jag kan g\u00f6ra jobbet f\u00f6r 4500kr&#8221;<\/p>\n\n\n\n<h3 class=\"wp-block-heading\">Efter 14 dagars f\u00f6rut skedd p\u00e5lysning med tillk\u00e4nnagivande av \u00e4mnena f\u00f6r \u00f6verl\u00e4ggningarna h\u00f6lls allm\u00e4n sockenst\u00e4mma med Ljusnarsbergs f\u00f6rsamling den 25:e jul 1841.<\/h3>\n\n\n\n<p><\/p>\n\n\n\n<p><em>\u00a71. D\u00e5 redan f\u00f6rliden h\u00f6st det \u00e5 sockenst\u00e4mma blivit f\u00f6redraget behovet av kyrkans ljuskronors, stakars och lampetters reng\u00f6ring och upputsning, framst\u00e4lldes nu ytterligare detta \u00e4rende till sockenst\u00e4mmans ompr\u00f6vande. Arbetaren Berndt vid Krokfors upplyste att dessa kyrkans tillh\u00f6righeter endast beh\u00f6vde skuras f\u00f6r att erh\u00e5lla ett prydligt utseende, s\u00e5 att polering, vilket f\u00f6rorsakade en drygare kostnad kunde undvikas, samt erbj\u00f6d sig att detta arbete fullg\u00f6ra f\u00f6r 50 Rd Rgs. F\u00f6rsamlingens n\u00e4rvarande ledam\u00f6ter sade sig v\u00e4l vara h\u00e5gade att anta Berndts tillbud, men \u00f6nskade att han uti denna vecka ville n\u00e4rmare efterse om arbetet kunde verkst\u00e4llas f\u00f6r n\u00e5got lindrigare. D\u00e5 Berndt d\u00e4rtill l\u00e4mnade sitt bifall besl\u00f6ts att detta \u00e4rende skulle till slutligt avg\u00f6rande f\u00f6retas \u00e5 den sockenst\u00e4mma som \u00e4r utlyst att h\u00e5llas n\u00e4stkommande s\u00f6ndag.<\/em><\/p>\n\n\n\n<p><em>\u00a72. Ordf\u00f6randen tilllk\u00e4nnagav att dalkarlen Lars Nilsson fr\u00e5n Malungs socken hade under sitt l\u00e5ngvariga dristande uti denna socken varje s\u00f6ndag, som han bevistat gudstj\u00e4nsten lagt i h\u00e5ven silvermynt, till s\u00e5 stort belopp att det kunde anses vida \u00f6vertr\u00e4ffa hans arbetsf\u00f6rtj\u00e4nst f\u00f6r hela veckan, samt att han hade hustru och barn, vilka befann sig i torftiga omst\u00e4ndigheter. De dessa hos f\u00f6rsamlingens kyrkoherde anh\u00e5llit att, i likhet med vad som i tvenne andra f\u00f6rsamlingar \u00e4gt rum, \u00e5terf\u00e5 dessa penningar, hade ordf\u00f6randen hos H\u00f6g. Domkapitlet gjort f\u00f6rfr\u00e5gan, huruvida han kunde \u00e4ga r\u00e4tt att dessa av Lars Nilsson till kyrkan sk\u00e4nkta medel till hans hustru och barn \u00e5terst\u00e4lla, varp\u00e5 det svar erh\u00e5llits, att f\u00f6rsamlingens tankar d\u00e4r\u00f6ver, f\u00f6rst borde i allm\u00e4n sockenst\u00e4mma inh\u00e4mtas.<\/em><br><em>F\u00f6rsamlingens ledam\u00f6ter ans\u00e5g det vore \u00f6verenst\u00e4mmande med billighet att \u00e5tminstone 3\/4 av det silvermynt som Lars Nilsson lagt i h\u00e5ven borde till hans hustru och barn \u00e5terl\u00e4mnas, i synnerhet som upplyst blivit blivit, att han de senare \u00e5ren ej det ringaste bidrag till deras underst\u00f6d. Ordf\u00f6randen skulle f\u00f6rsamlingens tankar i detta m\u00e5l delge H\u00f6gv. Domkapitlet i V\u00e4ster\u00e5s f\u00f6r att dess pr\u00f6vning underst\u00e4lla.<\/em><\/p>\n\n\n\n<p><em>\u00a73. F\u00f6ljande utdrag av bergsr\u00e4ttens protokoll av den 28:e juni detta \u00e5r, uppl\u00e4sts ord f\u00f6r ord s\u00e5 lydande:<\/em><\/p>\n\n\n\n<p class=\"has-text-align-left\"><em>&#8221;Publikt m\u00e5l&#8221;<\/em><\/p>\n\n\n\n<p class=\"has-text-align-left\"><em><br>&#8221;Utdrag af protocollet h\u00e5llet vid Bergslagets Allm\u00e4nna sammankomst inf\u00f6r Bergsr\u00e4tten den 28:e juni 1841 \u00a719 Orgelnisten i denna f\u00f6rsamling, Hr Directeuren Hellstr\u00f6m hade uti ingifven skrift anh\u00e5llit att i likhet med sin f\u00f6retr\u00e4dare blifva tillerk\u00e4nd det bidrag till dess L\u00f6neinkomster, i och f\u00f6r Skolm\u00e4stare tjensten, som varit anslaget utur Magazinet med Tv\u00e5 Tunnor R\u00e5g, en Tunna Korn och en Tunna Hafra; likasom att f\u00e5 de \u00e4fven f\u00f6rut anslagna Tio stafrum Ved. BergsR\u00e4tten och Bergslagets n\u00e4rvarande Interesenter f\u00f6rklarade sig beredvilla tillerk\u00e4nna Direct\u00f6r Hellstr\u00f6m det l\u00f6nebidrag i s\u00e4d, som dess f\u00f6retr\u00e4dare uppburit, men ans\u00e5go att d\u00e5 Skolm\u00e4starens afl\u00f6ning var en f\u00f6r socknen gemensam angel\u00e4genhet, borde den ock af Socknens allm\u00e4nna Cassa bestridas: och alldenstund beslut h\u00e4rom kan fattas endast p\u00e5 sockenst\u00e4mma, skulle genom utdrag av detta protocoll V\u00f6rdige Pastors Embetet inom F\u00f6rsamlingen delgifvas denna Bergslags. Interesenternas \u00e5sigt tillika med de nu n\u00e4rvarandes f\u00f6rklarande att de, d\u00e5 vid blifvande sockenst\u00e4mma denna sak f\u00f6rekommer, skola enh\u00e4lligt underst\u00f6dja densammas bevijande. Hvad den beg\u00e4rde Veden betr\u00e4ffar \u00e4r Bergslaget ej \u00e5 tillf\u00e4lle att vidare g\u00f6ra detta anslag sedan den \u00e5rliga vedskatten med Ortens allm\u00e4nna skattl\u00e4ggning upph\u00f6rt. \u00c5r och dag f\u00f6reskrifna<\/em>.<\/p>\n\n\n\n<p class=\"has-text-align-right\"><em>P\u00e5 Bergsr\u00e4ttens v\u00e4gnar<br>B.G Bredberg&#8221;<\/em><\/p>\n\n\n\n<p><\/p>\n\n\n\n<p>S<em>edan denna skrift blivit uppl\u00e4st, inst\u00e4mde de n\u00e4rvarande sockenn\u00e4nnen enh\u00e5lligt denna bergslags intressenters \u00e5sikt och besl\u00f6t att de tvenne tunnor r\u00e5g, en tunna kort och en tunna havre, som hittills utg\u00e5tt av bergslagsmagasinet, s\u00e5som l\u00f6nebidrag \u00e5t lancasterl\u00e4raren, nu och h\u00e4danefter ska utg\u00e5 \u00e5t socknens s\u00e5 kallade byggnadskassa och \u00e4ger denna kassas f\u00f6rest\u00e5ndare att detta l\u00f6nebidrag till innehavaren av skolm\u00e4startj\u00e4nsten vid ny\u00e5rstiden \u00e5rligen utbetala antingen i natura eller i penningar efter i denna ort vid nyss n\u00e4mnda tid g\u00e5ngbara pris enligt skolm\u00e4starens eget gottfinnande. Och som den nu varande l\u00e4raren herr direkt\u00f6r Hellstr\u00f6m helst \u00f6nskade att f\u00f6r sin tid erh\u00e5lla ofta n\u00e4mnda l\u00f6nebidrag i penningar, s\u00e5 besl\u00f6ts att l\u00f6sa d\u00e4r f\u00f6re under nu f\u00f6rflutna l\u00f6nings\u00e5r fr\u00e5n maj 1840 till s. t 1841, varunder herr Hellstr\u00f6m denna l\u00f6nef\u00f6rm\u00e5n \u00e4nnu ej f\u00e5tt uppb\u00e4ra, med det f\u00f6rsta skulle av kassans f\u00f6rvaltare utbetalas till et sammanr\u00e4knat belopp av 48 Rd 12 S Rgs. Vad den beg\u00e4rda veden betr\u00e4ffar, ans\u00e5g den av f\u00f6rsamlingens ledam\u00f6ter en\u00e4r skolm\u00e4startj\u00e4nsten nu mera \u00e4r f\u00f6renad med organist- och klockarbest\u00e4llningen s\u00e5som mindre beh\u00f6vliga. Till skolrummets uppv\u00e4rmning under den kallare \u00e5rstiden skulle medel f\u00f6rskjutas av skolfonden till det belopp som behovet kunde p\u00e5kalla.<\/em><\/p>\n\n\n\n<p><em>S\u00e5lunda beslutat samt uppl\u00e4st och erk\u00e4nt intyga \u00e5 f\u00f6rsamlingens v\u00e4gnar<\/em><\/p>\n\n\n\n<p><em>J.D Westholm Ordf\u00f6rande, pastor<br>A.Magnusson<br>Jan Eric Jansson<\/em><\/p>\n\n\n\n<figure class=\"wp-block-image size-full is-resized\"><img loading=\"lazy\" decoding=\"async\" width=\"1024\" height=\"1024\" src=\"https:\/\/www.ljusnaren.se\/wp-content\/uploads\/2025\/01\/Berndt.jpg\" alt=\"\" class=\"wp-image-441\" style=\"width:1199px;height:auto\" srcset=\"https:\/\/www.ljusnaren.se\/wp-content\/uploads\/2025\/01\/Berndt.jpg 1024w, https:\/\/www.ljusnaren.se\/wp-content\/uploads\/2025\/01\/Berndt-300x300.jpg 300w, https:\/\/www.ljusnaren.se\/wp-content\/uploads\/2025\/01\/Berndt-150x150.jpg 150w, https:\/\/www.ljusnaren.se\/wp-content\/uploads\/2025\/01\/Berndt-768x768.jpg 768w\" sizes=\"auto, (max-width: 1024px) 100vw, 1024px\" \/><\/figure>\n\n\n\n<h3 class=\"wp-block-heading\">Kommentar<\/h3>\n\n\n\n<p>Vem Berndt var, kan vi inte veta. Det finns ingen mantalsskriven person med det namnet i Ljusnarsberg under 1840-talet. \u00c5 andra sidan s\u00e5 fanns det m\u00e5nga personer boende i socknen som aldrig skrevs in i l\u00e4ngderna &#8211; <\/p>\n\n\n\n<p>Berndts erbjudande var aningen f\u00f6r h\u00f6gt f\u00f6r st\u00e4mman och i n\u00e4sta protokoll ska vi f\u00e5 veta om budet justerats.<\/p>\n\n\n\n<p><\/p>\n","protected":false},"excerpt":{"rendered":"<p>Kyrkans ljuskronor har sotats och en kostnad f\u00f6r upputsning lockar inte st\u00e4mmans ledam\u00f6ter att binda sig till. Men arbetaren p\u00e5 Krokfors, Berndt, har kikat p\u00e5 fr\u00e5gan och har ett erbjudande&#8230;. &#8221;jag kan g\u00f6ra jobbet f\u00f6r 4500kr&#8221; Efter 14 dagars f\u00f6rut skedd p\u00e5lysning med tillk\u00e4nnagivande av \u00e4mnena f\u00f6r \u00f6verl\u00e4ggningarna h\u00f6lls allm\u00e4n sockenst\u00e4mma med Ljusnarsbergs f\u00f6rsamling den [&hellip;]<\/p>\n","protected":false},"author":1,"featured_media":441,"comment_status":"closed","ping_status":"closed","sticky":false,"template":"","format":"standard","meta":{"footnotes":""},"categories":[122,21],"tags":[],"class_list":["post-440","post","type-post","status-publish","format-standard","has-post-thumbnail","hentry","category-122","category-sockenstammoprotokoll"],"_links":{"self":[{"href":"https:\/\/www.ljusnaren.se\/index.php\/wp-json\/wp\/v2\/posts\/440","targetHints":{"allow":["GET"]}}],"collection":[{"href":"https:\/\/www.ljusnaren.se\/index.php\/wp-json\/wp\/v2\/posts"}],"about":[{"href":"https:\/\/www.ljusnaren.se\/index.php\/wp-json\/wp\/v2\/types\/post"}],"author":[{"embeddable":true,"href":"https:\/\/www.ljusnaren.se\/index.php\/wp-json\/wp\/v2\/users\/1"}],"replies":[{"embeddable":true,"href":"https:\/\/www.ljusnaren.se\/index.php\/wp-json\/wp\/v2\/comments?post=440"}],"version-history":[{"count":5,"href":"https:\/\/www.ljusnaren.se\/index.php\/wp-json\/wp\/v2\/posts\/440\/revisions"}],"predecessor-version":[{"id":567,"href":"https:\/\/www.ljusnaren.se\/index.php\/wp-json\/wp\/v2\/posts\/440\/revisions\/567"}],"wp:featuredmedia":[{"embeddable":true,"href":"https:\/\/www.ljusnaren.se\/index.php\/wp-json\/wp\/v2\/media\/441"}],"wp:attachment":[{"href":"https:\/\/www.ljusnaren.se\/index.php\/wp-json\/wp\/v2\/media?parent=440"}],"wp:term":[{"taxonomy":"category","embeddable":true,"href":"https:\/\/www.ljusnaren.se\/index.php\/wp-json\/wp\/v2\/categories?post=440"},{"taxonomy":"post_tag","embeddable":true,"href":"https:\/\/www.ljusnaren.se\/index.php\/wp-json\/wp\/v2\/tags?post=440"}],"curies":[{"name":"wp","href":"https:\/\/api.w.org\/{rel}","templated":true}]}}