{"id":541,"date":"2025-01-21T17:31:33","date_gmt":"2025-01-21T17:31:33","guid":{"rendered":"https:\/\/www.ljusnaren.se\/?p=541"},"modified":"2025-04-27T18:46:33","modified_gmt":"2025-04-27T18:46:33","slug":"1841-08-01","status":"publish","type":"post","link":"https:\/\/www.ljusnaren.se\/index.php\/2025\/01\/21\/1841-08-01\/","title":{"rendered":"1841-08-01"},"content":{"rendered":"\n<p>Berndt drog tillbaka sitt erbjudande d\u00e5 han insett att han inte kunde g\u00f6ra jobbet enligt sin offert, varf\u00f6r fr\u00e5gan gick vidare till kyrksnickaren J. Hellander som fick uppdraget att prova reng\u00f6ra en ljush\u00e5llare&#8230;<\/p>\n\n\n\n<h3 class=\"wp-block-heading\">\u00c5r 1841 den 1:a augusti h\u00f6lls allm\u00e4n sockenst\u00e4mma med Ljusnarsbergs f\u00f6rsamling efter f\u00f6rut skedd laglig p\u00e5lysning och tillk\u00e4nnagivande av \u00f6verl\u00e4ggnings\u00e4mnena.<\/h3>\n\n\n\n<p><em>\u00a71. Ordf\u00f6randen uppl\u00e4ste en s\u00e5 lydande skrivelse:<\/em><\/p>\n\n\n\n<p><em>&#8221;Till pastors\u00e4mbetet i Ljusnarsbergs f\u00f6rsamling. Anh\u00e5lla \u00f6dmjukast f\u00e5 sockenst\u00e4mma utlyst, att h\u00e5llas idag \u00e5tta dagar till, i \u00e4mne att h\u00f6ra f\u00f6rsamlingen \u00f6ver projekt, att dels bortta, dels f\u00f6rbeg\u00e5 de \u00e5 allm\u00e4nna landsv\u00e4garna befintliga backar, huruvida f\u00f6rsamlingen vill bidra till kostnadsf\u00f6rslag d\u00e4r\u00f6ver, samt delta i omkostnaden f\u00f6r att komma i tillf\u00e4lle att f\u00e5 bidrag d\u00e4rtill av de medel, Staten till l\u00e4ttade och f\u00f6rb\u00e4ttrade kommunikationer anslagit.<br>Ljusnarsberg den 25:e juli 1841<br>Eric Cederbergh, Johan Niclas Eriksson, P.A Carlberg&#8221;<\/em><\/p>\n\n\n\n<p><em>Med anledning h\u00e4r av besl\u00f6t sockenm\u00e4nnen att p\u00e5 sin bekostnad l\u00e5ta uppr\u00e4tta n\u00e4mnda kostnadsf\u00f6rslag av lantm\u00e4tare och utsocknes gode m\u00e4n. Likv\u00e4l skulle dessf\u00f6rinnan n\u00e5gra f\u00f6rsamlingens ledam\u00f6ter besiktiga allm\u00e4nna landsv\u00e4garna inom socknen och uppg\u00f6ra ett interimf\u00f6rslag \u00f6ver kostnaden \u00e5 den av ovanskrivna herrar f\u00f6rslagna v\u00e4gf\u00f6rb\u00e4ttring; och blev \u00e5 f\u00f6lja h\u00e4r av herr inspekt\u00f6r A. Magnusson p\u00e5 Stj\u00e4rnfors utsedda mot ett arvode av 1 Rd Banco f\u00f6r varje dag denna besiktning f\u00f6reta bitr\u00e4dd av n\u00e5gra sockenm\u00e4n, vilka han sj\u00e4lv d\u00e4rtill utser och tvenne arbetskarlar vilka erh\u00e5lla vanlig dagspenning. S\u00e5 framt den projekterade v\u00e4gf\u00f6rb\u00e4ttringen kommer att f\u00f6retas, b\u00f6r \u00e4garna till marken d\u00e4r nya v\u00e4gar m\u00e5ste anl\u00e4ggas, utan n\u00e5gon ers\u00e4ttning den tillsl\u00e4ppa. \u00c4venledes besl\u00f6ts att de som givit f\u00f6rslag till v\u00e4gf\u00f6rb\u00e4ttringen b\u00f6r dra f\u00f6rsorg om lantm\u00e4tares och gode m\u00e4ns kallande till uppg\u00f6rande av det kostnadsf\u00f6rslag som till vederb\u00f6rande b\u00f6r ing\u00e5, f\u00f6r att kunna erh\u00e5lla bidrag av de till v\u00e4gf\u00f6rb\u00e4ttringen anslagna statsmedel.<\/em><\/p>\n\n\n\n<p><em>\u00a72. Med anledning av konungens h\u00f6ga befallningshavande i l\u00e4net f\u00f6rliden s\u00f6ndag uppl\u00e4sta kung\u00f6relse inneh\u00e5llande Kongl. Majts till dess kammarkollegium st\u00e4llda n\u00e5diga skrivelse, r\u00f6rande r\u00f6rande den av rikets sist f\u00f6rsamlade st\u00e4nder i n\u00e5der f\u00f6rslagna framflyttningen av tiden f\u00f6r markg\u00e5ngss\u00e4ttningen tillspordes f\u00f6rsamlingens ledam\u00f6ter, vilken tid de f\u00f6r denna f\u00f6rr\u00e4ttning ans\u00e5g vara den tj\u00e4nligaste, varp\u00e5 sockenm\u00e4nnen avgav det svar, att markeg\u00e5ngss\u00e4ttningen borde f\u00f6rr\u00e4ttas i b\u00f6rjan av februari m\u00e5nad eller n\u00e4st efter den i \u00d6rebro infallande Hindricsm\u00e4ssomarknad, d\u00e4r i synnerhet priserna \u00e5 spannm\u00e5l f\u00f6r detta l\u00e4ns bergslagsorter bli f\u00f6r \u00e5ret best\u00e4mda.<\/em><\/p>\n\n\n\n<p><em>\u00a73. Till f.d vagnsmakaren Ljunggren beviljades medel till en ny skjorta, samt besl\u00f6ts att han till vintern borde inackorderas p\u00e5 n\u00e5got tj\u00e4nligt st\u00e4lle. \u00c5t Dal-Annas som Fredric som nu var 17 \u00e5r gammal men utan n\u00e5got kl\u00e4desplagg att skyla sig med beviljades en kl\u00e4dning av bolstervar.<\/em><\/p>\n\n\n\n<p><em>\u00a74. Sedan Berndt vid Krokfors, efter (\u2026) p\u00e5seende av kyrkans ljuskronor m. tillk\u00e4nnagivit att han ej dit \u00e5 sisth\u00e5llna sockenst\u00e4mma beg\u00e4rda pris kunde de samma reng\u00f6ra, hade kyrksnickaren J. Hellander uti ingiven skrift erbjudit att samma arbete verkst\u00e4lla f\u00f6r 40 Rd Rgs. F\u00f6rsamlingens nu n\u00e4rvarande ledam\u00f6ter ans\u00e5g \u00e4ven detta pris f\u00f6r h\u00f6gt, och besl\u00f6t att kyrksnickaren skulle (\u2026) provreng\u00f6ra en av ljuskronorna.<\/em><\/p>\n\n\n\n<p><em>S\u00e5lunda \u00f6verenskommet och beslutat samt uppl\u00e4st och erk\u00e4nt intyga \u00e5 f\u00f6rsamlingens v\u00e4gnar &#8211; under pastors fr\u00e5nvaro<\/em>.<\/p>\n\n\n\n<p><em>J. P Strandell, komminister<br>A Magnusson<br>Jan Eric Jansson<\/em><\/p>\n\n\n\n<p><\/p>\n","protected":false},"excerpt":{"rendered":"<p>Berndt drog tillbaka sitt erbjudande d\u00e5 han insett att han inte kunde g\u00f6ra jobbet enligt sin offert, varf\u00f6r fr\u00e5gan gick vidare till kyrksnickaren J. Hellander som fick uppdraget att prova reng\u00f6ra en ljush\u00e5llare&#8230; \u00c5r 1841 den 1:a augusti h\u00f6lls allm\u00e4n sockenst\u00e4mma med Ljusnarsbergs f\u00f6rsamling efter f\u00f6rut skedd laglig p\u00e5lysning och tillk\u00e4nnagivande av \u00f6verl\u00e4ggnings\u00e4mnena. \u00a71. Ordf\u00f6randen [&hellip;]<\/p>\n","protected":false},"author":1,"featured_media":559,"comment_status":"closed","ping_status":"closed","sticky":false,"template":"","format":"standard","meta":{"footnotes":""},"categories":[122,30,21],"tags":[103,62,102,104],"class_list":["post-541","post","type-post","status-publish","format-standard","has-post-thumbnail","hentry","category-122","category-kyrkan","category-sockenstammoprotokoll","tag-kladesplagg","tag-kyrkan","tag-ljushallare","tag-markgangssattning"],"_links":{"self":[{"href":"https:\/\/www.ljusnaren.se\/index.php\/wp-json\/wp\/v2\/posts\/541","targetHints":{"allow":["GET"]}}],"collection":[{"href":"https:\/\/www.ljusnaren.se\/index.php\/wp-json\/wp\/v2\/posts"}],"about":[{"href":"https:\/\/www.ljusnaren.se\/index.php\/wp-json\/wp\/v2\/types\/post"}],"author":[{"embeddable":true,"href":"https:\/\/www.ljusnaren.se\/index.php\/wp-json\/wp\/v2\/users\/1"}],"replies":[{"embeddable":true,"href":"https:\/\/www.ljusnaren.se\/index.php\/wp-json\/wp\/v2\/comments?post=541"}],"version-history":[{"count":3,"href":"https:\/\/www.ljusnaren.se\/index.php\/wp-json\/wp\/v2\/posts\/541\/revisions"}],"predecessor-version":[{"id":561,"href":"https:\/\/www.ljusnaren.se\/index.php\/wp-json\/wp\/v2\/posts\/541\/revisions\/561"}],"wp:featuredmedia":[{"embeddable":true,"href":"https:\/\/www.ljusnaren.se\/index.php\/wp-json\/wp\/v2\/media\/559"}],"wp:attachment":[{"href":"https:\/\/www.ljusnaren.se\/index.php\/wp-json\/wp\/v2\/media?parent=541"}],"wp:term":[{"taxonomy":"category","embeddable":true,"href":"https:\/\/www.ljusnaren.se\/index.php\/wp-json\/wp\/v2\/categories?post=541"},{"taxonomy":"post_tag","embeddable":true,"href":"https:\/\/www.ljusnaren.se\/index.php\/wp-json\/wp\/v2\/tags?post=541"}],"curies":[{"name":"wp","href":"https:\/\/api.w.org\/{rel}","templated":true}]}}