{"id":543,"date":"2025-01-27T15:00:15","date_gmt":"2025-01-27T15:00:15","guid":{"rendered":"https:\/\/www.ljusnaren.se\/?p=543"},"modified":"2025-04-27T18:46:33","modified_gmt":"2025-04-27T18:46:33","slug":"1841-08-29","status":"publish","type":"post","link":"https:\/\/www.ljusnaren.se\/index.php\/2025\/01\/27\/1841-08-29\/","title":{"rendered":"1841-08-29"},"content":{"rendered":"\n<p>Ynglingen Carl August har legat hos doktor Dahlin en tid f\u00f6r behandling av hans br\u00e4nnskador. Vart det skedde eller vad som f\u00f6rorsakat denna olycka \u00e4r ok\u00e4nt, men vi kan gissa att det skett i en garning i en hytta, en kolmila eller motsvarande hett jobb&#8230;.<\/p>\n\n\n\n<h3 class=\"wp-block-heading\">\u00c5r 1841 den 29:e augusti h\u00f6lls allm\u00e4n sockenst\u00e4mma med Ljusnarsbergs f\u00f6rsamling efter d\u00e4rom samma dag skedd p\u00e5lysning.<\/h3>\n\n\n\n<p><em>\u00a71. Uppl\u00e4stes landsh\u00f6vdinge\u00e4mbetets r\u00f6rande fallsjuka kvinnorna, \u00e4nkan Anna Stina Persdotter fr\u00e5n Skomakarb\u00e4cken och Anna Stina Gr\u00f6nbergs fr\u00e5n Dammen intagande \u00e5 Vadstena hospital. Varefter pastor hemst\u00e4llde till f\u00f6rsamlingens ompr\u00f6vande vilken utv\u00e4g borde vidtas f\u00f6r bem\u00e4lda kvinnors avf\u00f6rande ifr\u00e5n \u00d6rebro till Vadstena. Efter n\u00e5gon stunds \u00f6verl\u00e4ggning anmodades pastor att skriva till hospitalssysslomannen herr kamrer Bellqvist med f\u00f6rfr\u00e5gan om han ville g\u00e5 i f\u00f6rfattning att i \u00d6rebro vidtala n\u00e5gon p\u00e5litlig person, som avf\u00f6ra dess kvinnor till Vadstena.<\/em><\/p>\n\n\n\n<p><em>\u00a72. F\u00f6redrogs en r\u00e4kning av C.E Lindstr\u00f6m i Nora f\u00f6r tvenne m\u00e5naders kost och rum \u00e5t br\u00e4nnskadade gossen Carl August Andersson fr\u00e5n Krokforskvarn, vilken legat under herr doktor Dahlins l\u00e4karv\u00e5rd i Nora. F\u00f6rsamlingen medgav att denna r\u00e4kning uppg\u00e5ende till 18 Rd Rgs, skulle f\u00f6rskottsvis av fattigkassan betalas: men ans\u00e5g att gossens blivande husbonde borde n\u00e4r gossen vore arbetsf\u00f6r efter hand \u00e5terg\u00e4lda denna summa; \u00e5terbetalningen f\u00f6rdelad p\u00e5 trenne \u00e5r.<\/em><\/p>\n\n\n\n<p><em>S\u00e5lunda \u00f6verenskommet och beslutat intyga \u00e5 f\u00f6rsamlingens v\u00e4gnar<\/em><\/p>\n\n\n\n<p><em>J.D Westholm, ordf\u00f6rande pastor<\/em><\/p>\n\n\n\n<p><\/p>\n","protected":false},"excerpt":{"rendered":"<p>Ynglingen Carl August har legat hos doktor Dahlin en tid f\u00f6r behandling av hans br\u00e4nnskador. Vart det skedde eller vad som f\u00f6rorsakat denna olycka \u00e4r ok\u00e4nt, men vi kan gissa att det skett i en garning i en hytta, en kolmila eller motsvarande hett jobb&#8230;. \u00c5r 1841 den 29:e augusti h\u00f6lls allm\u00e4n sockenst\u00e4mma med Ljusnarsbergs [&hellip;]<\/p>\n","protected":false},"author":1,"featured_media":548,"comment_status":"closed","ping_status":"closed","sticky":false,"template":"","format":"standard","meta":{"footnotes":""},"categories":[26,93,24,21],"tags":[105,89,92,74],"class_list":["post-543","post","type-post","status-publish","format-standard","has-post-thumbnail","hentry","category-brand","category-olycka","category-sjukdom","category-sockenstammoprotokoll","tag-brandskada","tag-fallandesjuka","tag-gronberg","tag-vadstena-hospital"],"_links":{"self":[{"href":"https:\/\/www.ljusnaren.se\/index.php\/wp-json\/wp\/v2\/posts\/543","targetHints":{"allow":["GET"]}}],"collection":[{"href":"https:\/\/www.ljusnaren.se\/index.php\/wp-json\/wp\/v2\/posts"}],"about":[{"href":"https:\/\/www.ljusnaren.se\/index.php\/wp-json\/wp\/v2\/types\/post"}],"author":[{"embeddable":true,"href":"https:\/\/www.ljusnaren.se\/index.php\/wp-json\/wp\/v2\/users\/1"}],"replies":[{"embeddable":true,"href":"https:\/\/www.ljusnaren.se\/index.php\/wp-json\/wp\/v2\/comments?post=543"}],"version-history":[{"count":8,"href":"https:\/\/www.ljusnaren.se\/index.php\/wp-json\/wp\/v2\/posts\/543\/revisions"}],"predecessor-version":[{"id":618,"href":"https:\/\/www.ljusnaren.se\/index.php\/wp-json\/wp\/v2\/posts\/543\/revisions\/618"}],"wp:featuredmedia":[{"embeddable":true,"href":"https:\/\/www.ljusnaren.se\/index.php\/wp-json\/wp\/v2\/media\/548"}],"wp:attachment":[{"href":"https:\/\/www.ljusnaren.se\/index.php\/wp-json\/wp\/v2\/media?parent=543"}],"wp:term":[{"taxonomy":"category","embeddable":true,"href":"https:\/\/www.ljusnaren.se\/index.php\/wp-json\/wp\/v2\/categories?post=543"},{"taxonomy":"post_tag","embeddable":true,"href":"https:\/\/www.ljusnaren.se\/index.php\/wp-json\/wp\/v2\/tags?post=543"}],"curies":[{"name":"wp","href":"https:\/\/api.w.org\/{rel}","templated":true}]}}