{"id":630,"date":"2025-01-29T19:51:24","date_gmt":"2025-01-29T19:51:24","guid":{"rendered":"https:\/\/www.ljusnaren.se\/?p=630"},"modified":"2025-04-27T18:46:20","modified_gmt":"2025-04-27T18:46:20","slug":"1841-11-28","status":"publish","type":"post","link":"https:\/\/www.ljusnaren.se\/index.php\/2025\/01\/29\/1841-11-28\/","title":{"rendered":"1841-11-28"},"content":{"rendered":"\n<p>Det finns gott om mossar och myrar att dika ur, f\u00f6r att s\u00e4tta mark i begagnbart skick, tillika vad man ska g\u00f6ra med v\u00e4garna. St\u00e4mman inser de beh\u00f6ver en kommitt\u00e9 f\u00f6r att ta fr\u00e5gan vidare&#8230;.<\/p>\n\n\n\n<h3 class=\"wp-block-heading\">\u00c5r 1841 d. 28:e November h\u00f6lls allm\u00e4n Sockenst\u00e4mma med Ljusnarsbergs f\u00f6rsamling, efter derom skedd laglig p\u00e5lysning med tillk\u00e4nnagivande av \u00e4mnena f\u00f6r \u00f6verl\u00e4ggningarna.<\/h3>\n\n\n\n<p><em>\u00a71. Med anledning av Konungens befallningshavandes i l\u00e4net infordrade upplysningar r\u00f6rande s\u00e5 varde inom denna socken socken befintliga betydliga myrar, mossar eller k\u00e4rrtrakter, vilka genom utdikningar kunna s\u00e4ttas i begagnbart skick som ock de \u00e5 de stora str\u00e5kv\u00e4garna hinderliga och besv\u00e4rliga backar m.m. vilka f\u00f6r v\u00e4gfarandes bekv\u00e4mlighet och i synnerhet f\u00f6r forors transporterande kunna kringg\u00e5s eller borttagas, men vilka arbeten icke utan bidrag av statsmedlen kunna av ortens innev\u00e5nare verkst\u00e4llas, hade sockenm\u00e4nnen blivit till idag kallade f\u00f6r att h\u00e4r \u00f6ver i allm\u00e4n sockenst\u00e4mma h\u00f6ras och sitt utl\u00e5tande avgiva. Efter n\u00e5gon \u00f6verl\u00e4ggning besl\u00f6t f\u00f6rsamlingens nu (\u2026) f\u00f6rsamlade ledam\u00f6ter att f\u00f6r detta \u00e4ndam\u00e5l utv\u00e4lja en kommitt\u00e9 vilken \u00e4gde att upps\u00e4tta f\u00f6rslag till bet\u00e4nkande i ovann\u00e4mnda \u00e4mnen, vilka sedermera i allm\u00e4n sockenst\u00e4mma b\u00f6r f\u00f6rsamlingens pr\u00f6vning underst\u00e4lla. Till ledam\u00f6ter i denna kommitt\u00e9 vilken n\u00e4stkommande l\u00f6rdag f\u00f6r omf\u00f6rm\u00e4lda \u00e4ndam\u00e5l i sockenstugan sammantr\u00e4der, valde:<\/em><\/p>\n\n\n\n<p><em>Herr inspekt\u00f6r A. Magnusson p\u00e5 Stjernfors<\/em><\/p>\n\n\n\n<p><em>F\u00f6r St\u00e4lldalens hyttelag Herr postm\u00e4staren C.A Carlberg p\u00e5 Konstdammen<br>N\u00e4mndeman E. Segelstr\u00f6m vid V\u00e4stra L\u00f6ffall<br>F\u00f6r H\u00f6rks hyttelag Herr ingenj\u00f6r L.S Edberg vid Dunderbo<br>B: Erik Larsson i Norra H\u00f6rken<br>F\u00f6r H\u00f6gfors hyttelag Herr J.E Ericsson p\u00e5 H\u00f6gfors<br>Sexman J. H\u00e4ger vid Finngruvan<br>F\u00f6r Heds hyttelag N\u00e4mndeman E. Kronberg vid (..)l\u00e5ng och<br>Anders Andersson i K\u00f6rartorp<\/em><\/p>\n\n\n\n<p><em>\u00a72. Till f\u00f6lje av Konungens befallningshavande i l\u00e4net f\u00f6rlidna s\u00f6ndag uppl\u00e4ste kung\u00f6relse ang\u00e5ende \u00e4skade upplysningar huruvida n\u00e5got s\u00e5dant av of\u00f6rdelaktig \u00e5rsv\u00e4xt m.m f\u00f6ranlett f\u00f6rh\u00e5llande m\u00e5 inom n\u00e5gon f\u00f6rsamling f\u00f6refinnas, vilket kan anses oundg\u00e4ngligen p\u00e5kalla f\u00f6r de torftigare n\u00e5got s\u00e4rskilt underst\u00f6d i avseende \u00e5 fattigf\u00f6rs\u00f6rjning och sjukv\u00e5rd eller beridande av arbetsf\u00f6rtj\u00e4nst under instundande str\u00e4ngare \u00e5rstid \u00e4ven som huruvida sk\u00f6rden s\u00e5 utfallit att inhemska spannm\u00e5lstillg\u00e5ngarna kunna anses tillr\u00e4ckliga, samt i vidrigt fall, vad ut\u00f6ver samma tillg\u00e5ngar kan ber\u00e4knas s\u00e5som erforderligt till inf\u00f6rskaffande fr\u00e5n utl\u00e4ndsk ort, uppmanandes nu f\u00f6rsamlingens ledam\u00f6ter att h\u00e4r\u00f6ver yttra sig; varp\u00e5 det svar avgavs att som denna f\u00f6rsamling \u00e4ger en folkm\u00e4ngd av n\u00e4rmare 6000 personer, varav en stor del befinner sig i en torftig bel\u00e4genhet, och d\u00e5 den s\u00e4d som p\u00e5 denna ort \u00e5rligen produceras, knappt \u00e4r tillr\u00e4cklig f\u00f6r (\u2026) delen av socknens befolkning, s\u00e5 att \u00e5rligen mera \u00e4n 5000 tunnor s\u00e4d m\u00e5ste fr\u00e5n andra orter upphandlas, samt d\u00e5 det av de redan s\u00e5 h\u00f6gt uppjagade spannm\u00e5lspriserna kunde slutas att \u00e5rets sk\u00f6rd s\u00e5 v\u00e4l p\u00e5 denna som \u00e4ven \u00e5 de mest s\u00e4desproducerande orter varit of\u00f6rdelaktig, s\u00e5 vore det visserligen f\u00f6r denna ort ett stort behov att utl\u00e4ndskt spannm\u00e5l finge inf\u00f6rskaffas. F\u00f6r \u00f6vrigt ans\u00e5g f\u00f6rsamlingens ledam\u00f6ter att d\u00e5 bristen p\u00e5 spannm\u00e5l blivit avhj\u00e4lpt, tillf\u00e4lle till arbetsf\u00f6rtj\u00e4nst f\u00f6r de torftigare ej inom denna ort borde saknas.<\/em><\/p>\n\n\n\n<p><em>\u00a73. \u00c5t Jan Jansson Sundberg vid Stora Kumlan anslogs 1\/8 tunna r\u00e5g och 1\/4 tunna havre.<\/em><\/p>\n\n\n\n<p><em>\u00a74. Lars Bengtsson i Skarpt\u00e4kt anh\u00f6ll hos f\u00f6rsamlingen det d\u00e4rom m\u00e5tte till\u00e5tas p\u00e5 sina \u00e4gor skriva sin m\u00e5g Carl Jansson vilken denne (\u2026) med hustru och barn kommit fr\u00e5n Ludvika. F\u00f6rsamlingen l\u00e4mnade h\u00e4rtill ett bifall under f\u00f6ruts\u00e4ttning att Lars Bengtsson s\u00e5 f\u00f6ranst\u00e4ller att dessa hans s\u00e5 n\u00e4ra anh\u00f6riga ej m\u00e5 falla f\u00f6rsamlingen till last.<\/em><\/p>\n\n\n\n<p><em>S\u00e5lunda valt, \u00f6verenskommet och beslutat, intyga \u00e5 f\u00f6rsamlingens v\u00e4gnar<\/em><\/p>\n\n\n\n<p><em>J.D Westholm Ordf\u00f6rande, pastor<br>Jan Erik Jansson p\u00e5 \u00d6stra Born<br>Jonas Persson<br>(\u2026.)<\/em><\/p>\n","protected":false},"excerpt":{"rendered":"<p>Det finns gott om mossar och myrar att dika ur, f\u00f6r att s\u00e4tta mark i begagnbart skick, tillika vad man ska g\u00f6ra med v\u00e4garna. St\u00e4mman inser de beh\u00f6ver en kommitt\u00e9 f\u00f6r att ta fr\u00e5gan vidare&#8230;. \u00c5r 1841 d. 28:e November h\u00f6lls allm\u00e4n Sockenst\u00e4mma med Ljusnarsbergs f\u00f6rsamling, efter derom skedd laglig p\u00e5lysning med tillk\u00e4nnagivande av \u00e4mnena [&hellip;]<\/p>\n","protected":false},"author":1,"featured_media":631,"comment_status":"closed","ping_status":"closed","sticky":false,"template":"","format":"standard","meta":{"footnotes":""},"categories":[122,28,21],"tags":[41,131,130,129,128],"class_list":["post-630","post","type-post","status-publish","format-standard","has-post-thumbnail","hentry","category-122","category-infrastruktur","category-sockenstammoprotokoll","tag-jan-jansson-sundberg","tag-lantmateri","tag-mossar","tag-skarptakt","tag-vagar"],"_links":{"self":[{"href":"https:\/\/www.ljusnaren.se\/index.php\/wp-json\/wp\/v2\/posts\/630","targetHints":{"allow":["GET"]}}],"collection":[{"href":"https:\/\/www.ljusnaren.se\/index.php\/wp-json\/wp\/v2\/posts"}],"about":[{"href":"https:\/\/www.ljusnaren.se\/index.php\/wp-json\/wp\/v2\/types\/post"}],"author":[{"embeddable":true,"href":"https:\/\/www.ljusnaren.se\/index.php\/wp-json\/wp\/v2\/users\/1"}],"replies":[{"embeddable":true,"href":"https:\/\/www.ljusnaren.se\/index.php\/wp-json\/wp\/v2\/comments?post=630"}],"version-history":[{"count":3,"href":"https:\/\/www.ljusnaren.se\/index.php\/wp-json\/wp\/v2\/posts\/630\/revisions"}],"predecessor-version":[{"id":640,"href":"https:\/\/www.ljusnaren.se\/index.php\/wp-json\/wp\/v2\/posts\/630\/revisions\/640"}],"wp:featuredmedia":[{"embeddable":true,"href":"https:\/\/www.ljusnaren.se\/index.php\/wp-json\/wp\/v2\/media\/631"}],"wp:attachment":[{"href":"https:\/\/www.ljusnaren.se\/index.php\/wp-json\/wp\/v2\/media?parent=630"}],"wp:term":[{"taxonomy":"category","embeddable":true,"href":"https:\/\/www.ljusnaren.se\/index.php\/wp-json\/wp\/v2\/categories?post=630"},{"taxonomy":"post_tag","embeddable":true,"href":"https:\/\/www.ljusnaren.se\/index.php\/wp-json\/wp\/v2\/tags?post=630"}],"curies":[{"name":"wp","href":"https:\/\/api.w.org\/{rel}","templated":true}]}}