{"id":690,"date":"2025-01-31T15:25:23","date_gmt":"2025-01-31T15:25:23","guid":{"rendered":"https:\/\/www.ljusnaren.se\/?p=690"},"modified":"2025-04-27T18:46:20","modified_gmt":"2025-04-27T18:46:20","slug":"1842-01-09","status":"publish","type":"post","link":"https:\/\/www.ljusnaren.se\/index.php\/2025\/01\/31\/1842-01-09\/","title":{"rendered":"1842-01-09"},"content":{"rendered":"\n<p>Holmberg  i Krokfors har putsat upp sakristians ljuslykta och efter att han visat upp den f\u00f6r pastorn och n\u00e5gra ledam\u00f6ter, s\u00e5 f\u00e5r han en ers\u00e4ttning om 2 Riksdaler riksg\u00e4ld.<\/p>\n\n\n\n<h3 class=\"wp-block-heading\">Protocoll h\u00e5llet i allm\u00e4n sockenst\u00e4mma med Ljusnarsbergs f\u00f6rsamling den 9:e januari 1842<\/h3>\n\n\n\n<p><em>\u00a71. Till inhysesmannen Olof Persson vid Ris\u00e5n vilken legat sjuk i 14 veckors tid, anslogs 1\/8 tunna r\u00e5g.<\/em><\/p>\n\n\n\n<p><em>\u00a72. F\u00f6reviste guldgjutarges\u00e4llen Holmberg vid Krokfors enr\u00e4kning \u00f6ver ljuslyktans i sakristian upprustning och reparation uppg\u00e5ende till 2 Rd Rgs. Denna r\u00e4kning godk\u00e4ndes till betalning a kyrkans kassa och blev medlen till Holmberg ordf\u00f6randen \u00f6verl\u00e4mnade.<\/em><\/p>\n\n\n\n<p><em>S\u00e5lunda beslutat samt uppl\u00e4st och justerat intyga \u00e5 f\u00f6rsamlingens v\u00e4gnar<\/em><\/p>\n\n\n\n<p><em>J.D Westholm Ordf\u00f6rande, pastor<br>Israel Carlsson<br>Eric Jansson<\/em><\/p>\n\n\n\n<p><em>Vid justeringen av detta protokoll beviljades \u00e4ven skomakaren Jan Mattsson vid Ljusnarsborn vilken enligt grannarnas skriftliga intyg legat sjuk sedan Micaeli f\u00f6rlidet \u00e5r, en tillf\u00e4llig hj\u00e4lp best\u00e5ende av 1\/8 tunna r\u00e5g och 1\/8 tunna havre.<\/em><\/p>\n","protected":false},"excerpt":{"rendered":"<p>Holmberg i Krokfors har putsat upp sakristians ljuslykta och efter att han visat upp den f\u00f6r pastorn och n\u00e5gra ledam\u00f6ter, s\u00e5 f\u00e5r han en ers\u00e4ttning om 2 Riksdaler riksg\u00e4ld. Protocoll h\u00e5llet i allm\u00e4n sockenst\u00e4mma med Ljusnarsbergs f\u00f6rsamling den 9:e januari 1842 \u00a71. Till inhysesmannen Olof Persson vid Ris\u00e5n vilken legat sjuk i 14 veckors tid, [&hellip;]<\/p>\n","protected":false},"author":1,"featured_media":691,"comment_status":"closed","ping_status":"closed","sticky":false,"template":"","format":"standard","meta":{"footnotes":""},"categories":[132,30,21],"tags":[135,62,136],"class_list":["post-690","post","type-post","status-publish","format-standard","has-post-thumbnail","hentry","category-132","category-kyrkan","category-sockenstammoprotokoll","tag-gesall","tag-kyrkan","tag-ljuslykta"],"_links":{"self":[{"href":"https:\/\/www.ljusnaren.se\/index.php\/wp-json\/wp\/v2\/posts\/690","targetHints":{"allow":["GET"]}}],"collection":[{"href":"https:\/\/www.ljusnaren.se\/index.php\/wp-json\/wp\/v2\/posts"}],"about":[{"href":"https:\/\/www.ljusnaren.se\/index.php\/wp-json\/wp\/v2\/types\/post"}],"author":[{"embeddable":true,"href":"https:\/\/www.ljusnaren.se\/index.php\/wp-json\/wp\/v2\/users\/1"}],"replies":[{"embeddable":true,"href":"https:\/\/www.ljusnaren.se\/index.php\/wp-json\/wp\/v2\/comments?post=690"}],"version-history":[{"count":3,"href":"https:\/\/www.ljusnaren.se\/index.php\/wp-json\/wp\/v2\/posts\/690\/revisions"}],"predecessor-version":[{"id":694,"href":"https:\/\/www.ljusnaren.se\/index.php\/wp-json\/wp\/v2\/posts\/690\/revisions\/694"}],"wp:featuredmedia":[{"embeddable":true,"href":"https:\/\/www.ljusnaren.se\/index.php\/wp-json\/wp\/v2\/media\/691"}],"wp:attachment":[{"href":"https:\/\/www.ljusnaren.se\/index.php\/wp-json\/wp\/v2\/media?parent=690"}],"wp:term":[{"taxonomy":"category","embeddable":true,"href":"https:\/\/www.ljusnaren.se\/index.php\/wp-json\/wp\/v2\/categories?post=690"},{"taxonomy":"post_tag","embeddable":true,"href":"https:\/\/www.ljusnaren.se\/index.php\/wp-json\/wp\/v2\/tags?post=690"}],"curies":[{"name":"wp","href":"https:\/\/api.w.org\/{rel}","templated":true}]}}