{"id":701,"date":"2025-01-31T15:45:15","date_gmt":"2025-01-31T15:45:15","guid":{"rendered":"https:\/\/www.ljusnaren.se\/?p=701"},"modified":"2025-04-27T18:46:20","modified_gmt":"2025-04-27T18:46:20","slug":"1842-02-20","status":"publish","type":"post","link":"https:\/\/www.ljusnaren.se\/index.php\/2025\/01\/31\/1842-02-20\/","title":{"rendered":"1842-02-20"},"content":{"rendered":"\n<p>Carl Carlsson \u00e4r riktigt sjuk och beh\u00f6ver hj\u00e4lp f\u00f6r sitt tillst\u00e5nd. Han har tagits om hand av Nils Andersson i S\u00f6dra Smedberg som beh\u00f6ver ekonomiskt st\u00f6d f\u00f6r att kunna orka forts\u00e4tta ta hand om Carl&#8230;<\/p>\n\n\n\n<h3 class=\"wp-block-heading\">Protocoll h\u00e5llet i allm\u00e4n Sockenst\u00e4mma med Ljusnarsbergs f\u00f6rsamling den 20:e Febr. 1842<\/h3>\n\n\n\n<p><em>\u00a71. Pastor tillk\u00e4nnagav att f.d. muraren Carl Carlsson i r\u00e5kat ett s\u00e5 sv\u00e5rt sjukdomstillst\u00e5nd att han d\u00e4r under saknar allt medvetande och m\u00e5ste sk\u00f6tas som ett barn, samt att han under den tid hans sjukdom fortvarit, varit vistande hos Nils Andersson \u00e5 S\u00f6dra Smedberg, vilken nu n\u00e4rvarande, sade sig ej l\u00e4ngre kunna hava Carl Carlsson hos sig derest icke f\u00f6rsamlingen ville underst\u00f6dja honom.<\/em><\/p>\n\n\n\n<p><em>F\u00f6rsamlingens n\u00e4rvarande ledam\u00f6ter tog detta m\u00e5l i \u00f6verv\u00e4gande och besl\u00f6t att d\u00e5 Carl Carlsson befinner sig i s\u00e5 utsatt tillst\u00e5nd att han icke utan fara kan lasarettet avs\u00e4ndas, han \u00e4nnu p\u00e5 n\u00e5gra veckor skulle hos Nils Persson kvarstanna mot 2 Rd Rds per vecka. H\u00e4rtill l\u00e4mnar Nils Andersson sitt bifall.<\/em><\/p>\n\n\n\n<p><em>S\u00e5lunda beslutat, betyga \u00e5 f\u00f6rsamlingens v\u00e4gnar<\/em><\/p>\n\n\n\n<p><em>J.D Westholm Ordf\u00f6rande, pastor<br>Erik Jansson, Stenn\u00e4s<\/em><\/p>\n\n\n\n<p><\/p>\n","protected":false},"excerpt":{"rendered":"<p>Carl Carlsson \u00e4r riktigt sjuk och beh\u00f6ver hj\u00e4lp f\u00f6r sitt tillst\u00e5nd. Han har tagits om hand av Nils Andersson i S\u00f6dra Smedberg som beh\u00f6ver ekonomiskt st\u00f6d f\u00f6r att kunna orka forts\u00e4tta ta hand om Carl&#8230; Protocoll h\u00e5llet i allm\u00e4n Sockenst\u00e4mma med Ljusnarsbergs f\u00f6rsamling den 20:e Febr. 1842 \u00a71. Pastor tillk\u00e4nnagav att f.d. muraren Carl Carlsson [&hellip;]<\/p>\n","protected":false},"author":1,"featured_media":548,"comment_status":"closed","ping_status":"closed","sticky":false,"template":"","format":"standard","meta":{"footnotes":""},"categories":[132],"tags":[140,141,142],"class_list":["post-701","post","type-post","status-publish","format-standard","has-post-thumbnail","hentry","category-132","tag-carl-carlsson","tag-murare","tag-sodra-smedberg"],"_links":{"self":[{"href":"https:\/\/www.ljusnaren.se\/index.php\/wp-json\/wp\/v2\/posts\/701","targetHints":{"allow":["GET"]}}],"collection":[{"href":"https:\/\/www.ljusnaren.se\/index.php\/wp-json\/wp\/v2\/posts"}],"about":[{"href":"https:\/\/www.ljusnaren.se\/index.php\/wp-json\/wp\/v2\/types\/post"}],"author":[{"embeddable":true,"href":"https:\/\/www.ljusnaren.se\/index.php\/wp-json\/wp\/v2\/users\/1"}],"replies":[{"embeddable":true,"href":"https:\/\/www.ljusnaren.se\/index.php\/wp-json\/wp\/v2\/comments?post=701"}],"version-history":[{"count":4,"href":"https:\/\/www.ljusnaren.se\/index.php\/wp-json\/wp\/v2\/posts\/701\/revisions"}],"predecessor-version":[{"id":705,"href":"https:\/\/www.ljusnaren.se\/index.php\/wp-json\/wp\/v2\/posts\/701\/revisions\/705"}],"wp:featuredmedia":[{"embeddable":true,"href":"https:\/\/www.ljusnaren.se\/index.php\/wp-json\/wp\/v2\/media\/548"}],"wp:attachment":[{"href":"https:\/\/www.ljusnaren.se\/index.php\/wp-json\/wp\/v2\/media?parent=701"}],"wp:term":[{"taxonomy":"category","embeddable":true,"href":"https:\/\/www.ljusnaren.se\/index.php\/wp-json\/wp\/v2\/categories?post=701"},{"taxonomy":"post_tag","embeddable":true,"href":"https:\/\/www.ljusnaren.se\/index.php\/wp-json\/wp\/v2\/tags?post=701"}],"curies":[{"name":"wp","href":"https:\/\/api.w.org\/{rel}","templated":true}]}}