{"id":706,"date":"2025-01-31T16:05:02","date_gmt":"2025-01-31T16:05:02","guid":{"rendered":"https:\/\/www.ljusnaren.se\/?p=706"},"modified":"2025-04-27T18:46:20","modified_gmt":"2025-04-27T18:46:20","slug":"1842-03-13","status":"publish","type":"post","link":"https:\/\/www.ljusnaren.se\/index.php\/2025\/01\/31\/1842-03-13\/","title":{"rendered":"1842-03-13"},"content":{"rendered":"\n<p>Pastor i socknen har en mycket stark r\u00f6str\u00e4tt, vilken motsvarar halva f\u00f6rsamlingens befolkning. Denna kommer v\u00e4l till hands n\u00e4r valet av ny organist ska g\u00f6ras.<\/p>\n\n\n\n<h3 class=\"wp-block-heading\">\u00c5r 1842 den 13:e mars h\u00f6lls allm\u00e4n Sockenst\u00e4mma med Ljusnarsbergs f\u00f6rsamling efter 8 dagar f\u00f6r att d\u00e4rom skedd kung\u00f6relse med tillk\u00e4nnagivande av \u00e4mnet f\u00f6r \u00f6verl\u00e4ggningen<\/h3>\n\n\n\n<p><em>\u00a71. Sedan de \u00e5 f\u00f6rslaget till h\u00e4r n\u00e4rvarandes lediga orgelnist- klockare och skoll\u00e4rares best\u00e4llningar av f\u00f6rsamlingens pastor uppf\u00f6rda s\u00f6kande sitt prov i vederb\u00f6rlig ordning avlagt voro nu f\u00f6rsamlingens resp. r\u00f6st\u00e4gande ledam\u00f6ter till idag kallade 1: f\u00f6r att h\u00f6ras om de mot det uppr\u00e4ttade f\u00f6rslaget avl\u00e4gga d\u00e4rav hade n\u00e5got att anm\u00e4rka samt 2: f\u00f6r att justera det fr\u00e5n ortens h\u00e4radsskrivare rekvirerade vall\u00e4ngden<\/em>.<br><\/p>\n\n\n\n<p><em>Sedan f\u00f6rsta punkten med nej blivit besvarad, f\u00f6retogs vall\u00e4ngdens uppl\u00e4sande varvid herr inspekt\u00f6r bergsman p\u00e5 Stjernfors gjorde den anm\u00e4rkning att egendomarna i Myggsj\u00f6n och Sahlbofall voro uteslutna. Ordf\u00f6randen framst\u00e4llde d\u00e4rf\u00f6r till f\u00f6rsamlingens ombepr\u00f6vande huruvida vall\u00e4ngden f\u00f6r denna anm\u00e4rkta felaktighet skulle vid det kommande val kunna begagnas.<br>F\u00f6rsamlingens ledam\u00f6ter ans\u00e5g att vall\u00e4ngden ej d\u00e4rf\u00f6r borde kasseras utan besl\u00f6t att i den vid sista kyrkoherdevalet begagnade voteringsl\u00e4ngd, vilken de f\u00f6rsamlade vara av samma beskaffenhet som den nu ifr\u00e5gavarande, borde efterses huruvida ovann\u00e4mnda egendomar d\u00e4r vore antecknade s\u00e5som r\u00f6stber\u00e4ttigade eller om de s\u00e5som bel\u00e4gna p\u00e5 Sahlbog\u00e5rds utm\u00e5l, d\u00e4r under voro inbegripna, d\u00e5 i f\u00f6rra fallet r\u00e4tteligen kunde ske f\u00f6re valets b\u00f6rjan, vilket n\u00e4stkommande s\u00f6ndag efter gudstj\u00e4nstens slut kommer att \u00e5 sockenstugan f\u00f6retas. Slutligen tillk\u00e4nnagavs att pastors \u00e4mbetsr\u00f6ster vilken enligt f\u00f6rfattningen r\u00e4knas i beloppet lika med halva f\u00f6rsamlingens, \u00e4nnu icke voro i vall\u00e4ngden inf\u00f6rda.<\/em><\/p>\n\n\n\n<p><em>Uppl\u00e4st, justerat och erk\u00e4nt betyga \u00e5 f\u00f6rsamlingens v\u00e4gnar<\/em><\/p>\n\n\n\n<p><em>J.D Westholm Ordf\u00f6rande, pastor<\/em><\/p>\n\n\n\n<p><\/p>\n","protected":false},"excerpt":{"rendered":"<p>Pastor i socknen har en mycket stark r\u00f6str\u00e4tt, vilken motsvarar halva f\u00f6rsamlingens befolkning. Denna kommer v\u00e4l till hands n\u00e4r valet av ny organist ska g\u00f6ras. \u00c5r 1842 den 13:e mars h\u00f6lls allm\u00e4n Sockenst\u00e4mma med Ljusnarsbergs f\u00f6rsamling efter 8 dagar f\u00f6r att d\u00e4rom skedd kung\u00f6relse med tillk\u00e4nnagivande av \u00e4mnet f\u00f6r \u00f6verl\u00e4ggningen \u00a71. Sedan de \u00e5 f\u00f6rslaget [&hellip;]<\/p>\n","protected":false},"author":1,"featured_media":663,"comment_status":"closed","ping_status":"closed","sticky":false,"template":"","format":"standard","meta":{"footnotes":""},"categories":[132,30],"tags":[62,35],"class_list":["post-706","post","type-post","status-publish","format-standard","has-post-thumbnail","hentry","category-132","category-kyrkan","tag-kyrkan","tag-organist"],"_links":{"self":[{"href":"https:\/\/www.ljusnaren.se\/index.php\/wp-json\/wp\/v2\/posts\/706","targetHints":{"allow":["GET"]}}],"collection":[{"href":"https:\/\/www.ljusnaren.se\/index.php\/wp-json\/wp\/v2\/posts"}],"about":[{"href":"https:\/\/www.ljusnaren.se\/index.php\/wp-json\/wp\/v2\/types\/post"}],"author":[{"embeddable":true,"href":"https:\/\/www.ljusnaren.se\/index.php\/wp-json\/wp\/v2\/users\/1"}],"replies":[{"embeddable":true,"href":"https:\/\/www.ljusnaren.se\/index.php\/wp-json\/wp\/v2\/comments?post=706"}],"version-history":[{"count":1,"href":"https:\/\/www.ljusnaren.se\/index.php\/wp-json\/wp\/v2\/posts\/706\/revisions"}],"predecessor-version":[{"id":707,"href":"https:\/\/www.ljusnaren.se\/index.php\/wp-json\/wp\/v2\/posts\/706\/revisions\/707"}],"wp:featuredmedia":[{"embeddable":true,"href":"https:\/\/www.ljusnaren.se\/index.php\/wp-json\/wp\/v2\/media\/663"}],"wp:attachment":[{"href":"https:\/\/www.ljusnaren.se\/index.php\/wp-json\/wp\/v2\/media?parent=706"}],"wp:term":[{"taxonomy":"category","embeddable":true,"href":"https:\/\/www.ljusnaren.se\/index.php\/wp-json\/wp\/v2\/categories?post=706"},{"taxonomy":"post_tag","embeddable":true,"href":"https:\/\/www.ljusnaren.se\/index.php\/wp-json\/wp\/v2\/tags?post=706"}],"curies":[{"name":"wp","href":"https:\/\/api.w.org\/{rel}","templated":true}]}}