{"id":708,"date":"2025-01-31T16:14:37","date_gmt":"2025-01-31T16:14:37","guid":{"rendered":"https:\/\/www.ljusnaren.se\/?p=708"},"modified":"2025-04-27T18:46:20","modified_gmt":"2025-04-27T18:46:20","slug":"1842-03-20","status":"publish","type":"post","link":"https:\/\/www.ljusnaren.se\/index.php\/2025\/01\/31\/1842-03-20\/","title":{"rendered":"1842-03-20"},"content":{"rendered":"\n<p>Organisten Hellstr\u00f6m har flyttat till Lindesberg och socken har valt en ny organist vid namn Gustaf Nederdahl som anl\u00e4nt fr\u00e5n Sorunda. Han var f\u00f6dd i Nora 1810, vilket gjorde honom 42 \u00e5r gammal n\u00e4r han antog uppdraget. Han blev kvar i Ljusnarsberg fram till sin d\u00f6d, 1867.<\/p>\n\n\n\n<h3 class=\"wp-block-heading\">Protocoll h\u00e5llet \u00f6ver valet till \u00e5terbes\u00e4ttande av lediga organis, klockare och skoll\u00e4rareanst\u00e4llningar vid Ljusnarsbergs f\u00f6rsamling den 20 Mars 1842<\/h3>\n\n\n\n<p><\/p>\n\n\n\n<p><em>Sedan det sistlidne s\u00f6ndag f\u00f6rde protokoll blivit uppl\u00e4st och erk\u00e4nt upplyste ordf\u00f6randen att egendomarna Myggsj\u00f6n och Salbofall \u00e4ven uti \u00e4ldre vall\u00e4ngder icke varit upptagna varf\u00f6r nu besl\u00f6ts att den till detta val anskaffade voteringsl\u00e4ngd skulle of\u00f6r\u00e4ndrad tj\u00e4na till efterr\u00e4ttelse. D\u00e4rp\u00e5 f\u00f6retogs sj\u00e4lva omr\u00f6stningen, varvid f\u00f6ljande efter av f\u00f6rsamlingens godk\u00e4nda fullmakter sina r\u00f6ster avg\u00e5vo, neml:<\/em><\/p>\n\n\n\n<p><em>1:a Herr brukspatron J.N Eriksson p\u00e5 Laxbro<br>2:a (..) Jacobsson i (\u2026)<br>3:e \u00c4nkefru grevinnan M\u00f6rner f\u00f6r 1\/2 Stjernfors<br>4:e Brukspatron och riddaren E. Cederborgh f\u00f6r andra h\u00e4lften av Stjernfors<br>5:e Herr patron P.I Lundbom p\u00e5 L\u00f6fn\u00e4s,<br>6:e Herr A. G Andersson i Ljusnarsbergsg\u00e5rd, och<br>7:e N.M E Segelstr\u00f6m i V\u00e4stra L\u00f6ffall<\/em><\/p>\n\n\n\n<p><em>Vid valets slut, vilket stilla och fredligt avlopp, befanns organisten i Sorunda herr directeur G. Nederdahl hava erh\u00e5llit 21 203\/256 r\u00f6ster, organisteleven Sahlin 151\/272 r\u00f6st samt organisteleven S\u00f6derberg ingen r\u00f6st. (\u2026) h\u00e4r av ans\u00e5gs herr directeur Nederdahl utn\u00e4mnd till f\u00f6rsamlingens organist, klockare och skoll\u00e4rare. Slutligen tillk\u00e4nnagav ordf\u00f6randen att den med (..) missn\u00f6jde \u00e4ger att sina besv\u00e5r inom 21 dygn h\u00e4refter hos h\u00f6gv\u00f6rdiga domkapitlet i V\u00e4ster\u00e5s anm\u00e4la inom samma tid tillk\u00e4nnagiva om besv\u00e4r anf\u00f6ra samt inom andra 21 dygn detta med bevis fr\u00e5n vederb\u00f6rligt styrka.<\/em><\/p>\n\n\n\n<p><em>Uppl\u00e4st och justerat samt erk\u00e4nt betyga \u00e5 f\u00f6rsamlingens v\u00e4gnar<\/em><\/p>\n\n\n\n<p><em>J.D Westholm Ordf\u00f6rande, pastor<br>Erik Jansson, Stenn\u00e4s<br>Erik Persson<\/em><\/p>\n\n\n\n<p><\/p>\n","protected":false},"excerpt":{"rendered":"<p>Organisten Hellstr\u00f6m har flyttat till Lindesberg och socken har valt en ny organist vid namn Gustaf Nederdahl som anl\u00e4nt fr\u00e5n Sorunda. Han var f\u00f6dd i Nora 1810, vilket gjorde honom 42 \u00e5r gammal n\u00e4r han antog uppdraget. Han blev kvar i Ljusnarsberg fram till sin d\u00f6d, 1867. Protocoll h\u00e5llet \u00f6ver valet till \u00e5terbes\u00e4ttande av lediga [&hellip;]<\/p>\n","protected":false},"author":1,"featured_media":360,"comment_status":"closed","ping_status":"closed","sticky":false,"template":"","format":"standard","meta":{"footnotes":""},"categories":[132,30,59],"tags":[144,35,147,145,146,143],"class_list":["post-708","post","type-post","status-publish","format-standard","has-post-thumbnail","hentry","category-132","category-kyrkan","category-skola","tag-g-nederdahl","tag-organist","tag-organistelev","tag-sahlin","tag-soderberg","tag-vallangd"],"_links":{"self":[{"href":"https:\/\/www.ljusnaren.se\/index.php\/wp-json\/wp\/v2\/posts\/708","targetHints":{"allow":["GET"]}}],"collection":[{"href":"https:\/\/www.ljusnaren.se\/index.php\/wp-json\/wp\/v2\/posts"}],"about":[{"href":"https:\/\/www.ljusnaren.se\/index.php\/wp-json\/wp\/v2\/types\/post"}],"author":[{"embeddable":true,"href":"https:\/\/www.ljusnaren.se\/index.php\/wp-json\/wp\/v2\/users\/1"}],"replies":[{"embeddable":true,"href":"https:\/\/www.ljusnaren.se\/index.php\/wp-json\/wp\/v2\/comments?post=708"}],"version-history":[{"count":3,"href":"https:\/\/www.ljusnaren.se\/index.php\/wp-json\/wp\/v2\/posts\/708\/revisions"}],"predecessor-version":[{"id":711,"href":"https:\/\/www.ljusnaren.se\/index.php\/wp-json\/wp\/v2\/posts\/708\/revisions\/711"}],"wp:featuredmedia":[{"embeddable":true,"href":"https:\/\/www.ljusnaren.se\/index.php\/wp-json\/wp\/v2\/media\/360"}],"wp:attachment":[{"href":"https:\/\/www.ljusnaren.se\/index.php\/wp-json\/wp\/v2\/media?parent=708"}],"wp:term":[{"taxonomy":"category","embeddable":true,"href":"https:\/\/www.ljusnaren.se\/index.php\/wp-json\/wp\/v2\/categories?post=708"},{"taxonomy":"post_tag","embeddable":true,"href":"https:\/\/www.ljusnaren.se\/index.php\/wp-json\/wp\/v2\/tags?post=708"}],"curies":[{"name":"wp","href":"https:\/\/api.w.org\/{rel}","templated":true}]}}