{"id":712,"date":"2025-01-31T16:28:10","date_gmt":"2025-01-31T16:28:10","guid":{"rendered":"https:\/\/www.ljusnaren.se\/?p=712"},"modified":"2025-04-27T18:46:20","modified_gmt":"2025-04-27T18:46:20","slug":"1842-03-27","status":"publish","type":"post","link":"https:\/\/www.ljusnaren.se\/index.php\/2025\/01\/31\/1842-03-27\/","title":{"rendered":"1842-03-27"},"content":{"rendered":"\n<p>En urmakarges\u00e4ll fr\u00e5n \u00d6rebro vill flytta in och anta tj\u00e4nsten som sockenurmakare. Detta v\u00e4lkomnas av st\u00e4mman d\u00e5 urmakarges\u00e4llen har borgen fr\u00e5n sin bror, pastorn i S\u00f6derb\u00e4rke&#8230;<\/p>\n\n\n\n<h3 class=\"wp-block-heading\">Protocoll h\u00e5llet \u00f6ver i allm\u00e4n sockenst\u00e4mma med Ljusnarsbergs f\u00f6rsamling den 27:e Mars 1842<\/h3>\n\n\n\n<p><em>\u00a71. Uti s\u00e5som sockenfullm\u00e4ktig \u00f6vervara m\u00f6nstringen med denna sockens bev\u00e4ringsmanskap den 19:e n\u00e4stkommande maj valdes bergsman Anders Andersson vid Bj\u00f6rk\u00e4ng.<\/em><\/p>\n\n\n\n<p><em>\u00a72. F\u00f6redrogs mantalsl\u00e4ngden, varvid av de n\u00e4rvarande ingen anm\u00e4rkning gjordes och besl\u00f6ts att den n\u00e4stkommande s\u00f6ndag skulle underskrivas.<\/em><\/p>\n\n\n\n<p><em>\u00a73. Tillk\u00e4nnagavs att urmakarges\u00e4llen A. S\u00f6derberg fr\u00e5n \u00d6rebro att i denna socken s\u00e5 s\u00e5som sockenurmakare sig neds\u00e4tta. F\u00f6rsamlingens ledam\u00f6ter f\u00f6rklarade att de d\u00e4remot ej hade n\u00e5got att inv\u00e4nda utan bif\u00f6ll S\u00f6derbergs beg\u00e4ran, en\u00e4r han var f\u00f6rsedd med sin broder herr v. pastor S\u00f6derbergs i N\u00f6rrb\u00e4rke borgen, s\u00e5v\u00e4l f\u00f6r utg\u00f6randet av kronoutskylderrna som och d\u00e4rf\u00f6r, att han och dess hustru ej skola falla denna sockens fattigv\u00e5rd till last.<\/em><\/p>\n\n\n\n<p><em>\u00a74. (\u2026) Ordf\u00f6randen tvenne r\u00e4kningar fr\u00e5n apotekaren Vidgren i Nora uppn\u00e5 utl\u00e4mnade medikamenter till fattiga och mindre bemedlade uti denna socken. Dessa r\u00e4kningar skulle nu f\u00f6rskottsvis vid av f\u00f6rsamlingens fattigkassa betalas; men av dem som sj\u00e4lva kunde betala, skulle det f\u00f6r deras r\u00e4kning utbetalt, av f\u00f6rsamlingens pastor \u00e5terfordras.<\/em><\/p>\n\n\n\n<p><em>S\u00e5lunda valt, \u00f6verenskommet och beslutat intyga \u00e5 f\u00f6rsamlingens v\u00e4gnar<\/em><\/p>\n\n\n\n<p><em>J.D Westholm Ordf\u00f6rande, pastor<br>Erik Jansson, Stenn\u00e4s<br>Erik Pehrsson i Wiken<\/em><\/p>\n","protected":false},"excerpt":{"rendered":"<p>En urmakarges\u00e4ll fr\u00e5n \u00d6rebro vill flytta in och anta tj\u00e4nsten som sockenurmakare. Detta v\u00e4lkomnas av st\u00e4mman d\u00e5 urmakarges\u00e4llen har borgen fr\u00e5n sin bror, pastorn i S\u00f6derb\u00e4rke&#8230; Protocoll h\u00e5llet \u00f6ver i allm\u00e4n sockenst\u00e4mma med Ljusnarsbergs f\u00f6rsamling den 27:e Mars 1842 \u00a71. Uti s\u00e5som sockenfullm\u00e4ktig \u00f6vervara m\u00f6nstringen med denna sockens bev\u00e4ringsmanskap den 19:e n\u00e4stkommande maj valdes bergsman [&hellip;]<\/p>\n","protected":false},"author":1,"featured_media":714,"comment_status":"closed","ping_status":"closed","sticky":false,"template":"","format":"standard","meta":{"footnotes":""},"categories":[132,21],"tags":[149,151,146,148,150],"class_list":["post-712","post","type-post","status-publish","format-standard","has-post-thumbnail","hentry","category-132","category-sockenstammoprotokoll","tag-bjorkang","tag-nora","tag-soderberg","tag-urmakare","tag-vidgren"],"_links":{"self":[{"href":"https:\/\/www.ljusnaren.se\/index.php\/wp-json\/wp\/v2\/posts\/712","targetHints":{"allow":["GET"]}}],"collection":[{"href":"https:\/\/www.ljusnaren.se\/index.php\/wp-json\/wp\/v2\/posts"}],"about":[{"href":"https:\/\/www.ljusnaren.se\/index.php\/wp-json\/wp\/v2\/types\/post"}],"author":[{"embeddable":true,"href":"https:\/\/www.ljusnaren.se\/index.php\/wp-json\/wp\/v2\/users\/1"}],"replies":[{"embeddable":true,"href":"https:\/\/www.ljusnaren.se\/index.php\/wp-json\/wp\/v2\/comments?post=712"}],"version-history":[{"count":3,"href":"https:\/\/www.ljusnaren.se\/index.php\/wp-json\/wp\/v2\/posts\/712\/revisions"}],"predecessor-version":[{"id":716,"href":"https:\/\/www.ljusnaren.se\/index.php\/wp-json\/wp\/v2\/posts\/712\/revisions\/716"}],"wp:featuredmedia":[{"embeddable":true,"href":"https:\/\/www.ljusnaren.se\/index.php\/wp-json\/wp\/v2\/media\/714"}],"wp:attachment":[{"href":"https:\/\/www.ljusnaren.se\/index.php\/wp-json\/wp\/v2\/media?parent=712"}],"wp:term":[{"taxonomy":"category","embeddable":true,"href":"https:\/\/www.ljusnaren.se\/index.php\/wp-json\/wp\/v2\/categories?post=712"},{"taxonomy":"post_tag","embeddable":true,"href":"https:\/\/www.ljusnaren.se\/index.php\/wp-json\/wp\/v2\/tags?post=712"}],"curies":[{"name":"wp","href":"https:\/\/api.w.org\/{rel}","templated":true}]}}