{"id":717,"date":"2025-01-31T16:38:18","date_gmt":"2025-01-31T16:38:18","guid":{"rendered":"https:\/\/www.ljusnaren.se\/?p=717"},"modified":"2025-04-27T18:46:20","modified_gmt":"2025-04-27T18:46:20","slug":"1842-04-24","status":"publish","type":"post","link":"https:\/\/www.ljusnaren.se\/index.php\/2025\/01\/31\/1842-04-24\/","title":{"rendered":"1842-04-24"},"content":{"rendered":"\n<p>St\u00e4mman p\u00e5minde om landsh\u00f6vdinge-\u00e4mbetets kung\u00f6relse fr\u00e5n f\u00f6reg\u00e5ende \u00e5r om hur man b\u00e4st s\u00f6ker upp varglyor f\u00f6r att d\u00f6da honan med ungar, samt att alla skulle vara uppm\u00e4rksamma p\u00e5 om varg visade sig, d\u00e5 kreaturen nu skulle ut p\u00e5 bete.<\/p>\n\n\n\n<h3 class=\"wp-block-heading\">\u00c5r 1842 den 24:e april h\u00f6lls allm\u00e4n sockenst\u00e4mma med Ljusnarsberg efter d\u00e4rom fr\u00e5n predikstolen laga skedd, uppl\u00e4st p\u00e5lysning, tillk\u00e4nnagivande av \u00e4mnen f\u00f6r \u00f6verl\u00e4ggningen.<\/h3>\n\n\n\n<p><em>\u00a71. Till ledam\u00f6ter i den av rikets senast f\u00f6rsamlade i st\u00e4nder beslutade taxeringskommitt\u00e9 vilken \u00e5 sockenstugan sammantr\u00e4der den 9:e n\u00e4stkommande juni, valdes utom f\u00f6rsamlingens kyrkoherde, f\u00f6ljande:<\/em><\/p>\n\n\n\n<p><em>Av st\u00e5ndspersoner, 1: herr brukspatron P.I Lundbom p\u00e5 L\u00f6fn\u00e4s, 2: herr postm\u00e4staren C. Carlberg p\u00e5 Konstdammen, 3: herr inspekt\u00f6r A. Magnusson p\u00e5 Stjernfors samt 4: handlanden H.J \u00c5kergren vid Norra Bergsg\u00e5rden, af bondest\u00e5ndet: N\u00e4mndemannen E. Kronberg p\u00e5 Lill\u00e4ng, 2; Peter Persson vid Br\u00e4nnbyn, 3: bonden Jan Persson vid Stora Sten och 4; Anders Andersson i Gr\u00f6nhult.<\/em><\/p>\n\n\n\n<p><em>\u00a72. Till revisorer vilka skola granska kassors r\u00e4kenskaper, vilka st\u00e5 under kassors v\u00e5rd samt byggnads- och fattigv\u00e5rdsskassornas r\u00e4kenskaper, valdes herr inspekt\u00f6r bergsman p\u00e5 Stjernfors, handlanden \u00c5kergren vid Norra Bergsg\u00e5rden och bergsmannen Jan Erik Jansson p\u00e5 \u00d6stra born.<\/em><\/p>\n\n\n\n<p><em>\u00a73. F\u00f6redrogs till f\u00f6rsamlingens ombepr\u00f6vande l\u00e4nets hush\u00e5llss\u00e4llskaps f\u00f6rslag till bildande av ett f\u00f6r hela detta l\u00e4n gemensamt brandst\u00f6dsbolag. F\u00f6rsamlingen ans\u00e5g detta f\u00f6rslag av den vikt att det borda av n\u00e5gra kunniga m\u00e4n n\u00e4rmare granskas och besl\u00f6t att utv\u00e4lja en kommitt\u00e9 vilken \u00e4ga att denna granskning snarligen f\u00f6reta och vars utl\u00e5tande delgivas f\u00f6rsamlingen i allm\u00e4n sockenst\u00e4mma senast vid medlet av Juni m\u00e5nad. Till ledam\u00f6ter i denna kommitt\u00e9 valdes herr bergm\u00e4staren Bredberg, brukspatronen J.N Eriksson och P.i Lundbom, bergskass\u00f6ren J. Adler, herr inspekt\u00f6ren A. Magnusson och bergsman p\u00e5 Stjernfors, handlanden J. \u00c5kergren och J.F Behrling, sex- och n\u00e4mndem\u00e4nnen Erik Jansson i Stenn\u00e4s och Anders Andersson i K\u00f6rartorp, samt n\u00e4mndemannen E. Segelstr\u00f6m i V\u00e4stra L\u00f6ffall.<\/em><\/p>\n\n\n\n<p><em>\u00a74. Uppl\u00e4stes landsh\u00f6vdinge\u00e4mbetets kung\u00f6relse av den 17:e maj 1841 de uti underr\u00e4ttelser meddelas om s\u00e4ttet att upps\u00f6ka vargars n\u00e4sten f\u00f6r att d\u00f6da dem och deras ungar. Med anledning h\u00e4rom besl\u00f6t f\u00f6rsamlingen det var och en borde vara uppm\u00e4rksam d\u00e4rp\u00e5 i synnerhet vid den tiden d\u00e5 kreaturen p\u00e5 bete utsl\u00e4pps om vargar d\u00e5 skulle visa sig, var efter f\u00f6rsamlingen ville vidta de \u00e5tg\u00e4rder, n\u00e4mnda kung\u00f6relse f\u00f6reskriver.<\/em><\/p>\n\n\n\n<p><em>S\u00e5lunda \u00f6verenskommet valt och beslutat samt erk\u00e4nt, intyga \u00e5 f\u00f6rsamlingens v\u00e4gnar<\/em><\/p>\n\n\n\n<p><em>J.D Westholm Ordf\u00f6rande, pastor<\/em><\/p>\n\n\n\n<p><\/p>\n","protected":false},"excerpt":{"rendered":"<p>St\u00e4mman p\u00e5minde om landsh\u00f6vdinge-\u00e4mbetets kung\u00f6relse fr\u00e5n f\u00f6reg\u00e5ende \u00e5r om hur man b\u00e4st s\u00f6ker upp varglyor f\u00f6r att d\u00f6da honan med ungar, samt att alla skulle vara uppm\u00e4rksamma p\u00e5 om varg visade sig, d\u00e5 kreaturen nu skulle ut p\u00e5 bete. \u00c5r 1842 den 24:e april h\u00f6lls allm\u00e4n sockenst\u00e4mma med Ljusnarsberg efter d\u00e4rom fr\u00e5n predikstolen laga skedd, [&hellip;]<\/p>\n","protected":false},"author":1,"featured_media":718,"comment_status":"closed","ping_status":"closed","sticky":false,"template":"","format":"standard","meta":{"footnotes":""},"categories":[132,107,21],"tags":[153,152,65],"class_list":["post-717","post","type-post","status-publish","format-standard","has-post-thumbnail","hentry","category-132","category-skottpengar","category-sockenstammoprotokoll","tag-brandstodsbolag","tag-kreatur","tag-varg"],"_links":{"self":[{"href":"https:\/\/www.ljusnaren.se\/index.php\/wp-json\/wp\/v2\/posts\/717","targetHints":{"allow":["GET"]}}],"collection":[{"href":"https:\/\/www.ljusnaren.se\/index.php\/wp-json\/wp\/v2\/posts"}],"about":[{"href":"https:\/\/www.ljusnaren.se\/index.php\/wp-json\/wp\/v2\/types\/post"}],"author":[{"embeddable":true,"href":"https:\/\/www.ljusnaren.se\/index.php\/wp-json\/wp\/v2\/users\/1"}],"replies":[{"embeddable":true,"href":"https:\/\/www.ljusnaren.se\/index.php\/wp-json\/wp\/v2\/comments?post=717"}],"version-history":[{"count":2,"href":"https:\/\/www.ljusnaren.se\/index.php\/wp-json\/wp\/v2\/posts\/717\/revisions"}],"predecessor-version":[{"id":720,"href":"https:\/\/www.ljusnaren.se\/index.php\/wp-json\/wp\/v2\/posts\/717\/revisions\/720"}],"wp:featuredmedia":[{"embeddable":true,"href":"https:\/\/www.ljusnaren.se\/index.php\/wp-json\/wp\/v2\/media\/718"}],"wp:attachment":[{"href":"https:\/\/www.ljusnaren.se\/index.php\/wp-json\/wp\/v2\/media?parent=717"}],"wp:term":[{"taxonomy":"category","embeddable":true,"href":"https:\/\/www.ljusnaren.se\/index.php\/wp-json\/wp\/v2\/categories?post=717"},{"taxonomy":"post_tag","embeddable":true,"href":"https:\/\/www.ljusnaren.se\/index.php\/wp-json\/wp\/v2\/tags?post=717"}],"curies":[{"name":"wp","href":"https:\/\/api.w.org\/{rel}","templated":true}]}}