{"id":730,"date":"2025-02-02T13:51:25","date_gmt":"2025-02-02T13:51:25","guid":{"rendered":"https:\/\/www.ljusnaren.se\/?p=730"},"modified":"2025-04-27T18:46:20","modified_gmt":"2025-04-27T18:46:20","slug":"1842-07-24","status":"publish","type":"post","link":"https:\/\/www.ljusnaren.se\/index.php\/2025\/02\/02\/1842-07-24\/","title":{"rendered":"1842-07-24"},"content":{"rendered":"\n<p>En fattig arbetare fr\u00e5n R\u00e4v\u00e5la ligger hos en \u00e4nka vid S\u00f6dra H\u00f6rken f\u00f6r v\u00e5rd av sin sv\u00e5ra sjukdom. \u00c4nkan beh\u00f6ver socknens st\u00f6d att ta hand om den drabbade.<\/p>\n\n\n\n<h3 class=\"wp-block-heading\">\u00c5r 1842 den 24:e julii h\u00f6lls allm\u00e4n sockenst\u00e4mma med Ljusnarsbergs f\u00f6rsamling efter d\u00e4rom skedd laglig p\u00e5lysning och tillk\u00e4nnagivande av \u00e4mnena f\u00f6r \u00f6verl\u00e4ggningen.<\/h3>\n\n\n\n<p><em>\u00a71. Hemmans\u00e4garen Erik Persson Lax vid Stora L\u00f6fskogen hade hos f\u00f6rsamlingens pastor anm\u00e4lt sin \u00f6nskan att f\u00e5 hos sig l\u00e5ta mantalsskriva och i f\u00f6rsamlingens f\u00f6rh\u00f6rsbok anteckna gifte dr\u00e4ngen Jan Hindric Jansson med hustru och ett barn fr\u00e5n socken. D\u00e5 f\u00f6rsamlingens ledam\u00f6ter nu tillspordes om de d\u00e4rtill vilja l\u00e4mna sitt bifall svarades att de d\u00e4remot icke hade n\u00e5got att inv\u00e4nda, s\u00e5 framt Erik Persson Lax uppfyller villkoret f\u00f6r s\u00e5dana personers inflyttande i f\u00f6rsamlingen, som 4:e Mom 1\u00a7 av det g\u00e4llande reglemente f\u00f6r fattigv\u00e5rden f\u00f6reskriver.<\/em><\/p>\n\n\n\n<p><br><em>\u00a72. Pastor anm\u00e4lde att Jan Nilssons \u00e4nka fr\u00e5n S\u00f6dra H\u00f6rken en l\u00e4ngre till v\u00e5rd utav en sv\u00e5r sjukdom s\u00e4ngliggande hos sin m\u00e5g, en fattig arbetare vid vid R\u00e4v\u00e5la, Grang\u00e4rde socken och som hennes sjukdom \u00e4nnu (\u2026) erh\u00e5llen l\u00e4karv\u00e5rd icke blott fortg\u00e5r utan snarare tyckes f\u00f6rv\u00e4rras, tillsporde sockenm\u00e4nnen vad utv\u00e4g borde tagas med ifr\u00e5gavarande \u00e4nka &#8211; f\u00f6rsamlingen besl\u00f6t att l\u00e4mna henne en tillf\u00e4llig hj\u00e4lp best\u00e5ende av 4 Rd Banco och d\u00e5 dessa medel avs\u00e5g b\u00f6r utg\u00e5 fr\u00e5n fattigkassan, blivo de nu det f\u00f6rsamlingens pastor i sockenm\u00e4nnens n\u00e4rvaro till herr Carl Jansson vid R\u00e5linmossen(?) utbetalte.<\/em> <em>Vad detta tillf\u00e4lle utl\u00e4mnade \u00e4ven av f\u00f6rsamlingens fattigkassa till Eric Olsson i Salbofall 1 Rd Banco f\u00f6r Eric Persson i Vintermossen vilken anm\u00e4ldes utav behov av n\u00e5got underst\u00f6d, \u00e4ven s\u00e5ledes besl\u00f6ts att dessa personer borde vid den i h\u00f6st skeende fattigregleringen erh\u00e5lla anslag av f\u00f6rsamlingens fattigv\u00e5rdskassa.<\/em><\/p>\n\n\n\n<p><br><em>\u00a73. Skolm\u00e4staren Jan Nilsson fr\u00e5n Yxsj\u00f6n hade inl\u00e4mnat en r\u00e4kning \u00f6ver fattiga barns undervisning uppg\u00e5ende till 1 Rd 28 B Banco, som godk\u00e4ndes till betalning av skolfonden.<\/em><\/p>\n\n\n\n<p><em>S\u00e5lunda beslutat, uppl\u00e4st och erk\u00e4nt intyga \u00e5 f\u00f6rsamlingens v\u00e4gnar,<br>J.D Westholm Ordf\u00f6rande, pastor.<br>Erik Pehrsson i Wiken<br>Eric Persson vid Vintermossen<\/em><\/p>\n\n\n\n<p><\/p>\n","protected":false},"excerpt":{"rendered":"<p>En fattig arbetare fr\u00e5n R\u00e4v\u00e5la ligger hos en \u00e4nka vid S\u00f6dra H\u00f6rken f\u00f6r v\u00e5rd av sin sv\u00e5ra sjukdom. \u00c4nkan beh\u00f6ver socknens st\u00f6d att ta hand om den drabbade. \u00c5r 1842 den 24:e julii h\u00f6lls allm\u00e4n sockenst\u00e4mma med Ljusnarsbergs f\u00f6rsamling efter d\u00e4rom skedd laglig p\u00e5lysning och tillk\u00e4nnagivande av \u00e4mnena f\u00f6r \u00f6verl\u00e4ggningen. \u00a71. Hemmans\u00e4garen Erik Persson Lax [&hellip;]<\/p>\n","protected":false},"author":1,"featured_media":427,"comment_status":"closed","ping_status":"closed","sticky":false,"template":"","format":"standard","meta":{"footnotes":""},"categories":[132,24,21],"tags":[161,158,138,157,95,162,160,159],"class_list":["post-730","post","type-post","status-publish","format-standard","has-post-thumbnail","hentry","category-132","category-sjukdom","category-sockenstammoprotokoll","tag-lax","tag-ravala","tag-salbofall","tag-sjukdom","tag-sodra-horken","tag-stora-lovskogen","tag-vintermossen","tag-yxsjon"],"_links":{"self":[{"href":"https:\/\/www.ljusnaren.se\/index.php\/wp-json\/wp\/v2\/posts\/730","targetHints":{"allow":["GET"]}}],"collection":[{"href":"https:\/\/www.ljusnaren.se\/index.php\/wp-json\/wp\/v2\/posts"}],"about":[{"href":"https:\/\/www.ljusnaren.se\/index.php\/wp-json\/wp\/v2\/types\/post"}],"author":[{"embeddable":true,"href":"https:\/\/www.ljusnaren.se\/index.php\/wp-json\/wp\/v2\/users\/1"}],"replies":[{"embeddable":true,"href":"https:\/\/www.ljusnaren.se\/index.php\/wp-json\/wp\/v2\/comments?post=730"}],"version-history":[{"count":4,"href":"https:\/\/www.ljusnaren.se\/index.php\/wp-json\/wp\/v2\/posts\/730\/revisions"}],"predecessor-version":[{"id":734,"href":"https:\/\/www.ljusnaren.se\/index.php\/wp-json\/wp\/v2\/posts\/730\/revisions\/734"}],"wp:featuredmedia":[{"embeddable":true,"href":"https:\/\/www.ljusnaren.se\/index.php\/wp-json\/wp\/v2\/media\/427"}],"wp:attachment":[{"href":"https:\/\/www.ljusnaren.se\/index.php\/wp-json\/wp\/v2\/media?parent=730"}],"wp:term":[{"taxonomy":"category","embeddable":true,"href":"https:\/\/www.ljusnaren.se\/index.php\/wp-json\/wp\/v2\/categories?post=730"},{"taxonomy":"post_tag","embeddable":true,"href":"https:\/\/www.ljusnaren.se\/index.php\/wp-json\/wp\/v2\/tags?post=730"}],"curies":[{"name":"wp","href":"https:\/\/api.w.org\/{rel}","templated":true}]}}