{"id":735,"date":"2025-02-02T14:25:26","date_gmt":"2025-02-02T14:25:26","guid":{"rendered":"https:\/\/www.ljusnaren.se\/?p=735"},"modified":"2025-04-27T18:46:20","modified_gmt":"2025-04-27T18:46:20","slug":"1842-09-04","status":"publish","type":"post","link":"https:\/\/www.ljusnaren.se\/index.php\/2025\/02\/02\/1842-09-04\/","title":{"rendered":"1842-09-04"},"content":{"rendered":"\n<p>\u00c4nkemannen Per Jansson och hans m\u00e5g Peter Ersson med familj vid Sj\u00f6fallet har drabbats av brand den 19:e augusti samma \u00e5r och huset och l\u00f6s\u00f6ret \u00e4r borta. De n\u00f6dst\u00e4llda s\u00f6ker st\u00f6d vilket f\u00f6ranleder funderingar i sockenst\u00e4mman om hur vilka brandst\u00f6d som egentligen \u00e4r ber\u00e4ttigade till st\u00f6d&#8230; <\/p>\n\n\n\n<h3 class=\"wp-block-heading\">\u00c5r 1842 den 4:e september h\u00f6lls allm\u00e4n sockenst\u00e4mma med Ljusnarsbergs f\u00f6rsamling efter d\u00e4rom lag till skedd kung\u00f6relse fr\u00e5n predikstolen med tillk\u00e4nnagivande av \u00e4mnena f\u00f6r \u00f6verl\u00e4ggningen.<\/h3>\n\n\n\n<p><em>\u00a71. Tillk\u00e4nnagavs att backstugesittaren Per Jansson och dess m\u00e5g Jan Peter Ersson vid Sj\u00f6fallet hade genom v\u00e5deld den 19:e augusti, f\u00f6rlorat j\u00e4mte bostad, n\u00e4stan all sin l\u00f6sa egendom och uppl\u00e4stes en av n\u00e4mndemannen Anders Andersson i K\u00f6rartorp f\u00f6rr\u00e4ttad uppskattning, enligt vilken v\u00e4rdet av det som vid detta olyckliga tillf\u00e4lle blivit l\u00e5gornas rov, utgjorde tillika med stugutbyggningen, 416 Rd Banco, varj\u00e4mte de brandskadade anh\u00f6ll att av f\u00f6rsamlingen erh\u00e5lla n\u00e5gon hj\u00e4lp i deras n\u00f6dst\u00e4llda bel\u00e4genhet.<\/em><\/p>\n\n\n\n<p><em>F\u00f6rsamlingens n\u00e4rvarande ledam\u00f6ter f\u00f6rklarade sig visserligen villiga att efter f\u00f6rm\u00e5ga bispringa dessa olyckliga, men ans\u00e5g sig likv\u00e4l f\u00f6rst b\u00f6ra \u00f6verenskomma om vissa grunder varefter dessa och dylika brandskador vilka brandst\u00f6d ej \u00e4ro ber\u00e4ttigade, av f\u00f6rsamlingen b\u00f6ra underst\u00f6djas. I anledning h\u00e4r av (\u2026) sockenm\u00e4nnen efter n\u00e5gon \u00f6verl\u00e4ggning i f\u00f6ljande beslut: Den eller de, vilka enligt brandst\u00f6dsf\u00f6reningen ej \u00e4ro till brandst\u00f6d ber\u00e4ttigade, men genom v\u00e5deld f\u00f6rlorat st\u00f6rre eller mindre del av sin egendom, tillkalla tv\u00e5 bofasta oj\u00e4viga gode m\u00e4n vilka h\u00e5lla uppskattning \u00e5 det som genom v\u00e5delden blivit f\u00f6rst\u00f6rt. Denna uppskattning f\u00f6rel\u00e4ggs sedan f\u00f6r f\u00f6rsamlingen i allm\u00e4nna sockenst\u00e4mma f\u00f6r att d\u00e4refter granskas och av tvenne ledam\u00f6ter, dem f\u00f6rsamlingen v\u00e4ljer, och sedan upplyst blivit att v\u00e5delden icke genom n\u00e5gon v\u00e5rdsl\u00f6shet eller of\u00f6rsiktighet uppkommit, erh\u00e5ller den brandskadade av f\u00f6rsamlingens byggnadskassa 30 procent av det uppskattade och av f\u00f6rsamlingen godk\u00e4nda v\u00e4rdet \u00e4r. Med avseende \u00e5 den eldsv\u00e5da som nu \u00f6verg\u00e5tt Per Jansson och hans m\u00e5g vid Sj\u00f6fallet besl\u00f6ts att det uppr\u00e4ttades uppskattningsinstrumentet av herr inspektor Bergman p\u00e5 Stjernfors och n\u00e4mndeman Eric Persson i Viken n\u00e4rmare granskas, varefter f\u00f6rsamlingen i n\u00e4stblivande sockenst\u00e4mma som nu utsatts att h\u00e5llas d 25:e i denna m\u00e5nad, ville best\u00e4mma beloppet av det underst\u00f6d som ifr\u00e5gavarande brandskadade skulle erh\u00e5lla.<\/em><\/p>\n\n\n\n<p><em><br>\u00a72. Undertecknad ordf\u00f6rande att enligt uppgift av bev\u00e4rdiga personer landbonden Anders Janssons vid Gustafsdahl dotter Maja Cajsa p\u00e5 nytt blivit sinnessvag och till den grad v\u00e5ldsam att hon st\u00e4ndigt m\u00e5ste bevakas av tv\u00e5 eller tre handfasta personer. En\u00e4r hon s\u00e5ledes vore per den allm\u00e4nna s\u00e4kerheten h\u00f6gst v\u00e5dlig f\u00f6reslog undertecknad att hon hos h\u00f6ga Landsh\u00f6vdinge\u00e4mbetet i \u00d6rebro g\u00f6ra ans\u00f6kan om patientens intagande \u00e5 l\u00e4nslasarettet f\u00f6r underg\u00e5ende av provkur samt i h\u00e4ndelse hennes sinnesrubbning skulle befinnas obotlig, i \u00f6dmjukhet anh\u00e5lla att hon m\u00e5tte f\u00e5 intagas p\u00e5 n\u00e5gon hospitalsinr\u00e4ttning. F\u00f6rsamlingen antog enh\u00e4lligt detta f\u00f6rslag och besl\u00f6t att en\u00e4r Anders Jansson befunne sig uti knappa omst\u00e4ndigheter skulle omkostnaderna f\u00f6r provkuren och inl\u00f6sandet \u00e5 hospitalet bestridas av f\u00f6rsamlingens byggnadskassa likv\u00e4l skulle det \u00e5ligga Anders Jansson att sj\u00e4lv beskosta hennes skjuts till lasarettet.<\/em><\/p>\n\n\n\n<p><br><em>Sedan s\u00e5lunda blivit av f\u00f6rsamlingen \u00f6verenskommit och beslutat framst\u00e4lldes punkt f\u00f6r punkt till besvarande av fr\u00e5gor vilka uti Landsh\u00f6vdinge\u00e4mbetets kung\u00f6relse nr 59 av den 24:e mars 1836 inneh\u00e5lles och antecknades svaren s\u00e5 lydande:<\/em><\/p>\n\n\n\n<ol class=\"wp-block-list\">\n<li><em>Att den sjuka heter Maria Catharina Andersdotter<\/em><\/li>\n\n\n\n<li><em>Att hon \u00e4r f\u00f6dd 1810 den 9:e september  Ljusnarsberg<\/em><\/li>\n\n\n\n<li><em>Att dess f\u00f6r\u00e4ldrar \u00e4ro Lb Anders Jansson och dess hustru Anna Hansdotter vid Gustafsdahl. De befinna sig i knappa villkor idka kolning och jordbruk.<\/em><\/li>\n\n\n\n<li><em>Att bem\u00e4lte Maja Catharina har f\u00f6r det mesta vistats inom f\u00f6r\u00e4ldrahuset och har i sitt friska tillst\u00e5nd deltagit ut den arbetande klassens s\u00e5 inom- som utomhus f\u00f6refallande g\u00f6rom\u00e5l<\/em>.<\/li>\n\n\n\n<li><em>Att varken hennes f\u00f6r\u00e4ldrar eller eller syskon hava varit eller \u00e4ro sjukliga.<\/em><\/li>\n\n\n\n<li><em>Hennes sinnessjukdom b\u00f6rjade 1825 eller just efter hennes f\u00f6rsta nattvardsg\u00e5ng, och yttrade sig f\u00f6rst s\u00e5som en sv\u00e5r \u00e4ngslan. Detta tillst\u00e5nd av \u00e4ngslan fortvarade till en b\u00f6rjan omkring tvenne \u00e5r; Upph\u00f6rde d\u00e4refter f\u00f6r n\u00e5gon tid &#8211; men \u00e5terkom tidfals och varade \u00e4n en l\u00e4ngre \u00e4n en kortare tid. \u00c5r 1839 f\u00f6regick hennes sinnessjukdom till verklig galenskap, varf\u00f6r hon i maj m\u00e5nad samma \u00e5r ins\u00e4ndes till l\u00e4nslasarettet och efter d\u00e4rst\u00e4des genomg\u00e5ngen provkur hemkom n\u00e5gorlunda f\u00f6rb\u00e4ttrad. S\u00e5som tillf\u00f6rene har hon dock understundom varit besv\u00e4rad av en sv\u00e5r \u00e4ngslan tills hon den 22:a den nyss f\u00f6rflutna augusti angreps av verklig galenskap. Sedan dess har hon blott haft n\u00e5gra \u00f6gonblicks redighet.<\/em><\/li>\n\n\n\n<li><em>Att modern under sitt havandetillst\u00e5nd med patienten varit fullkomligt frisk och ej s\u00e5vitt hon kunde minnas, varit utsatt f\u00f6r n\u00e5gra h\u00e4ftiga sinnesr\u00f6relser.<\/em><\/li>\n\n\n\n<li><em>Att hon fr\u00e5n barndomen haft svagt br\u00f6st och stundom besv\u00e4rats av huvudv\u00e4rk.<\/em><\/li>\n\n\n\n<li><em>Att hon icke gjort sig k\u00e4nd f\u00f6r n\u00e5gon slags liderlighet utan alltid f\u00f6rt en stilla och \u00e4rbar levnad.<\/em><\/li>\n\n\n\n<li><em>N\u00e5gon orsak till hennes sinnesrubbning kunde icke best\u00e4mt uppgivas. Dock funnes anledningar till den f\u00f6rmodan att hon lidit av starkt beg\u00e4r efter k\u00e4rleksnjutningar, varemot ingen anledning f\u00f6rekommit att hon p\u00e5 ett eller annat s\u00e4tt tillfredsst\u00e4llt detta beg\u00e4r. Men har \u00e5tnjutit en efter sitt st\u00e5nd, god och kristlig uppfostran och blivit s\u00e5 v\u00e4l av sina f\u00f6r\u00e4ldrar som syskon med \u00f6mhet och v\u00e4lvilja omfattad.<\/em><\/li>\n\n\n\n<li><em>Att hon i sitt friska tillst\u00e5nd \u00e4gde n\u00e5gorlunda f\u00f6rsvarlig kristendomskunskap och ordentligen begagnade n\u00e5demedlen. N\u00e5got religionsvurmeri har icke hos henne f\u00f6rm\u00e4rkas.<\/em><\/li>\n\n\n\n<li><em>I avseende p\u00e5 de, uti denna punkt f\u00f6rekommande fr\u00e5gor, vore intet anm\u00e4rka om icke det att hon under sin sinnesf\u00f6rvirring visat sig mycket f\u00f6rbittrad emot sina f\u00f6r\u00e4ldrar.<\/em><\/li>\n\n\n\n<li><em>Att den sjuka aldrig varit anklagad eller misst\u00e4nkt f\u00f6r n\u00e5got brott<\/em>.<\/li>\n\n\n\n<li><em>Att hon f\u00f6r 3 \u00e5r sedan p\u00e5 l\u00e4nslasarettet i \u00d6rebro underg\u00e5tt provkur. och efter 6 a 8 veckors vistande d\u00e4rst\u00e4des \u00e5terkom hon till hemmet n\u00e5gorlunda redig till sina sinnen.<\/em><\/li>\n\n\n\n<li><em>Att det nu intr\u00e4ffade utbrottet av hennes sinnessvaghet f\u00f6rh\u00e5ller sig p\u00e5 enahanda s\u00e4tt, som sin provkurens underg\u00e5ende 1839 likasom tillf\u00f6rene har hon sedan dess, stundom varit betagen \u00e4ven sv\u00e5r \u00e4ngslan, klagat \u00f6ver v\u00e4rk i br\u00f6st och huvud. Vid det nya anfallet av galenskap har p\u00e5 patienten \u00e5dern blivit \u00f6ppnad varav dock ingen f\u00f6rb\u00e4ttring m\u00e4rkts.<\/em><\/li>\n<\/ol>\n\n\n\n<p><em>Patienten saknar f\u00f6r n\u00e4rvarande all tillg\u00e5ng att sj\u00e4lv kunna bekosta sitt vistande p\u00e5 lasarettet och d\u00e5 f\u00f6r\u00e4ldrarna \u00e4ro fattigt landbondefolk, torde ej inom framtiden vara n\u00e5got arv efter dem att p\u00e5r\u00e4kna.<\/em><\/p>\n\n\n\n<p><em>\u00a73. Comminister Strandell anm\u00e4lde behovet av nya f\u00f6nsters ins\u00e4ttande i den mindre manbyggningen uti Capellang\u00e5rden vilket och nu av f\u00f6rsamlingen<\/em> vidg\u00e5s.<\/p>\n\n\n\n<p><em>S\u00e5lunda \u00f6verenskommet och beslutat, uppl\u00e4st och erk\u00e4nt betyga \u00e5 f\u00f6rsamlingens v\u00e4gnar,<br>J.D Westholm Ordf\u00f6rande, pastor.<br>Erik Pehrsson<br>Eric Jansson<br>A. Magnusson<\/em><\/p>\n","protected":false},"excerpt":{"rendered":"<p>\u00c4nkemannen Per Jansson och hans m\u00e5g Peter Ersson med familj vid Sj\u00f6fallet har drabbats av brand den 19:e augusti samma \u00e5r och huset och l\u00f6s\u00f6ret \u00e4r borta. De n\u00f6dst\u00e4llda s\u00f6ker st\u00f6d vilket f\u00f6ranleder funderingar i sockenst\u00e4mman om hur vilka brandst\u00f6d som egentligen \u00e4r ber\u00e4ttigade till st\u00f6d&#8230; \u00c5r 1842 den 4:e september h\u00f6lls allm\u00e4n sockenst\u00e4mma med [&hellip;]<\/p>\n","protected":false},"author":1,"featured_media":738,"comment_status":"closed","ping_status":"closed","sticky":false,"template":"","format":"standard","meta":{"footnotes":""},"categories":[132,26,24,21],"tags":[163,166,165,91,167,164],"class_list":["post-735","post","type-post","status-publish","format-standard","has-post-thumbnail","hentry","category-132","category-brand","category-sjukdom","category-sockenstammoprotokoll","tag-galenskap","tag-gustafsdahl","tag-korartorp","tag-orebro-lasarett","tag-sinnesrubbning","tag-sjofallet"],"_links":{"self":[{"href":"https:\/\/www.ljusnaren.se\/index.php\/wp-json\/wp\/v2\/posts\/735","targetHints":{"allow":["GET"]}}],"collection":[{"href":"https:\/\/www.ljusnaren.se\/index.php\/wp-json\/wp\/v2\/posts"}],"about":[{"href":"https:\/\/www.ljusnaren.se\/index.php\/wp-json\/wp\/v2\/types\/post"}],"author":[{"embeddable":true,"href":"https:\/\/www.ljusnaren.se\/index.php\/wp-json\/wp\/v2\/users\/1"}],"replies":[{"embeddable":true,"href":"https:\/\/www.ljusnaren.se\/index.php\/wp-json\/wp\/v2\/comments?post=735"}],"version-history":[{"count":2,"href":"https:\/\/www.ljusnaren.se\/index.php\/wp-json\/wp\/v2\/posts\/735\/revisions"}],"predecessor-version":[{"id":740,"href":"https:\/\/www.ljusnaren.se\/index.php\/wp-json\/wp\/v2\/posts\/735\/revisions\/740"}],"wp:featuredmedia":[{"embeddable":true,"href":"https:\/\/www.ljusnaren.se\/index.php\/wp-json\/wp\/v2\/media\/738"}],"wp:attachment":[{"href":"https:\/\/www.ljusnaren.se\/index.php\/wp-json\/wp\/v2\/media?parent=735"}],"wp:term":[{"taxonomy":"category","embeddable":true,"href":"https:\/\/www.ljusnaren.se\/index.php\/wp-json\/wp\/v2\/categories?post=735"},{"taxonomy":"post_tag","embeddable":true,"href":"https:\/\/www.ljusnaren.se\/index.php\/wp-json\/wp\/v2\/tags?post=735"}],"curies":[{"name":"wp","href":"https:\/\/api.w.org\/{rel}","templated":true}]}}